{"id":8611,"date":"2025-04-26T06:54:20","date_gmt":"2025-04-26T06:54:20","guid":{"rendered":"https:\/\/blogsaverroes.juntadeandalucia.es\/iesaxati\/?p=8611"},"modified":"2025-04-26T06:54:20","modified_gmt":"2025-04-26T06:54:20","slug":"mercadillo-solidario-de-libros-usados","status":"publish","type":"post","link":"https:\/\/blogsaverroes.juntadeandalucia.es\/iesaxati\/?p=8611","title":{"rendered":"Mercadillo solidario de libros usados"},"content":{"rendered":"<p>Un a\u00f1o m\u00e1s celebramos el <em>Mercadillo solidario de libros usados que tendr\u00e1 lugar <\/em>desde el <em>21 <\/em>al 30 de abril. Esta actividad est\u00e1 organizada por el departamento de Lengua Castellana y Literatura y Religi\u00f3n. El dinero recaudado se entregar\u00e1 a la Asociaci\u00f3n contra el c\u00e1ncer de Lora del R\u00edo. Nuestros alumnos apoyan esta actividad solidaria.<\/p>\n<p><img fetchpriority=\"high\" decoding=\"async\" class=\"alignnone size-large wp-image-8616\" src=\"https:\/\/blogsaverroes.juntadeandalucia.es\/iesaxati\/files\/2025\/04\/WhatsApp-Image-2025-04-21-at-13.43.14-1024x709.png\" alt=\"\" width=\"1024\" height=\"709\"><\/p>\n<p><img decoding=\"async\" class=\"alignnone size-large wp-image-8617\" src=\"https:\/\/blogsaverroes.juntadeandalucia.es\/iesaxati\/files\/2025\/04\/1-1024x796.png\" alt=\"\" width=\"1024\" height=\"796\" srcset=\"https:\/\/blogsaverroes.juntadeandalucia.es\/iesaxati\/files\/2025\/04\/1-1024x796.png 1024w, https:\/\/blogsaverroes.juntadeandalucia.es\/iesaxati\/files\/2025\/04\/1-300x233.png 300w, https:\/\/blogsaverroes.juntadeandalucia.es\/iesaxati\/files\/2025\/04\/1-768x597.png 768w, https:\/\/blogsaverroes.juntadeandalucia.es\/iesaxati\/files\/2025\/04\/1.png 1152w\" sizes=\"(max-width: 1024px) 100vw, 1024px\" \/><\/p>\n<p>&nbsp;&nbsp;<img decoding=\"async\" class=\"alignnone size-large wp-image-8614\" src=\"https:\/\/blogsaverroes.juntadeandalucia.es\/iesaxati\/files\/2025\/04\/WhatsApp-Image-2025-04-21-at-10.28.50-1024x576.jpeg\" alt=\"\" width=\"1024\" height=\"576\" srcset=\"https:\/\/blogsaverroes.juntadeandalucia.es\/iesaxati\/files\/2025\/04\/WhatsApp-Image-2025-04-21-at-10.28.50-1024x576.jpeg 1024w, https:\/\/blogsaverroes.juntadeandalucia.es\/iesaxati\/files\/2025\/04\/WhatsApp-Image-2025-04-21-at-10.28.50-300x169.jpeg 300w, https:\/\/blogsaverroes.juntadeandalucia.es\/iesaxati\/files\/2025\/04\/WhatsApp-Image-2025-04-21-at-10.28.50-768x432.jpeg 768w, https:\/\/blogsaverroes.juntadeandalucia.es\/iesaxati\/files\/2025\/04\/WhatsApp-Image-2025-04-21-at-10.28.50-1536x864.jpeg 1536w, https:\/\/blogsaverroes.juntadeandalucia.es\/iesaxati\/files\/2025\/04\/WhatsApp-Image-2025-04-21-at-10.28.50.jpeg 1600w\" sizes=\"(max-width: 1024px) 100vw, 1024px\" \/> <img loading=\"lazy\" decoding=\"async\" class=\"alignnone size-large wp-image-8615\" src=\"https:\/\/blogsaverroes.juntadeandalucia.es\/iesaxati\/files\/2025\/04\/WhatsApp-Image-2025-04-21-at-10.28.49-1024x576.jpeg\" alt=\"\" width=\"1024\" height=\"576\" srcset=\"https:\/\/blogsaverroes.juntadeandalucia.es\/iesaxati\/files\/2025\/04\/WhatsApp-Image-2025-04-21-at-10.28.49-1024x576.jpeg 1024w, https:\/\/blogsaverroes.juntadeandalucia.es\/iesaxati\/files\/2025\/04\/WhatsApp-Image-2025-04-21-at-10.28.49-300x169.jpeg 300w, https:\/\/blogsaverroes.juntadeandalucia.es\/iesaxati\/files\/2025\/04\/WhatsApp-Image-2025-04-21-at-10.28.49-768x432.jpeg 768w, https:\/\/blogsaverroes.juntadeandalucia.es\/iesaxati\/files\/2025\/04\/WhatsApp-Image-2025-04-21-at-10.28.49-1536x864.jpeg 1536w, https:\/\/blogsaverroes.juntadeandalucia.es\/iesaxati\/files\/2025\/04\/WhatsApp-Image-2025-04-21-at-10.28.49.jpeg 1600w\" sizes=\"(max-width: 1024px) 100vw, 1024px\" \/><\/p>\n","protected":false},"excerpt":{"rendered":"<p>Un a\u00f1o m\u00e1s celebramos el Mercadillo solidario de libros usados que tendr\u00e1 lugar desde el 21 al 30 de abril. Esta actividad est\u00e1 organizada por el departamento de Lengua Castellana y Literatura y Religi\u00f3n.&#46;&#46;&#46;<\/p>\n","protected":false},"author":7453,"featured_media":8621,"comment_status":"closed","ping_status":"open","sticky":false,"template":"","format":"standard","meta":{"ngg_post_thumbnail":0,"footnotes":""},"categories":[25505,1865626],"tags":[],"aioseo_notices":[],"_links":{"self":[{"href":"https:\/\/blogsaverroes.juntadeandalucia.es\/iesaxati\/index.php?rest_route=\/wp\/v2\/posts\/8611"}],"collection":[{"href":"https:\/\/blogsaverroes.juntadeandalucia.es\/iesaxati\/index.php?rest_route=\/wp\/v2\/posts"}],"about":[{"href":"https:\/\/blogsaverroes.juntadeandalucia.es\/iesaxati\/index.php?rest_route=\/wp\/v2\/types\/post"}],"author":[{"embeddable":true,"href":"https:\/\/blogsaverroes.juntadeandalucia.es\/iesaxati\/index.php?rest_route=\/wp\/v2\/users\/7453"}],"replies":[{"embeddable":true,"href":"https:\/\/blogsaverroes.juntadeandalucia.es\/iesaxati\/index.php?rest_route=%2Fwp%2Fv2%2Fcomments&post=8611"}],"version-history":[{"count":1,"href":"https:\/\/blogsaverroes.juntadeandalucia.es\/iesaxati\/index.php?rest_route=\/wp\/v2\/posts\/8611\/revisions"}],"predecessor-version":[{"id":8622,"href":"https:\/\/blogsaverroes.juntadeandalucia.es\/iesaxati\/index.php?rest_route=\/wp\/v2\/posts\/8611\/revisions\/8622"}],"wp:featuredmedia":[{"embeddable":true,"href":"https:\/\/blogsaverroes.juntadeandalucia.es\/iesaxati\/index.php?rest_route=\/wp\/v2\/media\/8621"}],"wp:attachment":[{"href":"https:\/\/blogsaverroes.juntadeandalucia.es\/iesaxati\/index.php?rest_route=%2Fwp%2Fv2%2Fmedia&parent=8611"}],"wp:term":[{"taxonomy":"category","embeddable":true,"href":"https:\/\/blogsaverroes.juntadeandalucia.es\/iesaxati\/index.php?rest_route=%2Fwp%2Fv2%2Fcategories&post=8611"},{"taxonomy":"post_tag","embeddable":true,"href":"https:\/\/blogsaverroes.juntadeandalucia.es\/iesaxati\/index.php?rest_route=%2Fwp%2Fv2%2Ftags&post=8611"}],"curies":[{"name":"wp","href":"https:\/\/api.w.org\/{rel}","templated":true}]}}