{"id":8623,"date":"2025-04-27T19:10:38","date_gmt":"2025-04-27T19:10:38","guid":{"rendered":"https:\/\/blogsaverroes.juntadeandalucia.es\/iesaxati\/?p=8623"},"modified":"2025-04-27T19:10:38","modified_gmt":"2025-04-27T19:10:38","slug":"convocatoria-extraordinaria-erasmus-muevete","status":"publish","type":"post","link":"https:\/\/blogsaverroes.juntadeandalucia.es\/iesaxati\/?p=8623","title":{"rendered":"Convocatoria Extraordinaria ERASMUS+ MUEVET\u00c9"},"content":{"rendered":"<p>Se convocan 10 plazas Erasmus+ para la realizaci\u00f3n de pr\u00e1cticas dirigidas al alumnado de 1\u00ba y 2\u00ba curso de FP Grado Medio de todas las especialidades.<\/p>\n<div id=\":z6\" class=\"ii gt\">\n<div id=\":z5\" class=\"a3s aiL \">\n<div dir=\"ltr\">\n<div>&nbsp;<\/div>\n<div>Las movilidades tendr\u00e1n una duraci\u00f3n de 15 d\u00edas y se realizar\u00e1n en el mes de julio (aproximadamente en la primera quincena) en ITALIA.<\/div>\n<div>&nbsp;<\/div>\n<div>El alumnado interesado debe solicitarlo en el siguiente enlace:<\/div>\n<div><a href=\"https:\/\/forms.gle\/Up7QPYwsvfb1v6GU6\" target=\"_blank\" rel=\"noopener\" data-saferedirecturl=\"https:\/\/www.google.com\/url?q=https:\/\/forms.gle\/Up7QPYwsvfb1v6GU6&amp;source=gmail&amp;ust=1745866789560000&amp;usg=AOvVaw3_6dfwWIPtxuPyqTKHISny\">Enlace al formulario<\/a><\/div>\n<div>&nbsp;<\/div>\n<div>Tambi\u00e9n deber\u00e1 entregar la siguiente Solicitud firmada al coordinador erasmus del centro.<\/div>\n<div><a href=\"https:\/\/drive.google.com\/file\/d\/1YSvHS3ZCiNWm6HS-H72fIubNvG6i_44A\/view?usp=sharing\" target=\"_blank\" rel=\"noopener\" data-saferedirecturl=\"https:\/\/www.google.com\/url?q=https:\/\/drive.google.com\/file\/d\/1YSvHS3ZCiNWm6HS-H72fIubNvG6i_44A\/view?usp%3Dsharing&amp;source=gmail&amp;ust=1745866789560000&amp;usg=AOvVaw0F69TohhmCs9m1s4MPtBqQ\">Enlace a la solicitud<\/a><\/div>\n<div>&nbsp;<\/div>\n<div>Plazo de entrega, 10 de mayo de 2025<\/div>\n<div>&nbsp;<\/div>\n<div>Departamento Erasmus<\/div>\n<div>Juan Carlos Garc\u00eda<\/div>\n<\/div>\n<div class=\"yj6qo\">&nbsp;<\/div>\n<div class=\"adL\">&nbsp;<\/div>\n<\/div>\n<\/div>\n<div id=\":10f\" class=\"hq gt\">&nbsp;<\/div>\n","protected":false},"excerpt":{"rendered":"<p>Se convocan 10 plazas Erasmus+ para la realizaci\u00f3n de pr\u00e1cticas dirigidas al alumnado de 1\u00ba y 2\u00ba curso de FP Grado Medio de todas las especialidades. &nbsp; Las movilidades tendr\u00e1n una duraci\u00f3n de 15&#46;&#46;&#46;<\/p>\n","protected":false},"author":7453,"featured_media":8624,"comment_status":"closed","ping_status":"open","sticky":false,"template":"","format":"standard","meta":{"ngg_post_thumbnail":0,"footnotes":""},"categories":[1197886],"tags":[],"aioseo_notices":[],"_links":{"self":[{"href":"https:\/\/blogsaverroes.juntadeandalucia.es\/iesaxati\/index.php?rest_route=\/wp\/v2\/posts\/8623"}],"collection":[{"href":"https:\/\/blogsaverroes.juntadeandalucia.es\/iesaxati\/index.php?rest_route=\/wp\/v2\/posts"}],"about":[{"href":"https:\/\/blogsaverroes.juntadeandalucia.es\/iesaxati\/index.php?rest_route=\/wp\/v2\/types\/post"}],"author":[{"embeddable":true,"href":"https:\/\/blogsaverroes.juntadeandalucia.es\/iesaxati\/index.php?rest_route=\/wp\/v2\/users\/7453"}],"replies":[{"embeddable":true,"href":"https:\/\/blogsaverroes.juntadeandalucia.es\/iesaxati\/index.php?rest_route=%2Fwp%2Fv2%2Fcomments&post=8623"}],"version-history":[{"count":1,"href":"https:\/\/blogsaverroes.juntadeandalucia.es\/iesaxati\/index.php?rest_route=\/wp\/v2\/posts\/8623\/revisions"}],"predecessor-version":[{"id":8625,"href":"https:\/\/blogsaverroes.juntadeandalucia.es\/iesaxati\/index.php?rest_route=\/wp\/v2\/posts\/8623\/revisions\/8625"}],"wp:featuredmedia":[{"embeddable":true,"href":"https:\/\/blogsaverroes.juntadeandalucia.es\/iesaxati\/index.php?rest_route=\/wp\/v2\/media\/8624"}],"wp:attachment":[{"href":"https:\/\/blogsaverroes.juntadeandalucia.es\/iesaxati\/index.php?rest_route=%2Fwp%2Fv2%2Fmedia&parent=8623"}],"wp:term":[{"taxonomy":"category","embeddable":true,"href":"https:\/\/blogsaverroes.juntadeandalucia.es\/iesaxati\/index.php?rest_route=%2Fwp%2Fv2%2Fcategories&post=8623"},{"taxonomy":"post_tag","embeddable":true,"href":"https:\/\/blogsaverroes.juntadeandalucia.es\/iesaxati\/index.php?rest_route=%2Fwp%2Fv2%2Ftags&post=8623"}],"curies":[{"name":"wp","href":"https:\/\/api.w.org\/{rel}","templated":true}]}}