{"id":8718,"date":"2025-06-01T14:55:55","date_gmt":"2025-06-01T14:55:55","guid":{"rendered":"https:\/\/blogsaverroes.juntadeandalucia.es\/iesaxati\/?p=8718"},"modified":"2025-06-01T15:21:36","modified_gmt":"2025-06-01T15:21:36","slug":"8718","status":"publish","type":"post","link":"https:\/\/blogsaverroes.juntadeandalucia.es\/iesaxati\/?p=8718","title":{"rendered":"Ceremonia de graduaci\u00f3n de nuestro alumnado de 2\u00ba de Bachillerato"},"content":{"rendered":"<div dir=\"auto\">Compartimos im\u00e1genes de la ceremonia de graduaci\u00f3n de nuestro alumnado de 2\u00ba de Bachillerato. Queremos expresar nuestro agradecimiento a la Delegada Territorial de Inclusi\u00f3n Social, Juventud, Familias e Igualdad en Sevilla, D\u00aa. <em>Mar\u00eda Luisa Cava Coronel<\/em>, por acompa\u00f1arnos en este d\u00eda tan especial. Felicitamos a todos los estudiantes que, con su esfuerzo y dedicaci\u00f3n, han logrado alcanzar esta meta. \u00a1Un reconocimiento m\u00e1s que merecido y nuestras m\u00e1s sinceras felicitaciones!.<\/div>\n<div dir=\"auto\">&nbsp;<\/div>\n<div dir=\"auto\"><img fetchpriority=\"high\" decoding=\"async\" class=\"alignnone size-large wp-image-8732\" src=\"https:\/\/blogsaverroes.juntadeandalucia.es\/iesaxati\/files\/2025\/06\/1.jpg\" alt=\"\" width=\"860\" height=\"508\" srcset=\"https:\/\/blogsaverroes.juntadeandalucia.es\/iesaxati\/files\/2025\/06\/1.jpg 860w, https:\/\/blogsaverroes.juntadeandalucia.es\/iesaxati\/files\/2025\/06\/1-300x177.jpg 300w, https:\/\/blogsaverroes.juntadeandalucia.es\/iesaxati\/files\/2025\/06\/1-768x454.jpg 768w\" sizes=\"(max-width: 860px) 100vw, 860px\" \/><\/div>\n<div dir=\"auto\">&nbsp;<\/div>\n<div dir=\"auto\"><img decoding=\"async\" class=\"alignnone size-large wp-image-8729\" src=\"https:\/\/blogsaverroes.juntadeandalucia.es\/iesaxati\/files\/2025\/06\/4-1024x605.jpg\" alt=\"\" width=\"1024\" height=\"605\" srcset=\"https:\/\/blogsaverroes.juntadeandalucia.es\/iesaxati\/files\/2025\/06\/4-1024x605.jpg 1024w, https:\/\/blogsaverroes.juntadeandalucia.es\/iesaxati\/files\/2025\/06\/4-300x177.jpg 300w, https:\/\/blogsaverroes.juntadeandalucia.es\/iesaxati\/files\/2025\/06\/4-768x454.jpg 768w, https:\/\/blogsaverroes.juntadeandalucia.es\/iesaxati\/files\/2025\/06\/4-1536x907.jpg 1536w, https:\/\/blogsaverroes.juntadeandalucia.es\/iesaxati\/files\/2025\/06\/4.jpg 1600w\" sizes=\"(max-width: 1024px) 100vw, 1024px\" \/> <img decoding=\"async\" class=\"alignnone size-large wp-image-8730\" src=\"https:\/\/blogsaverroes.juntadeandalucia.es\/iesaxati\/files\/2025\/06\/3-1024x605.jpg\" alt=\"\" width=\"1024\" height=\"605\" srcset=\"https:\/\/blogsaverroes.juntadeandalucia.es\/iesaxati\/files\/2025\/06\/3-1024x605.jpg 1024w, https:\/\/blogsaverroes.juntadeandalucia.es\/iesaxati\/files\/2025\/06\/3-300x177.jpg 300w, https:\/\/blogsaverroes.juntadeandalucia.es\/iesaxati\/files\/2025\/06\/3-768x454.jpg 768w, https:\/\/blogsaverroes.juntadeandalucia.es\/iesaxati\/files\/2025\/06\/3-1536x907.jpg 1536w, https:\/\/blogsaverroes.juntadeandalucia.es\/iesaxati\/files\/2025\/06\/3.jpg 1600w\" sizes=\"(max-width: 1024px) 100vw, 1024px\" \/> <img loading=\"lazy\" decoding=\"async\" class=\"alignnone size-large wp-image-8731\" src=\"https:\/\/blogsaverroes.juntadeandalucia.es\/iesaxati\/files\/2025\/06\/2-1024x605.jpg\" alt=\"\" width=\"1024\" height=\"605\" srcset=\"https:\/\/blogsaverroes.juntadeandalucia.es\/iesaxati\/files\/2025\/06\/2-1024x605.jpg 1024w, https:\/\/blogsaverroes.juntadeandalucia.es\/iesaxati\/files\/2025\/06\/2-300x177.jpg 300w, https:\/\/blogsaverroes.juntadeandalucia.es\/iesaxati\/files\/2025\/06\/2-768x454.jpg 768w, https:\/\/blogsaverroes.juntadeandalucia.es\/iesaxati\/files\/2025\/06\/2-1536x907.jpg 1536w, https:\/\/blogsaverroes.juntadeandalucia.es\/iesaxati\/files\/2025\/06\/2.jpg 1600w\" sizes=\"(max-width: 1024px) 100vw, 1024px\" \/>&nbsp;<\/div>\n<div dir=\"auto\">&nbsp;<\/div>\n<div dir=\"auto\">&nbsp; &nbsp;<\/div>\n","protected":false},"excerpt":{"rendered":"<p>Compartimos im\u00e1genes de la ceremonia de graduaci\u00f3n de nuestro alumnado de 2\u00ba de Bachillerato. Queremos expresar nuestro agradecimiento a la Delegada Territorial de Inclusi\u00f3n Social, Juventud, Familias e Igualdad en Sevilla, D\u00aa. Mar\u00eda Luisa&#46;&#46;&#46;<\/p>\n","protected":false},"author":7453,"featured_media":8724,"comment_status":"closed","ping_status":"open","sticky":false,"template":"","format":"standard","meta":{"ngg_post_thumbnail":0,"footnotes":""},"categories":[1865620],"tags":[],"aioseo_notices":[],"_links":{"self":[{"href":"https:\/\/blogsaverroes.juntadeandalucia.es\/iesaxati\/index.php?rest_route=\/wp\/v2\/posts\/8718"}],"collection":[{"href":"https:\/\/blogsaverroes.juntadeandalucia.es\/iesaxati\/index.php?rest_route=\/wp\/v2\/posts"}],"about":[{"href":"https:\/\/blogsaverroes.juntadeandalucia.es\/iesaxati\/index.php?rest_route=\/wp\/v2\/types\/post"}],"author":[{"embeddable":true,"href":"https:\/\/blogsaverroes.juntadeandalucia.es\/iesaxati\/index.php?rest_route=\/wp\/v2\/users\/7453"}],"replies":[{"embeddable":true,"href":"https:\/\/blogsaverroes.juntadeandalucia.es\/iesaxati\/index.php?rest_route=%2Fwp%2Fv2%2Fcomments&post=8718"}],"version-history":[{"count":5,"href":"https:\/\/blogsaverroes.juntadeandalucia.es\/iesaxati\/index.php?rest_route=\/wp\/v2\/posts\/8718\/revisions"}],"predecessor-version":[{"id":8733,"href":"https:\/\/blogsaverroes.juntadeandalucia.es\/iesaxati\/index.php?rest_route=\/wp\/v2\/posts\/8718\/revisions\/8733"}],"wp:featuredmedia":[{"embeddable":true,"href":"https:\/\/blogsaverroes.juntadeandalucia.es\/iesaxati\/index.php?rest_route=\/wp\/v2\/media\/8724"}],"wp:attachment":[{"href":"https:\/\/blogsaverroes.juntadeandalucia.es\/iesaxati\/index.php?rest_route=%2Fwp%2Fv2%2Fmedia&parent=8718"}],"wp:term":[{"taxonomy":"category","embeddable":true,"href":"https:\/\/blogsaverroes.juntadeandalucia.es\/iesaxati\/index.php?rest_route=%2Fwp%2Fv2%2Fcategories&post=8718"},{"taxonomy":"post_tag","embeddable":true,"href":"https:\/\/blogsaverroes.juntadeandalucia.es\/iesaxati\/index.php?rest_route=%2Fwp%2Fv2%2Ftags&post=8718"}],"curies":[{"name":"wp","href":"https:\/\/api.w.org\/{rel}","templated":true}]}}