{"id":8943,"date":"2025-09-12T04:49:17","date_gmt":"2025-09-12T04:49:17","guid":{"rendered":"https:\/\/blogsaverroes.juntadeandalucia.es\/iesaxati\/?p=8943"},"modified":"2025-09-12T07:54:12","modified_gmt":"2025-09-12T07:54:12","slug":"convocatoria-erasmus-profesores-25-26","status":"publish","type":"post","link":"https:\/\/blogsaverroes.juntadeandalucia.es\/iesaxati\/?p=8943","title":{"rendered":"Convocatoria Erasmus Profesores 25-26"},"content":{"rendered":"<div>&nbsp; &nbsp; &nbsp; Presentamos el <a href=\"https:\/\/blogsaverroes.juntadeandalucia.es\/iesaxati\/files\/2025\/09\/CATALOGO-STAFF-MOBILITY-2025-2026.pdf\">cat\u00e1logo<\/a> de movilidades&nbsp;ERASMUS+&nbsp;de profesorado de Formaci\u00f3n Profesional para el curso&nbsp;25-26 con el objetivo de que cada profesor\/a elija aquella que m\u00e1s se ajuste a sus expectativas de aprendizaje, fechas, sector formativo, etc..&nbsp;<\/div>\n<div>Una vez se conozca la demanda, se har\u00e1 la selecci\u00f3n del profesorado para las distintas movilidades en funci\u00f3n de la disponibilidad presupuestaria del proyecto y la asignaci\u00f3n de plazas dentro del consorcio.<\/div>\n<div>&nbsp;<\/div>\n<div>\n<ul>\n<li style=\"list-style-type: none\">\n<ul>\n<li>\n<div role=\"presentation\"><b>9 plazas para job-shadowing en oto\u00f1o 2025 en el Proyecto de Grado Medio Mu\u00e9vete<\/b>&nbsp;(a elegir entre todas las movilidades del cat\u00e1logo que tienen lugar entre octubre y diciembre, excepto Per\u00fa. Distribuidas entre los 5 centros del consorcio)<\/div>\n<\/li>\n<li>\n<div role=\"presentation\"><b>4 plazas para curso de formaci\u00f3n&nbsp;<\/b><b>en el Proyecto de Grado Medio Mu\u00e9vete (<\/b>Distribuidas entre los 5 centros del consorcio)<\/div>\n<\/li>\n<li>\n<div role=\"presentation\"><b>4 plazas para job-shadowing en oto\u00f1o 2025 en proyecto de Grado Superior&nbsp;<\/b>(3 para Alemania en octubre y 1 para Per\u00fa)<\/div>\n<\/li>\n<\/ul>\n<\/li>\n<li>\n<div role=\"presentation\"><b>&nbsp;<\/b><\/div>\n<\/li>\n<\/ul>\n<div><b><img decoding=\"async\" class=\"an1\" src=\"https:\/\/fonts.gstatic.com\/s\/e\/notoemoji\/16.0\/1f4c6\/72.png\" alt=\"\ud83d\udcc6\" data-emoji=\"\ud83d\udcc6\" aria-label=\"\ud83d\udcc6\">La fecha l\u00edmite de solicitud ser\u00e1<\/b><b>&nbsp;el 22 de septiembre.<\/b><\/div>\n<div>&nbsp;<\/div>\n<ul>\n<li>\n<div role=\"presentation\"><b>Habr\u00e1 tambi\u00e9n plazas para job-shadowing en primavera 2026.&nbsp;<\/b>Estas movilidades se pueden ir eligiendo, para quien tenga inter\u00e9s, aunque todav\u00eda no cerraremos grupos ni haremos selecci\u00f3n hasta el a\u00f1o que viene.<\/div>\n<div role=\"presentation\">&nbsp;<\/div>\n<\/li>\n<\/ul>\n<div>&nbsp; &nbsp; &nbsp; &nbsp;L@s interesad@s deber\u00e1n inscribirse en el enlace que aparece junto a cada actividad (Documento adjunto) y adem\u00e1s, comunicarlo al coordinador erasmus mediante el siguiente&nbsp;<a href=\"https:\/\/forms.gle\/1C9msmPSYf74cFcf9\" target=\"_blank\" rel=\"noopener\" data-saferedirecturl=\"https:\/\/www.google.com\/url?q=https:\/\/forms.gle\/1C9msmPSYf74cFcf9&amp;source=gmail&amp;ust=1757738617007000&amp;usg=AOvVaw3LTQc6yb27Kb5UMoz9Xjeo\">FORMULARIO<\/a>. (La no comunicaci\u00f3n al coordinador ser\u00e1 motivo de exclusi\u00f3n).<\/div>\n<\/div>\n<div>\n<div>&nbsp;<\/div>\n<div>&nbsp;<\/div>\n<div>&nbsp; &nbsp; &nbsp; &nbsp;Asimismo, os dejo este enlace a la circular que&nbsp;habr\u00e9is recibido desde la Consejer\u00eda, con financiaci\u00f3n de la Junta de Andaluc\u00eda para este tipo de experiencia y que es independiente del proyecto ERASMUS+.&nbsp;<b>Tambi\u00e9n se puede optar a estas plazas mediante esta convocatoria:&nbsp;<\/b><\/div>\n<div><b><a id=\"m_-3384069006829869108m_-3319278816405615148OWA44d3e744-c524-e904-25a9-ecc091805926\" title=\"https:\/\/www.juntadeandalucia.es\/educacion\/portales\/web\/educacion\/w\/resolucion-de-la-direccion-general-de-formacion-profesional-y-educacion-permanente-por-la-que-se-convocan-estancias-formativas-para-el-profesorado-de-formacion-profesional-en-centros-distintos-del-propio-destinadas-a-actualizar-su-formacion-y-reforzar-sus?redirect=%2Feducacion%2Fportales%2Fmas-novedades\" href=\"https:\/\/www.juntadeandalucia.es\/educacion\/portales\/web\/educacion\/w\/resolucion-de-la-direccion-general-de-formacion-profesional-y-educacion-permanente-por-la-que-se-convocan-estancias-formativas-para-el-profesorado-de-formacion-profesional-en-centros-distintos-del-propio-destinadas-a-actualizar-su-formacion-y-reforzar-sus?redirect=%2Feducacion%2Fportales%2Fmas-novedades\" target=\"_blank\" rel=\"noopener\" data-saferedirecturl=\"https:\/\/www.google.com\/url?q=https:\/\/www.juntadeandalucia.es\/educacion\/portales\/web\/educacion\/w\/resolucion-de-la-direccion-general-de-formacion-profesional-y-educacion-permanente-por-la-que-se-convocan-estancias-formativas-para-el-profesorado-de-formacion-profesional-en-centros-distintos-del-propio-destinadas-a-actualizar-su-formacion-y-reforzar-sus?redirect%3D%252Feducacion%252Fportales%252Fmas-novedades&amp;source=gmail&amp;ust=1757738617007000&amp;usg=AOvVaw1LaZMoYQWWx1bMxaUc4M5I\">Resoluci\u00f3n de la Direcci\u00f3n General de Formaci\u00f3n Profesional y Educaci\u00f3n Permanente, por la que se convocan estancias formativas para el profesorado de Formaci\u00f3n Profesional en centros distintos del propio destinadas a actualizar su formaci\u00f3n y reforzar sus competencias profesionales en el primer trimestre del curso escolar 2025-2026 &#8211; Educaci\u00f3n<\/a><\/b><\/div>\n<\/div>\n","protected":false},"excerpt":{"rendered":"<p>&nbsp; &nbsp; &nbsp; Presentamos el cat\u00e1logo de movilidades&nbsp;ERASMUS+&nbsp;de profesorado de Formaci\u00f3n Profesional para el curso&nbsp;25-26 con el objetivo de que cada profesor\/a elija aquella que m\u00e1s se ajuste a sus expectativas de aprendizaje, fechas,&#46;&#46;&#46;<\/p>\n","protected":false},"author":7453,"featured_media":8441,"comment_status":"closed","ping_status":"open","sticky":false,"template":"","format":"standard","meta":{"ngg_post_thumbnail":0,"footnotes":""},"categories":[1865620],"tags":[],"aioseo_notices":[],"_links":{"self":[{"href":"https:\/\/blogsaverroes.juntadeandalucia.es\/iesaxati\/index.php?rest_route=\/wp\/v2\/posts\/8943"}],"collection":[{"href":"https:\/\/blogsaverroes.juntadeandalucia.es\/iesaxati\/index.php?rest_route=\/wp\/v2\/posts"}],"about":[{"href":"https:\/\/blogsaverroes.juntadeandalucia.es\/iesaxati\/index.php?rest_route=\/wp\/v2\/types\/post"}],"author":[{"embeddable":true,"href":"https:\/\/blogsaverroes.juntadeandalucia.es\/iesaxati\/index.php?rest_route=\/wp\/v2\/users\/7453"}],"replies":[{"embeddable":true,"href":"https:\/\/blogsaverroes.juntadeandalucia.es\/iesaxati\/index.php?rest_route=%2Fwp%2Fv2%2Fcomments&post=8943"}],"version-history":[{"count":2,"href":"https:\/\/blogsaverroes.juntadeandalucia.es\/iesaxati\/index.php?rest_route=\/wp\/v2\/posts\/8943\/revisions"}],"predecessor-version":[{"id":8948,"href":"https:\/\/blogsaverroes.juntadeandalucia.es\/iesaxati\/index.php?rest_route=\/wp\/v2\/posts\/8943\/revisions\/8948"}],"wp:featuredmedia":[{"embeddable":true,"href":"https:\/\/blogsaverroes.juntadeandalucia.es\/iesaxati\/index.php?rest_route=\/wp\/v2\/media\/8441"}],"wp:attachment":[{"href":"https:\/\/blogsaverroes.juntadeandalucia.es\/iesaxati\/index.php?rest_route=%2Fwp%2Fv2%2Fmedia&parent=8943"}],"wp:term":[{"taxonomy":"category","embeddable":true,"href":"https:\/\/blogsaverroes.juntadeandalucia.es\/iesaxati\/index.php?rest_route=%2Fwp%2Fv2%2Fcategories&post=8943"},{"taxonomy":"post_tag","embeddable":true,"href":"https:\/\/blogsaverroes.juntadeandalucia.es\/iesaxati\/index.php?rest_route=%2Fwp%2Fv2%2Ftags&post=8943"}],"curies":[{"name":"wp","href":"https:\/\/api.w.org\/{rel}","templated":true}]}}