{"id":9101,"date":"2025-12-12T06:22:40","date_gmt":"2025-12-12T06:22:40","guid":{"rendered":"https:\/\/blogsaverroes.juntadeandalucia.es\/iesaxati\/?p=9101"},"modified":"2025-12-12T08:02:31","modified_gmt":"2025-12-12T08:02:31","slug":"gymkana-inclusiva-por-el-dia-de-las-personas-con-discapacidad","status":"publish","type":"post","link":"https:\/\/blogsaverroes.juntadeandalucia.es\/iesaxati\/?p=9101","title":{"rendered":"Gymkana inclusiva por el D\u00eda de las Personas con Discapacidad"},"content":{"rendered":"<p>La pasada semana con motivo del d\u00eda de las personas con discapacidad celebrado el d\u00eda 3 de diciembre, nuestro alumnado y el alumnado del IES al Lawra pasaron por nuestras instalaciones deportivas para vivenciar una gymkana y ponerse en la piel de las personas con discapacidad.<\/p>\n<p>Agradecemos profundamente a todas las personas que han colaborado en esta actividad, ya sea organizando, controlando el desarrollo, cediendo materiales o compartiendo generosamente su experiencia.&nbsp;<\/p>\n<p><img fetchpriority=\"high\" decoding=\"async\" class=\"alignnone size-large wp-image-9103\" src=\"https:\/\/blogsaverroes.juntadeandalucia.es\/iesaxati\/files\/2025\/12\/WhatsApp-Image-2025-12-10-at-13.26.04-1024x1024.jpeg\" alt=\"\" width=\"1024\" height=\"1024\" srcset=\"https:\/\/blogsaverroes.juntadeandalucia.es\/iesaxati\/files\/2025\/12\/WhatsApp-Image-2025-12-10-at-13.26.04-1024x1024.jpeg 1024w, https:\/\/blogsaverroes.juntadeandalucia.es\/iesaxati\/files\/2025\/12\/WhatsApp-Image-2025-12-10-at-13.26.04-300x300.jpeg 300w, https:\/\/blogsaverroes.juntadeandalucia.es\/iesaxati\/files\/2025\/12\/WhatsApp-Image-2025-12-10-at-13.26.04-150x150.jpeg 150w, https:\/\/blogsaverroes.juntadeandalucia.es\/iesaxati\/files\/2025\/12\/WhatsApp-Image-2025-12-10-at-13.26.04-768x768.jpeg 768w, https:\/\/blogsaverroes.juntadeandalucia.es\/iesaxati\/files\/2025\/12\/WhatsApp-Image-2025-12-10-at-13.26.04-100x100.jpeg 100w, https:\/\/blogsaverroes.juntadeandalucia.es\/iesaxati\/files\/2025\/12\/WhatsApp-Image-2025-12-10-at-13.26.04-80x80.jpeg 80w, https:\/\/blogsaverroes.juntadeandalucia.es\/iesaxati\/files\/2025\/12\/WhatsApp-Image-2025-12-10-at-13.26.04-320x320.jpeg 320w, https:\/\/blogsaverroes.juntadeandalucia.es\/iesaxati\/files\/2025\/12\/WhatsApp-Image-2025-12-10-at-13.26.04.jpeg 1080w\" sizes=\"(max-width: 1024px) 100vw, 1024px\" \/><\/p>\n<div style=\"width: 478px;\" class=\"wp-video\"><!--[if lt IE 9]><script>document.createElement('video');<\/script><![endif]-->\n<video class=\"wp-video-shortcode\" id=\"video-9101-1\" width=\"478\" height=\"850\" preload=\"metadata\" controls=\"controls\"><source type=\"video\/mp4\" src=\"https:\/\/blogsaverroes.juntadeandalucia.es\/iesaxati\/files\/2025\/12\/WhatsApp-Video-2025-12-10-at-13.26.04.mp4?_=1\" \/><a href=\"https:\/\/blogsaverroes.juntadeandalucia.es\/iesaxati\/files\/2025\/12\/WhatsApp-Video-2025-12-10-at-13.26.04.mp4\">https:\/\/blogsaverroes.juntadeandalucia.es\/iesaxati\/files\/2025\/12\/WhatsApp-Video-2025-12-10-at-13.26.04.mp4<\/a><\/video><\/div>\n<p>&nbsp;<\/p>\n","protected":false},"excerpt":{"rendered":"<p>La pasada semana con motivo del d\u00eda de las personas con discapacidad celebrado el d\u00eda 3 de diciembre, nuestro alumnado y el alumnado del IES al Lawra pasaron por nuestras instalaciones deportivas para vivenciar&#46;&#46;&#46;<\/p>\n","protected":false},"author":7453,"featured_media":9104,"comment_status":"closed","ping_status":"open","sticky":false,"template":"","format":"standard","meta":{"ngg_post_thumbnail":0,"footnotes":""},"categories":[287,1865622],"tags":[],"aioseo_notices":[],"_links":{"self":[{"href":"https:\/\/blogsaverroes.juntadeandalucia.es\/iesaxati\/index.php?rest_route=\/wp\/v2\/posts\/9101"}],"collection":[{"href":"https:\/\/blogsaverroes.juntadeandalucia.es\/iesaxati\/index.php?rest_route=\/wp\/v2\/posts"}],"about":[{"href":"https:\/\/blogsaverroes.juntadeandalucia.es\/iesaxati\/index.php?rest_route=\/wp\/v2\/types\/post"}],"author":[{"embeddable":true,"href":"https:\/\/blogsaverroes.juntadeandalucia.es\/iesaxati\/index.php?rest_route=\/wp\/v2\/users\/7453"}],"replies":[{"embeddable":true,"href":"https:\/\/blogsaverroes.juntadeandalucia.es\/iesaxati\/index.php?rest_route=%2Fwp%2Fv2%2Fcomments&post=9101"}],"version-history":[{"count":2,"href":"https:\/\/blogsaverroes.juntadeandalucia.es\/iesaxati\/index.php?rest_route=\/wp\/v2\/posts\/9101\/revisions"}],"predecessor-version":[{"id":9106,"href":"https:\/\/blogsaverroes.juntadeandalucia.es\/iesaxati\/index.php?rest_route=\/wp\/v2\/posts\/9101\/revisions\/9106"}],"wp:featuredmedia":[{"embeddable":true,"href":"https:\/\/blogsaverroes.juntadeandalucia.es\/iesaxati\/index.php?rest_route=\/wp\/v2\/media\/9104"}],"wp:attachment":[{"href":"https:\/\/blogsaverroes.juntadeandalucia.es\/iesaxati\/index.php?rest_route=%2Fwp%2Fv2%2Fmedia&parent=9101"}],"wp:term":[{"taxonomy":"category","embeddable":true,"href":"https:\/\/blogsaverroes.juntadeandalucia.es\/iesaxati\/index.php?rest_route=%2Fwp%2Fv2%2Fcategories&post=9101"},{"taxonomy":"post_tag","embeddable":true,"href":"https:\/\/blogsaverroes.juntadeandalucia.es\/iesaxati\/index.php?rest_route=%2Fwp%2Fv2%2Ftags&post=9101"}],"curies":[{"name":"wp","href":"https:\/\/api.w.org\/{rel}","templated":true}]}}