{"id":9217,"date":"2026-02-13T16:04:53","date_gmt":"2026-02-13T16:04:53","guid":{"rendered":"https:\/\/blogsaverroes.juntadeandalucia.es\/iesaxati\/?p=9217"},"modified":"2026-02-13T16:04:53","modified_gmt":"2026-02-13T16:04:53","slug":"convocatoria-de-movilidades-para-profesorado-de-formacion-profesional-proyecto-muevete","status":"publish","type":"post","link":"https:\/\/blogsaverroes.juntadeandalucia.es\/iesaxati\/?p=9217","title":{"rendered":"Convocatoria de movilidades para profesorado de Formaci\u00f3n Profesional. Proyecto Mu\u00e9vete"},"content":{"rendered":"<div class=\"gmail_attr\" dir=\"ltr\">Convocatoria de movilidades para profesorado de Formaci\u00f3n Profesional. Proyecto Mu\u00e9vete<\/div>\n<div dir=\"ltr\">\n<div>\n<div>\n<div>\n<div>Presentamos el <a href=\"https:\/\/drive.google.com\/file\/d\/1XjgZzkB4QW0X1IFVoL0DM46Nq6PiklkA\/view?usp=sharing\" target=\"_blank\" rel=\"noopener\" data-saferedirecturl=\"https:\/\/www.google.com\/url?q=https:\/\/drive.google.com\/file\/d\/1XjgZzkB4QW0X1IFVoL0DM46Nq6PiklkA\/view?usp%3Dsharing&amp;source=gmail&amp;ust=1771084539040000&amp;usg=AOvVaw3UIR6dgqhQSdYvR27QZogF\">Cat\u00e1logo de movilidades ERASMUS+<\/a>&nbsp;para el profesorado de Formaci\u00f3n Profesional con el objetivo de que cada profesor\/a elija aquella que m\u00e1s se ajuste a sus expectativas de aprendizaje, fechas, sector formativo, etc..&nbsp;<\/div>\n<div>Una vez se conozca la demanda, se har\u00e1 la selecci\u00f3n del profesorado para las distintas movilidades en funci\u00f3n de la disponibilidad presupuestaria del proyecto y la asignaci\u00f3n de plazas dentro del consorcio.<\/div>\n<div>&nbsp;<\/div>\n<div>\n<ul>\n<li>\n<ul>\n<li>\n<div role=\"presentation\">9 plazas para job-shadowing en oto\u00f1o 2025 en el Proyecto de FP de Grado Medio Mu\u00e9vete. (Distribuidas entre los 5 centros del consorcio)<\/div>\n<\/li>\n<li>\n<div role=\"presentation\">8 plazas para formaci\u00f3n&nbsp;en el Proyecto de FP de Grado Medio Mu\u00e9vete (Distribuidas entre los 5 centros del consorcio)<\/div>\n<\/li>\n<li>\n<div role=\"presentation\">No podr\u00e1n participar en la misma actividad m\u00e1s de dos personas del mismo consorcio. Por lo que en el reparto de plazas se tendr\u00e1 en cuenta este requisito, adem\u00e1s de las baremaciones.<\/div>\n<\/li>\n<\/ul>\n<\/li>\n<\/ul>\n<div>&nbsp;&nbsp;<\/div>\n<div>&nbsp; &nbsp; &nbsp; &nbsp;L@s interesad@s deber\u00e1n inscribirse en el enlace que aparece junto a cada actividad en el cat\u00e1logo y adem\u00e1s, comunicarlo al coordinador erasmus mediante el siguiente&nbsp;<a href=\"https:\/\/docs.google.com\/forms\/d\/e\/1FAIpQLSf-1gGJScolVO_hO6tEmzlps89SceEJ2pbIk_slZ0KBrDEIiw\/viewform?usp=sharing&amp;ouid=112177574278740202691\" target=\"_blank\" rel=\"noopener\" data-saferedirecturl=\"https:\/\/www.google.com\/url?q=https:\/\/docs.google.com\/forms\/d\/e\/1FAIpQLSf-1gGJScolVO_hO6tEmzlps89SceEJ2pbIk_slZ0KBrDEIiw\/viewform?usp%3Dsharing%26ouid%3D112177574278740202691&amp;source=gmail&amp;ust=1771084539040000&amp;usg=AOvVaw08COV2kvF6FN8IuEbNBIwy\">FORMULARIO<\/a>. (La no comunicaci\u00f3n al coordinador ser\u00e1 motivo de exclusi\u00f3n).<\/div>\n<div>&nbsp;<\/div>\n<div><img decoding=\"async\" class=\"an1\" src=\"https:\/\/fonts.gstatic.com\/s\/e\/notoemoji\/16.0\/1f4c6\/72.png\" alt=\"\ud83d\udcc6\" data-emoji=\"\ud83d\udcc6\" aria-label=\"\ud83d\udcc6\">La fecha l\u00edmite de solicitud ser\u00e1&nbsp;el 20 de febrero.<\/div>\n<\/div>\n<\/div>\n<\/div>\n<\/div>\n<\/div>\n","protected":false},"excerpt":{"rendered":"<p>Convocatoria de movilidades para profesorado de Formaci\u00f3n Profesional. Proyecto Mu\u00e9vete Presentamos el Cat\u00e1logo de movilidades ERASMUS+&nbsp;para el profesorado de Formaci\u00f3n Profesional con el objetivo de que cada profesor\/a elija aquella que m\u00e1s se ajuste&#46;&#46;&#46;<\/p>\n","protected":false},"author":7453,"featured_media":3289,"comment_status":"closed","ping_status":"open","sticky":false,"template":"","format":"standard","meta":{"ngg_post_thumbnail":0,"footnotes":""},"categories":[1197886],"tags":[],"aioseo_notices":[],"_links":{"self":[{"href":"https:\/\/blogsaverroes.juntadeandalucia.es\/iesaxati\/index.php?rest_route=\/wp\/v2\/posts\/9217"}],"collection":[{"href":"https:\/\/blogsaverroes.juntadeandalucia.es\/iesaxati\/index.php?rest_route=\/wp\/v2\/posts"}],"about":[{"href":"https:\/\/blogsaverroes.juntadeandalucia.es\/iesaxati\/index.php?rest_route=\/wp\/v2\/types\/post"}],"author":[{"embeddable":true,"href":"https:\/\/blogsaverroes.juntadeandalucia.es\/iesaxati\/index.php?rest_route=\/wp\/v2\/users\/7453"}],"replies":[{"embeddable":true,"href":"https:\/\/blogsaverroes.juntadeandalucia.es\/iesaxati\/index.php?rest_route=%2Fwp%2Fv2%2Fcomments&post=9217"}],"version-history":[{"count":1,"href":"https:\/\/blogsaverroes.juntadeandalucia.es\/iesaxati\/index.php?rest_route=\/wp\/v2\/posts\/9217\/revisions"}],"predecessor-version":[{"id":9218,"href":"https:\/\/blogsaverroes.juntadeandalucia.es\/iesaxati\/index.php?rest_route=\/wp\/v2\/posts\/9217\/revisions\/9218"}],"wp:featuredmedia":[{"embeddable":true,"href":"https:\/\/blogsaverroes.juntadeandalucia.es\/iesaxati\/index.php?rest_route=\/wp\/v2\/media\/3289"}],"wp:attachment":[{"href":"https:\/\/blogsaverroes.juntadeandalucia.es\/iesaxati\/index.php?rest_route=%2Fwp%2Fv2%2Fmedia&parent=9217"}],"wp:term":[{"taxonomy":"category","embeddable":true,"href":"https:\/\/blogsaverroes.juntadeandalucia.es\/iesaxati\/index.php?rest_route=%2Fwp%2Fv2%2Fcategories&post=9217"},{"taxonomy":"post_tag","embeddable":true,"href":"https:\/\/blogsaverroes.juntadeandalucia.es\/iesaxati\/index.php?rest_route=%2Fwp%2Fv2%2Ftags&post=9217"}],"curies":[{"name":"wp","href":"https:\/\/api.w.org\/{rel}","templated":true}]}}