{"id":9277,"date":"2026-03-23T10:22:37","date_gmt":"2026-03-23T10:22:37","guid":{"rendered":"https:\/\/blogsaverroes.juntadeandalucia.es\/iesaxati\/?p=9277"},"modified":"2026-03-23T10:22:37","modified_gmt":"2026-03-23T10:22:37","slug":"celebracion-de-san-patricio","status":"publish","type":"post","link":"https:\/\/blogsaverroes.juntadeandalucia.es\/iesaxati\/?p=9277","title":{"rendered":"Celebraci\u00f3n de San Patricio"},"content":{"rendered":"<p>Conforme a los objetivos del curr\u00edculo de ingl\u00e9s la semana pasada se celebr\u00f3 la festividad de <strong>St. Patrick\u2019s Day<\/strong>, fomentando la competencia intercultural y ling\u00fc\u00edstica.<\/p>\n<p><img fetchpriority=\"high\" decoding=\"async\" class=\"alignnone wp-image-9279 size-large\" src=\"https:\/\/blogsaverroes.juntadeandalucia.es\/iesaxati\/files\/2026\/03\/WhatsApp-Image-2026-03-20-at-18.18.50-2-1024x768.jpeg\" alt=\"\" width=\"1024\" height=\"768\" srcset=\"https:\/\/blogsaverroes.juntadeandalucia.es\/iesaxati\/files\/2026\/03\/WhatsApp-Image-2026-03-20-at-18.18.50-2-1024x768.jpeg 1024w, https:\/\/blogsaverroes.juntadeandalucia.es\/iesaxati\/files\/2026\/03\/WhatsApp-Image-2026-03-20-at-18.18.50-2-300x225.jpeg 300w, https:\/\/blogsaverroes.juntadeandalucia.es\/iesaxati\/files\/2026\/03\/WhatsApp-Image-2026-03-20-at-18.18.50-2-768x576.jpeg 768w, https:\/\/blogsaverroes.juntadeandalucia.es\/iesaxati\/files\/2026\/03\/WhatsApp-Image-2026-03-20-at-18.18.50-2-1536x1152.jpeg 1536w, https:\/\/blogsaverroes.juntadeandalucia.es\/iesaxati\/files\/2026\/03\/WhatsApp-Image-2026-03-20-at-18.18.50-2.jpeg 1600w\" sizes=\"(max-width: 1024px) 100vw, 1024px\" \/><\/p>\n<p><img decoding=\"async\" class=\"alignnone wp-image-9278 size-large\" src=\"https:\/\/blogsaverroes.juntadeandalucia.es\/iesaxati\/files\/2026\/03\/WhatsApp-Image-2026-03-20-at-18.18.50-1-1024x768.jpeg\" alt=\"\" width=\"1024\" height=\"768\" srcset=\"https:\/\/blogsaverroes.juntadeandalucia.es\/iesaxati\/files\/2026\/03\/WhatsApp-Image-2026-03-20-at-18.18.50-1-1024x768.jpeg 1024w, https:\/\/blogsaverroes.juntadeandalucia.es\/iesaxati\/files\/2026\/03\/WhatsApp-Image-2026-03-20-at-18.18.50-1-300x225.jpeg 300w, https:\/\/blogsaverroes.juntadeandalucia.es\/iesaxati\/files\/2026\/03\/WhatsApp-Image-2026-03-20-at-18.18.50-1-768x576.jpeg 768w, https:\/\/blogsaverroes.juntadeandalucia.es\/iesaxati\/files\/2026\/03\/WhatsApp-Image-2026-03-20-at-18.18.50-1-1536x1152.jpeg 1536w, https:\/\/blogsaverroes.juntadeandalucia.es\/iesaxati\/files\/2026\/03\/WhatsApp-Image-2026-03-20-at-18.18.50-1.jpeg 1600w\" sizes=\"(max-width: 1024px) 100vw, 1024px\" \/> &nbsp;<img decoding=\"async\" class=\"alignnone wp-image-9280 size-large\" src=\"https:\/\/blogsaverroes.juntadeandalucia.es\/iesaxati\/files\/2026\/03\/WhatsApp-Image-2026-03-20-at-18.18.50-3-1024x768.jpeg\" alt=\"\" width=\"1024\" height=\"768\" srcset=\"https:\/\/blogsaverroes.juntadeandalucia.es\/iesaxati\/files\/2026\/03\/WhatsApp-Image-2026-03-20-at-18.18.50-3-1024x768.jpeg 1024w, https:\/\/blogsaverroes.juntadeandalucia.es\/iesaxati\/files\/2026\/03\/WhatsApp-Image-2026-03-20-at-18.18.50-3-300x225.jpeg 300w, https:\/\/blogsaverroes.juntadeandalucia.es\/iesaxati\/files\/2026\/03\/WhatsApp-Image-2026-03-20-at-18.18.50-3-768x576.jpeg 768w, https:\/\/blogsaverroes.juntadeandalucia.es\/iesaxati\/files\/2026\/03\/WhatsApp-Image-2026-03-20-at-18.18.50-3-1536x1152.jpeg 1536w, https:\/\/blogsaverroes.juntadeandalucia.es\/iesaxati\/files\/2026\/03\/WhatsApp-Image-2026-03-20-at-18.18.50-3.jpeg 1600w\" sizes=\"(max-width: 1024px) 100vw, 1024px\" \/> <img loading=\"lazy\" decoding=\"async\" class=\"alignnone wp-image-9281 size-large\" src=\"https:\/\/blogsaverroes.juntadeandalucia.es\/iesaxati\/files\/2026\/03\/WhatsApp-Image-2026-03-20-at-18.18.50-1024x768.jpeg\" alt=\"\" width=\"1024\" height=\"768\" srcset=\"https:\/\/blogsaverroes.juntadeandalucia.es\/iesaxati\/files\/2026\/03\/WhatsApp-Image-2026-03-20-at-18.18.50-1024x768.jpeg 1024w, https:\/\/blogsaverroes.juntadeandalucia.es\/iesaxati\/files\/2026\/03\/WhatsApp-Image-2026-03-20-at-18.18.50-300x225.jpeg 300w, https:\/\/blogsaverroes.juntadeandalucia.es\/iesaxati\/files\/2026\/03\/WhatsApp-Image-2026-03-20-at-18.18.50-768x576.jpeg 768w, https:\/\/blogsaverroes.juntadeandalucia.es\/iesaxati\/files\/2026\/03\/WhatsApp-Image-2026-03-20-at-18.18.50-1536x1152.jpeg 1536w, https:\/\/blogsaverroes.juntadeandalucia.es\/iesaxati\/files\/2026\/03\/WhatsApp-Image-2026-03-20-at-18.18.50.jpeg 1600w\" sizes=\"(max-width: 1024px) 100vw, 1024px\" \/><\/p>\n","protected":false},"excerpt":{"rendered":"<p>Conforme a los objetivos del curr\u00edculo de ingl\u00e9s la semana pasada se celebr\u00f3 la festividad de St. Patrick\u2019s Day, fomentando la competencia intercultural y ling\u00fc\u00edstica. &nbsp;<\/p>\n","protected":false},"author":7453,"featured_media":9283,"comment_status":"closed","ping_status":"open","sticky":false,"template":"","format":"standard","meta":{"ngg_post_thumbnail":0,"footnotes":""},"categories":[25504,25507],"tags":[],"aioseo_notices":[],"_links":{"self":[{"href":"https:\/\/blogsaverroes.juntadeandalucia.es\/iesaxati\/index.php?rest_route=\/wp\/v2\/posts\/9277"}],"collection":[{"href":"https:\/\/blogsaverroes.juntadeandalucia.es\/iesaxati\/index.php?rest_route=\/wp\/v2\/posts"}],"about":[{"href":"https:\/\/blogsaverroes.juntadeandalucia.es\/iesaxati\/index.php?rest_route=\/wp\/v2\/types\/post"}],"author":[{"embeddable":true,"href":"https:\/\/blogsaverroes.juntadeandalucia.es\/iesaxati\/index.php?rest_route=\/wp\/v2\/users\/7453"}],"replies":[{"embeddable":true,"href":"https:\/\/blogsaverroes.juntadeandalucia.es\/iesaxati\/index.php?rest_route=%2Fwp%2Fv2%2Fcomments&post=9277"}],"version-history":[{"count":1,"href":"https:\/\/blogsaverroes.juntadeandalucia.es\/iesaxati\/index.php?rest_route=\/wp\/v2\/posts\/9277\/revisions"}],"predecessor-version":[{"id":9284,"href":"https:\/\/blogsaverroes.juntadeandalucia.es\/iesaxati\/index.php?rest_route=\/wp\/v2\/posts\/9277\/revisions\/9284"}],"wp:featuredmedia":[{"embeddable":true,"href":"https:\/\/blogsaverroes.juntadeandalucia.es\/iesaxati\/index.php?rest_route=\/wp\/v2\/media\/9283"}],"wp:attachment":[{"href":"https:\/\/blogsaverroes.juntadeandalucia.es\/iesaxati\/index.php?rest_route=%2Fwp%2Fv2%2Fmedia&parent=9277"}],"wp:term":[{"taxonomy":"category","embeddable":true,"href":"https:\/\/blogsaverroes.juntadeandalucia.es\/iesaxati\/index.php?rest_route=%2Fwp%2Fv2%2Fcategories&post=9277"},{"taxonomy":"post_tag","embeddable":true,"href":"https:\/\/blogsaverroes.juntadeandalucia.es\/iesaxati\/index.php?rest_route=%2Fwp%2Fv2%2Ftags&post=9277"}],"curies":[{"name":"wp","href":"https:\/\/api.w.org\/{rel}","templated":true}]}}