{"id":5375,"date":"2024-12-17T09:43:25","date_gmt":"2024-12-17T09:43:25","guid":{"rendered":"https:\/\/blogsaverroes.juntadeandalucia.es\/iesazahar\/?p=5375"},"modified":"2024-12-17T09:46:30","modified_gmt":"2024-12-17T09:46:30","slug":"25-de-noviembre-dia-internacional-contra-la-violencia-de-genero","status":"publish","type":"post","link":"https:\/\/blogsaverroes.juntadeandalucia.es\/iesazahar\/2024\/12\/17\/25-de-noviembre-dia-internacional-contra-la-violencia-de-genero\/","title":{"rendered":"25 de noviembre: D\u00eda internacional Contra la violencia de g\u00e9nero"},"content":{"rendered":"<h5>Un a\u00f1o m\u00e1s tenemos conmemoramos esta lacra que es la violencia de g\u00e9nero.<\/h5>\n<div id=\"attachment_5376\" style=\"width: 1034px\" class=\"wp-caption alignnone\"><a href=\"https:\/\/blogsaverroes.juntadeandalucia.es\/iesazahar\/files\/2024\/12\/cartel-25N.jpg\"><img loading=\"lazy\" decoding=\"async\" aria-describedby=\"caption-attachment-5376\" class=\"wp-image-5376 size-large\" src=\"https:\/\/blogsaverroes.juntadeandalucia.es\/iesazahar\/files\/2024\/12\/cartel-25N-1024x603.jpg\" alt=\"25N Cartel\" width=\"1024\" height=\"603\" srcset=\"https:\/\/blogsaverroes.juntadeandalucia.es\/iesazahar\/files\/2024\/12\/cartel-25N-1024x603.jpg 1024w, https:\/\/blogsaverroes.juntadeandalucia.es\/iesazahar\/files\/2024\/12\/cartel-25N-300x177.jpg 300w, https:\/\/blogsaverroes.juntadeandalucia.es\/iesazahar\/files\/2024\/12\/cartel-25N-768x452.jpg 768w, https:\/\/blogsaverroes.juntadeandalucia.es\/iesazahar\/files\/2024\/12\/cartel-25N-1536x904.jpg 1536w, https:\/\/blogsaverroes.juntadeandalucia.es\/iesazahar\/files\/2024\/12\/cartel-25N.jpg 1600w\" sizes=\"(max-width: 1024px) 100vw, 1024px\" \/><\/a><p id=\"caption-attachment-5376\" class=\"wp-caption-text\">25N Cartel<\/p><\/div>\n<p>Junto a nuestro banco violeta se ley\u00f3 el <a href=\"https:\/\/drive.google.com\/file\/d\/10FmXFeC8Gsxmunw_-QzgeRqk9o7Tp17d\/view?usp=sharing\" target=\"_blank\" rel=\"noopener\">manifiesto<\/a>&nbsp;reivindicando un mundo m\u00e1s igualitario y libre de violencia machista.<\/p>\n<div id=\"attachment_5377\" style=\"width: 510px\" class=\"wp-caption aligncenter\"><a href=\"https:\/\/blogsaverroes.juntadeandalucia.es\/iesazahar\/files\/2024\/12\/Lectura-manifiesto-25N.jpg\"><img loading=\"lazy\" decoding=\"async\" aria-describedby=\"caption-attachment-5377\" class=\"wp-image-5377\" src=\"https:\/\/blogsaverroes.juntadeandalucia.es\/iesazahar\/files\/2024\/12\/Lectura-manifiesto-25N-300x135.jpg\" alt=\"Lectura\" width=\"500\" height=\"225\" srcset=\"https:\/\/blogsaverroes.juntadeandalucia.es\/iesazahar\/files\/2024\/12\/Lectura-manifiesto-25N-300x135.jpg 300w, https:\/\/blogsaverroes.juntadeandalucia.es\/iesazahar\/files\/2024\/12\/Lectura-manifiesto-25N-1024x461.jpg 1024w, https:\/\/blogsaverroes.juntadeandalucia.es\/iesazahar\/files\/2024\/12\/Lectura-manifiesto-25N-768x346.jpg 768w, https:\/\/blogsaverroes.juntadeandalucia.es\/iesazahar\/files\/2024\/12\/Lectura-manifiesto-25N-1536x691.jpg 1536w, https:\/\/blogsaverroes.juntadeandalucia.es\/iesazahar\/files\/2024\/12\/Lectura-manifiesto-25N.jpg 1600w\" sizes=\"(max-width: 500px) 100vw, 500px\" \/><\/a><p id=\"caption-attachment-5377\" class=\"wp-caption-text\">Lectura<\/p><\/div>\n<h4>Algunas actividades realizadas:<\/h4>\n<h3>Timbre<\/h3>\n<p>El timbre musical del centro se sum\u00f3 a la conmemoraci\u00f3n del 25N denunciando los 83 feminicidios ocurridos durante el a\u00f1o 2024 en Espa\u00f1a, con la colaboraci\u00f3n del alumnado y profesor de m\u00fasica de 4\u00ba de ESO.<\/p>\n<h3>Taller despierta<\/h3>\n<div id=\"attachment_5378\" style=\"width: 410px\" class=\"wp-caption aligncenter\"><a href=\"https:\/\/blogsaverroes.juntadeandalucia.es\/iesazahar\/files\/2024\/12\/Taller-Despierta-2.jpg\"><img loading=\"lazy\" decoding=\"async\" aria-describedby=\"caption-attachment-5378\" class=\"wp-image-5378\" src=\"https:\/\/blogsaverroes.juntadeandalucia.es\/iesazahar\/files\/2024\/12\/Taller-Despierta-2-300x226.jpg\" alt=\"Taller Despierta\" width=\"400\" height=\"301\" srcset=\"https:\/\/blogsaverroes.juntadeandalucia.es\/iesazahar\/files\/2024\/12\/Taller-Despierta-2-300x226.jpg 300w, https:\/\/blogsaverroes.juntadeandalucia.es\/iesazahar\/files\/2024\/12\/Taller-Despierta-2-1024x771.jpg 1024w, https:\/\/blogsaverroes.juntadeandalucia.es\/iesazahar\/files\/2024\/12\/Taller-Despierta-2-768x578.jpg 768w, https:\/\/blogsaverroes.juntadeandalucia.es\/iesazahar\/files\/2024\/12\/Taller-Despierta-2-1536x1157.jpg 1536w, https:\/\/blogsaverroes.juntadeandalucia.es\/iesazahar\/files\/2024\/12\/Taller-Despierta-2-2048x1542.jpg 2048w, https:\/\/blogsaverroes.juntadeandalucia.es\/iesazahar\/files\/2024\/12\/Taller-Despierta-2.jpg 1600w\" sizes=\"(max-width: 400px) 100vw, 400px\" \/><\/a><p id=\"caption-attachment-5378\" class=\"wp-caption-text\">Taller Despierta<\/p><\/div>\n<h3>Term\u00f3metro violeta<\/h3>\n<div id=\"attachment_5391\" style=\"width: 236px\" class=\"wp-caption aligncenter\"><a href=\"https:\/\/blogsaverroes.juntadeandalucia.es\/iesazahar\/files\/2024\/12\/Termometro-bonito.jpg\"><img loading=\"lazy\" decoding=\"async\" aria-describedby=\"caption-attachment-5391\" class=\"size-medium wp-image-5391\" src=\"https:\/\/blogsaverroes.juntadeandalucia.es\/iesazahar\/files\/2024\/12\/Termometro-bonito-226x300.jpg\" alt=\"Te\" width=\"226\" height=\"300\" srcset=\"https:\/\/blogsaverroes.juntadeandalucia.es\/iesazahar\/files\/2024\/12\/Termometro-bonito-226x300.jpg 226w, https:\/\/blogsaverroes.juntadeandalucia.es\/iesazahar\/files\/2024\/12\/Termometro-bonito-771x1024.jpg 771w, https:\/\/blogsaverroes.juntadeandalucia.es\/iesazahar\/files\/2024\/12\/Termometro-bonito-768x1020.jpg 768w, https:\/\/blogsaverroes.juntadeandalucia.es\/iesazahar\/files\/2024\/12\/Termometro-bonito-1157x1536.jpg 1157w, https:\/\/blogsaverroes.juntadeandalucia.es\/iesazahar\/files\/2024\/12\/Termometro-bonito-1542x2048.jpg 1542w, https:\/\/blogsaverroes.juntadeandalucia.es\/iesazahar\/files\/2024\/12\/Termometro-bonito.jpg 1205w\" sizes=\"(max-width: 226px) 100vw, 226px\" \/><\/a><p id=\"caption-attachment-5391\" class=\"wp-caption-text\">Term\u00f3metro<\/p><\/div>\n<h3>Puertas violetas<\/h3>\n<p>Por otro lado, volvimos a realizar el concurso de puertas violetas. Este a\u00f1o la puerta ganadora ha sido la de<strong> 1\u00ba de ESO B.<\/strong><\/p>\n<div id=\"attachment_5390\" style=\"width: 236px\" class=\"wp-caption aligncenter\"><a href=\"https:\/\/blogsaverroes.juntadeandalucia.es\/iesazahar\/files\/2024\/12\/IMG20241217103600.jpg\"><img loading=\"lazy\" decoding=\"async\" aria-describedby=\"caption-attachment-5390\" class=\"size-medium wp-image-5390\" src=\"https:\/\/blogsaverroes.juntadeandalucia.es\/iesazahar\/files\/2024\/12\/IMG20241217103600-226x300.jpg\" alt=\"Puerta violeta\" width=\"226\" height=\"300\" srcset=\"https:\/\/blogsaverroes.juntadeandalucia.es\/iesazahar\/files\/2024\/12\/IMG20241217103600-226x300.jpg 226w, https:\/\/blogsaverroes.juntadeandalucia.es\/iesazahar\/files\/2024\/12\/IMG20241217103600-771x1024.jpg 771w, https:\/\/blogsaverroes.juntadeandalucia.es\/iesazahar\/files\/2024\/12\/IMG20241217103600-768x1020.jpg 768w, https:\/\/blogsaverroes.juntadeandalucia.es\/iesazahar\/files\/2024\/12\/IMG20241217103600-1157x1536.jpg 1157w, https:\/\/blogsaverroes.juntadeandalucia.es\/iesazahar\/files\/2024\/12\/IMG20241217103600-1542x2048.jpg 1542w, https:\/\/blogsaverroes.juntadeandalucia.es\/iesazahar\/files\/2024\/12\/IMG20241217103600.jpg 1205w\" sizes=\"(max-width: 226px) 100vw, 226px\" \/><\/a><p id=\"caption-attachment-5390\" class=\"wp-caption-text\">Puerta violeta<\/p><\/div>\n<p>&nbsp;<\/p>\n","protected":false},"excerpt":{"rendered":"<p>Un a\u00f1o m\u00e1s tenemos conmemoramos esta lacra que es la violencia de g\u00e9nero. Junto a nuestro banco violeta se ley\u00f3 el manifiesto&nbsp;reivindicando un mundo m\u00e1s igualitario y libre de violencia machista. Algunas actividades realizadas: Timbre&#46;&#46;&#46;<\/p>\n","protected":false},"author":7635,"featured_media":0,"comment_status":"closed","ping_status":"closed","sticky":false,"template":"","format":"standard","meta":{"ngg_post_thumbnail":0,"footnotes":""},"categories":[2084757,33096],"tags":[2084788],"aioseo_notices":[],"_links":{"self":[{"href":"https:\/\/blogsaverroes.juntadeandalucia.es\/iesazahar\/wp-json\/wp\/v2\/posts\/5375"}],"collection":[{"href":"https:\/\/blogsaverroes.juntadeandalucia.es\/iesazahar\/wp-json\/wp\/v2\/posts"}],"about":[{"href":"https:\/\/blogsaverroes.juntadeandalucia.es\/iesazahar\/wp-json\/wp\/v2\/types\/post"}],"author":[{"embeddable":true,"href":"https:\/\/blogsaverroes.juntadeandalucia.es\/iesazahar\/wp-json\/wp\/v2\/users\/7635"}],"replies":[{"embeddable":true,"href":"https:\/\/blogsaverroes.juntadeandalucia.es\/iesazahar\/wp-json\/wp\/v2\/comments?post=5375"}],"version-history":[{"count":3,"href":"https:\/\/blogsaverroes.juntadeandalucia.es\/iesazahar\/wp-json\/wp\/v2\/posts\/5375\/revisions"}],"predecessor-version":[{"id":5393,"href":"https:\/\/blogsaverroes.juntadeandalucia.es\/iesazahar\/wp-json\/wp\/v2\/posts\/5375\/revisions\/5393"}],"wp:attachment":[{"href":"https:\/\/blogsaverroes.juntadeandalucia.es\/iesazahar\/wp-json\/wp\/v2\/media?parent=5375"}],"wp:term":[{"taxonomy":"category","embeddable":true,"href":"https:\/\/blogsaverroes.juntadeandalucia.es\/iesazahar\/wp-json\/wp\/v2\/categories?post=5375"},{"taxonomy":"post_tag","embeddable":true,"href":"https:\/\/blogsaverroes.juntadeandalucia.es\/iesazahar\/wp-json\/wp\/v2\/tags?post=5375"}],"curies":[{"name":"wp","href":"https:\/\/api.w.org\/{rel}","templated":true}]}}