{"id":4510,"date":"2020-07-02T07:57:39","date_gmt":"2020-07-02T07:57:39","guid":{"rendered":"https:\/\/blogsaverroes.juntadeandalucia.es\/iesazaharantas\/?p=4510"},"modified":"2020-07-02T08:11:06","modified_gmt":"2020-07-02T08:11:06","slug":"sobre_matricula","status":"publish","type":"post","link":"https:\/\/blogsaverroes.juntadeandalucia.es\/iesazaharantas\/sobre_matricula\/","title":{"rendered":"Seguimiento en directo: Sobre de Matr\u00edcula Electr\u00f3nico"},"content":{"rendered":"\t\t<div data-elementor-type=\"wp-post\" data-elementor-id=\"4510\" class=\"elementor elementor-4510\">\n\t\t\t\t\t\t<section class=\"elementor-section elementor-top-section elementor-element elementor-element-a8d894a elementor-section-boxed elementor-section-height-default elementor-section-height-default\" data-id=\"a8d894a\" data-element_type=\"section\">\n\t\t\t\t\t\t<div class=\"elementor-container elementor-column-gap-default\">\n\t\t\t\t\t<div class=\"elementor-column elementor-col-50 elementor-top-column elementor-element elementor-element-6ee950d\" data-id=\"6ee950d\" data-element_type=\"column\">\n\t\t\t<div class=\"elementor-widget-wrap elementor-element-populated\">\n\t\t\t\t\t\t<div class=\"elementor-element elementor-element-80ff29c elementor-widget elementor-widget-text-editor\" data-id=\"80ff29c\" data-element_type=\"widget\" data-widget_type=\"text-editor.default\">\n\t\t\t\t<div class=\"elementor-widget-container\">\n\t\t\t\t\t\t\t\t\t<p style=\"text-align: justify\">Proceso electr\u00f3nico relacionado con el Sobre de Matr\u00edcula. Desde el d\u00eda de ayer <strong>01 de julio y hasta el 10 de julio<\/strong> (ambos inclusives) todas las familias deben matricular a sus hijos e hijas de manera telem\u00e1tica.<\/p><p style=\"text-align: justify\">Para ello, informaremos en directo sobre la matriculaci\u00f3n puntual de cada uno de los cursos y el porcentaje con respecto a todo el centro.<\/p>\t\t\t\t\t\t\t\t<\/div>\n\t\t\t\t<\/div>\n\t\t\t\t\t<\/div>\n\t\t<\/div>\n\t\t\t\t<div class=\"elementor-column elementor-col-50 elementor-top-column elementor-element elementor-element-a668a0f\" data-id=\"a668a0f\" data-element_type=\"column\">\n\t\t\t<div class=\"elementor-widget-wrap elementor-element-populated\">\n\t\t\t\t\t\t<div class=\"elementor-element elementor-element-7ff6d1d elementor-widget elementor-widget-html\" data-id=\"7ff6d1d\" data-element_type=\"widget\" data-widget_type=\"html.default\">\n\t\t\t\t<div class=\"elementor-widget-container\">\n\t\t\t\t\t<div style=\"width: 100%\"><div style=\"padding-bottom: 87.50%;padding-top: 0;height: 0\"><iframe frameborder=\"0\" width=\"400px\" height=\"350px\" src=\"https:\/\/view.genial.ly\/5efcdb91d069960d7bff9991\" scrolling=\"yes\"><\/iframe> <\/div> <\/div>\t\t\t\t<\/div>\n\t\t\t\t<\/div>\n\t\t\t\t\t<\/div>\n\t\t<\/div>\n\t\t\t\t\t<\/div>\n\t\t<\/section>\n\t\t\t\t<\/div>\n\t\t","protected":false},"excerpt":{"rendered":"<p>Proceso electr\u00f3nico relacionado con el Sobre de Matr\u00edcula. Desde el d\u00eda de ayer 01 de julio y hasta el 10 de julio (ambos inclusives) todas las familias deben matricular a sus hijos e hijas&#46;&#46;&#46;<\/p>\n","protected":false},"author":6109,"featured_media":4513,"comment_status":"open","ping_status":"open","sticky":false,"template":"","format":"standard","meta":{"ngg_post_thumbnail":0,"footnotes":""},"categories":[1963410],"tags":[],"aioseo_notices":[],"_links":{"self":[{"href":"https:\/\/blogsaverroes.juntadeandalucia.es\/iesazaharantas\/wp-json\/wp\/v2\/posts\/4510"}],"collection":[{"href":"https:\/\/blogsaverroes.juntadeandalucia.es\/iesazaharantas\/wp-json\/wp\/v2\/posts"}],"about":[{"href":"https:\/\/blogsaverroes.juntadeandalucia.es\/iesazaharantas\/wp-json\/wp\/v2\/types\/post"}],"author":[{"embeddable":true,"href":"https:\/\/blogsaverroes.juntadeandalucia.es\/iesazaharantas\/wp-json\/wp\/v2\/users\/6109"}],"replies":[{"embeddable":true,"href":"https:\/\/blogsaverroes.juntadeandalucia.es\/iesazaharantas\/wp-json\/wp\/v2\/comments?post=4510"}],"version-history":[{"count":4,"href":"https:\/\/blogsaverroes.juntadeandalucia.es\/iesazaharantas\/wp-json\/wp\/v2\/posts\/4510\/revisions"}],"predecessor-version":[{"id":4515,"href":"https:\/\/blogsaverroes.juntadeandalucia.es\/iesazaharantas\/wp-json\/wp\/v2\/posts\/4510\/revisions\/4515"}],"wp:featuredmedia":[{"embeddable":true,"href":"https:\/\/blogsaverroes.juntadeandalucia.es\/iesazaharantas\/wp-json\/wp\/v2\/media\/4513"}],"wp:attachment":[{"href":"https:\/\/blogsaverroes.juntadeandalucia.es\/iesazaharantas\/wp-json\/wp\/v2\/media?parent=4510"}],"wp:term":[{"taxonomy":"category","embeddable":true,"href":"https:\/\/blogsaverroes.juntadeandalucia.es\/iesazaharantas\/wp-json\/wp\/v2\/categories?post=4510"},{"taxonomy":"post_tag","embeddable":true,"href":"https:\/\/blogsaverroes.juntadeandalucia.es\/iesazaharantas\/wp-json\/wp\/v2\/tags?post=4510"}],"curies":[{"name":"wp","href":"https:\/\/api.w.org\/{rel}","templated":true}]}}