{"id":5304,"date":"2022-03-11T08:21:23","date_gmt":"2022-03-11T08:21:23","guid":{"rendered":"https:\/\/blogsaverroes.juntadeandalucia.es\/iesazaharantas\/?p=5304"},"modified":"2022-03-12T18:44:26","modified_gmt":"2022-03-12T18:44:26","slug":"radio-podcast-une-approche-multiculturelle-franco-espagnole","status":"publish","type":"post","link":"https:\/\/blogsaverroes.juntadeandalucia.es\/iesazaharantas\/radio-podcast-une-approche-multiculturelle-franco-espagnole\/","title":{"rendered":"Radio-podcast : Une approche multiculturelle franco-espagnole."},"content":{"rendered":"\t\t<div data-elementor-type=\"wp-post\" data-elementor-id=\"5304\" class=\"elementor elementor-5304\">\n\t\t\t\t\t\t<section class=\"elementor-section elementor-top-section elementor-element elementor-element-c0b39e9 elementor-section-boxed elementor-section-height-default elementor-section-height-default\" data-id=\"c0b39e9\" data-element_type=\"section\">\n\t\t\t\t\t\t<div class=\"elementor-container elementor-column-gap-default\">\n\t\t\t\t\t<div class=\"elementor-column elementor-col-100 elementor-top-column elementor-element elementor-element-cff676b\" data-id=\"cff676b\" data-element_type=\"column\">\n\t\t\t<div class=\"elementor-widget-wrap elementor-element-populated\">\n\t\t\t\t\t\t<div class=\"elementor-element elementor-element-d1b9b4f elementor-widget elementor-widget-image\" data-id=\"d1b9b4f\" data-element_type=\"widget\" data-widget_type=\"image.default\">\n\t\t\t\t<div class=\"elementor-widget-container\">\n\t\t\t\t\t\t\t\t\t\t\t\t\t\t\t<img decoding=\"async\" src=\"https:\/\/blogsaverroes.juntadeandalucia.es\/iesazaharantas\/files\/2022\/03\/imagenetwinning.jpg\" title=\"\" alt=\"\" loading=\"lazy\" \/>\t\t\t\t\t\t\t\t\t\t\t\t\t\t\t<\/div>\n\t\t\t\t<\/div>\n\t\t\t\t\t<\/div>\n\t\t<\/div>\n\t\t\t\t\t<\/div>\n\t\t<\/section>\n\t\t\t\t<section class=\"elementor-section elementor-top-section elementor-element elementor-element-d6885a9 elementor-section-boxed elementor-section-height-default elementor-section-height-default\" data-id=\"d6885a9\" data-element_type=\"section\">\n\t\t\t\t\t\t<div class=\"elementor-container elementor-column-gap-default\">\n\t\t\t\t\t<div class=\"elementor-column elementor-col-100 elementor-top-column elementor-element elementor-element-94bfa70\" data-id=\"94bfa70\" data-element_type=\"column\">\n\t\t\t<div class=\"elementor-widget-wrap elementor-element-populated\">\n\t\t\t\t\t\t<div class=\"elementor-element elementor-element-f072229 elementor-widget elementor-widget-text-editor\" data-id=\"f072229\" data-element_type=\"widget\" data-widget_type=\"text-editor.default\">\n\t\t\t\t<div class=\"elementor-widget-container\">\n\t\t\t\t\t\t\t\t\t<p style=\"text-align: justify\">\u00a0Los centros IES Azahar (Antas) y Lyc\u00e9e Sainte Louise (Paris) les presentan el resultado de su colaboraci\u00f3n desde el mes de septiembre hasta el mes de febrero. El alumnado de 4\u00ba de ESO de Franc\u00e9s y de Seconde de Espa\u00f1ol ha participado de manera conjunta en varias actividades cuyo resultado queda reflejado en la siguiente presentaci\u00f3n. Se han conocido, han hablado de sus pueblos y ciudades, de los deportes regionales de cada pa\u00eds y finalmente, han creado una serie de podcasts ( programas de radio en diferido) d\u00f3nde hablan de estos dos aspectos. <a href=\"https:\/\/wp.me\/PbxdaB-2q\">[M\u00e1s informaci\u00f3n]<\/a><\/p>\t\t\t\t\t\t\t\t<\/div>\n\t\t\t\t<\/div>\n\t\t\t\t\t<\/div>\n\t\t<\/div>\n\t\t\t\t\t<\/div>\n\t\t<\/section>\n\t\t\t\t<\/div>\n\t\t","protected":false},"excerpt":{"rendered":"<p>&nbsp;Los centros IES Azahar (Antas) y Lyc\u00e9e Sainte Louise (Paris) les presentan el resultado de su colaboraci\u00f3n desde el mes de septiembre hasta el mes de febrero. El alumnado de 4\u00ba de ESO de&#46;&#46;&#46;<\/p>\n","protected":false},"author":6109,"featured_media":5359,"comment_status":"open","ping_status":"open","sticky":false,"template":"","format":"standard","meta":{"ngg_post_thumbnail":0,"footnotes":""},"categories":[32,31191],"tags":[],"aioseo_notices":[],"_links":{"self":[{"href":"https:\/\/blogsaverroes.juntadeandalucia.es\/iesazaharantas\/wp-json\/wp\/v2\/posts\/5304"}],"collection":[{"href":"https:\/\/blogsaverroes.juntadeandalucia.es\/iesazaharantas\/wp-json\/wp\/v2\/posts"}],"about":[{"href":"https:\/\/blogsaverroes.juntadeandalucia.es\/iesazaharantas\/wp-json\/wp\/v2\/types\/post"}],"author":[{"embeddable":true,"href":"https:\/\/blogsaverroes.juntadeandalucia.es\/iesazaharantas\/wp-json\/wp\/v2\/users\/6109"}],"replies":[{"embeddable":true,"href":"https:\/\/blogsaverroes.juntadeandalucia.es\/iesazaharantas\/wp-json\/wp\/v2\/comments?post=5304"}],"version-history":[{"count":16,"href":"https:\/\/blogsaverroes.juntadeandalucia.es\/iesazaharantas\/wp-json\/wp\/v2\/posts\/5304\/revisions"}],"predecessor-version":[{"id":5326,"href":"https:\/\/blogsaverroes.juntadeandalucia.es\/iesazaharantas\/wp-json\/wp\/v2\/posts\/5304\/revisions\/5326"}],"wp:featuredmedia":[{"embeddable":true,"href":"https:\/\/blogsaverroes.juntadeandalucia.es\/iesazaharantas\/wp-json\/wp\/v2\/media\/5359"}],"wp:attachment":[{"href":"https:\/\/blogsaverroes.juntadeandalucia.es\/iesazaharantas\/wp-json\/wp\/v2\/media?parent=5304"}],"wp:term":[{"taxonomy":"category","embeddable":true,"href":"https:\/\/blogsaverroes.juntadeandalucia.es\/iesazaharantas\/wp-json\/wp\/v2\/categories?post=5304"},{"taxonomy":"post_tag","embeddable":true,"href":"https:\/\/blogsaverroes.juntadeandalucia.es\/iesazaharantas\/wp-json\/wp\/v2\/tags?post=5304"}],"curies":[{"name":"wp","href":"https:\/\/api.w.org\/{rel}","templated":true}]}}