{"id":7181,"date":"2023-05-21T15:41:34","date_gmt":"2023-05-21T15:41:34","guid":{"rendered":"https:\/\/blogsaverroes.juntadeandalucia.es\/iesazaharantas\/?p=7181"},"modified":"2023-05-21T15:47:18","modified_gmt":"2023-05-21T15:47:18","slug":"visita-parque-de-las-ciencias-granada","status":"publish","type":"post","link":"https:\/\/blogsaverroes.juntadeandalucia.es\/iesazaharantas\/visita-parque-de-las-ciencias-granada\/","title":{"rendered":"Visita Parque de las Ciencias (Granada)"},"content":{"rendered":"\t\t<div data-elementor-type=\"wp-post\" data-elementor-id=\"7181\" class=\"elementor elementor-7181\">\n\t\t\t\t\t\t<section class=\"elementor-section elementor-top-section elementor-element elementor-element-c9a3a16 elementor-section-boxed elementor-section-height-default elementor-section-height-default\" data-id=\"c9a3a16\" data-element_type=\"section\">\n\t\t\t\t\t\t<div class=\"elementor-container elementor-column-gap-default\">\n\t\t\t\t\t<div class=\"elementor-column elementor-col-100 elementor-top-column elementor-element elementor-element-6d7fa1b\" data-id=\"6d7fa1b\" data-element_type=\"column\">\n\t\t\t<div class=\"elementor-widget-wrap elementor-element-populated\">\n\t\t\t\t\t\t<div class=\"elementor-element elementor-element-ce8778c elementor-widget elementor-widget-text-editor\" data-id=\"ce8778c\" data-element_type=\"widget\" data-widget_type=\"text-editor.default\">\n\t\t\t\t<div class=\"elementor-widget-container\">\n\t\t\t\t\t\t\t\t\t<p style=\"text-align: justify\">El pasado d\u00eda 17 de mayo el alumando de 1\u00ba E.S.O. visit\u00f3 el Parque de las Ciencias en Granada y donde pudimos disfrutar de diferentes exposiciones permanentes y de diferentes tem\u00e1ticas de la ciencia: mundo animal, cuerpo humano, astronom\u00eda, geolog\u00eda, bot\u00e1nica, etc.<\/p>\t\t\t\t\t\t\t\t<\/div>\n\t\t\t\t<\/div>\n\t\t\t\t\t<\/div>\n\t\t<\/div>\n\t\t\t\t\t<\/div>\n\t\t<\/section>\n\t\t\t\t<section class=\"elementor-section elementor-top-section elementor-element elementor-element-6ba1aba elementor-section-boxed elementor-section-height-default elementor-section-height-default\" data-id=\"6ba1aba\" data-element_type=\"section\">\n\t\t\t\t\t\t<div class=\"elementor-container elementor-column-gap-default\">\n\t\t\t\t\t<div class=\"elementor-column elementor-col-100 elementor-top-column elementor-element elementor-element-94d8cee\" data-id=\"94d8cee\" data-element_type=\"column\">\n\t\t\t<div class=\"elementor-widget-wrap elementor-element-populated\">\n\t\t\t\t\t\t<div class=\"elementor-element elementor-element-deb5010 elementor-widget elementor-widget-image\" data-id=\"deb5010\" data-element_type=\"widget\" data-widget_type=\"image.default\">\n\t\t\t\t<div class=\"elementor-widget-container\">\n\t\t\t\t\t\t\t\t\t\t\t\t\t\t\t<img fetchpriority=\"high\" decoding=\"async\" width=\"1024\" height=\"768\" src=\"https:\/\/blogsaverroes.juntadeandalucia.es\/iesazaharantas\/files\/2023\/05\/IMG20230517114119-1024x768.jpg\" class=\"attachment-large size-large wp-image-7182\" alt=\"\" srcset=\"https:\/\/blogsaverroes.juntadeandalucia.es\/iesazaharantas\/files\/2023\/05\/IMG20230517114119-1024x768.jpg 1024w, https:\/\/blogsaverroes.juntadeandalucia.es\/iesazaharantas\/files\/2023\/05\/IMG20230517114119-300x225.jpg 300w, https:\/\/blogsaverroes.juntadeandalucia.es\/iesazaharantas\/files\/2023\/05\/IMG20230517114119-150x113.jpg 150w, https:\/\/blogsaverroes.juntadeandalucia.es\/iesazaharantas\/files\/2023\/05\/IMG20230517114119-768x576.jpg 768w, https:\/\/blogsaverroes.juntadeandalucia.es\/iesazaharantas\/files\/2023\/05\/IMG20230517114119-1536x1152.jpg 1536w, https:\/\/blogsaverroes.juntadeandalucia.es\/iesazaharantas\/files\/2023\/05\/IMG20230517114119-2048x1536.jpg 2048w\" sizes=\"(max-width: 1024px) 100vw, 1024px\" \/>\t\t\t\t\t\t\t\t\t\t\t\t\t\t\t<\/div>\n\t\t\t\t<\/div>\n\t\t\t\t\t<\/div>\n\t\t<\/div>\n\t\t\t\t\t<\/div>\n\t\t<\/section>\n\t\t\t\t<section class=\"elementor-section elementor-top-section elementor-element elementor-element-8f392c1 elementor-section-boxed elementor-section-height-default elementor-section-height-default\" data-id=\"8f392c1\" data-element_type=\"section\">\n\t\t\t\t\t\t<div class=\"elementor-container elementor-column-gap-default\">\n\t\t\t\t\t<div class=\"elementor-column elementor-col-100 elementor-top-column elementor-element elementor-element-2d8b5d9\" data-id=\"2d8b5d9\" data-element_type=\"column\">\n\t\t\t<div class=\"elementor-widget-wrap elementor-element-populated\">\n\t\t\t\t\t\t<div class=\"elementor-element elementor-element-7248313 elementor-widget elementor-widget-text-editor\" data-id=\"7248313\" data-element_type=\"widget\" data-widget_type=\"text-editor.default\">\n\t\t\t\t<div class=\"elementor-widget-container\">\n\t\t\t\t\t\t\t\t\t<p style=\"text-align: justify\">Unos de los espacios que m\u00e1s ha gustado a nuestros alumnos y alumnas ha sido el BioDomo, ventana a la Vida que tiene como eje principal la biodiversidad del planeta y en concreto del mundo animal en especial basado en los pa\u00edses tropicales a lo largo de todos los continentes.<\/p>\t\t\t\t\t\t\t\t<\/div>\n\t\t\t\t<\/div>\n\t\t\t\t\t<\/div>\n\t\t<\/div>\n\t\t\t\t\t<\/div>\n\t\t<\/section>\n\t\t\t\t<section class=\"elementor-section elementor-top-section elementor-element elementor-element-c979f6f elementor-section-boxed elementor-section-height-default elementor-section-height-default\" data-id=\"c979f6f\" data-element_type=\"section\">\n\t\t\t\t\t\t<div class=\"elementor-container elementor-column-gap-default\">\n\t\t\t\t\t<div class=\"elementor-column elementor-col-100 elementor-top-column elementor-element elementor-element-5b29dc9\" data-id=\"5b29dc9\" data-element_type=\"column\">\n\t\t\t<div class=\"elementor-widget-wrap elementor-element-populated\">\n\t\t\t\t\t\t<div class=\"elementor-element elementor-element-1070f3b elementor-widget elementor-widget-image\" data-id=\"1070f3b\" data-element_type=\"widget\" data-widget_type=\"image.default\">\n\t\t\t\t<div class=\"elementor-widget-container\">\n\t\t\t\t\t\t\t\t\t\t\t\t\t\t\t<img decoding=\"async\" width=\"768\" height=\"1024\" src=\"https:\/\/blogsaverroes.juntadeandalucia.es\/iesazaharantas\/files\/2023\/05\/IMG20230517173053-768x1024.jpg\" class=\"attachment-large size-large wp-image-7183\" alt=\"\" srcset=\"https:\/\/blogsaverroes.juntadeandalucia.es\/iesazaharantas\/files\/2023\/05\/IMG20230517173053-768x1024.jpg 768w, https:\/\/blogsaverroes.juntadeandalucia.es\/iesazaharantas\/files\/2023\/05\/IMG20230517173053-225x300.jpg 225w, https:\/\/blogsaverroes.juntadeandalucia.es\/iesazaharantas\/files\/2023\/05\/IMG20230517173053-113x150.jpg 113w, https:\/\/blogsaverroes.juntadeandalucia.es\/iesazaharantas\/files\/2023\/05\/IMG20230517173053-1152x1536.jpg 1152w, https:\/\/blogsaverroes.juntadeandalucia.es\/iesazaharantas\/files\/2023\/05\/IMG20230517173053-1536x2048.jpg 1536w, https:\/\/blogsaverroes.juntadeandalucia.es\/iesazaharantas\/files\/2023\/05\/IMG20230517173053-scaled.jpg 1920w\" sizes=\"(max-width: 768px) 100vw, 768px\" \/>\t\t\t\t\t\t\t\t\t\t\t\t\t\t\t<\/div>\n\t\t\t\t<\/div>\n\t\t\t\t\t<\/div>\n\t\t<\/div>\n\t\t\t\t\t<\/div>\n\t\t<\/section>\n\t\t\t\t<section class=\"elementor-section elementor-top-section elementor-element elementor-element-3ae5728 elementor-section-boxed elementor-section-height-default elementor-section-height-default\" data-id=\"3ae5728\" data-element_type=\"section\">\n\t\t\t\t\t\t<div class=\"elementor-container elementor-column-gap-default\">\n\t\t\t\t\t<div class=\"elementor-column elementor-col-100 elementor-top-column elementor-element elementor-element-d5055c9\" data-id=\"d5055c9\" data-element_type=\"column\">\n\t\t\t<div class=\"elementor-widget-wrap elementor-element-populated\">\n\t\t\t\t\t\t<div class=\"elementor-element elementor-element-f16f0ec elementor-widget elementor-widget-text-editor\" data-id=\"f16f0ec\" data-element_type=\"widget\" data-widget_type=\"text-editor.default\">\n\t\t\t\t<div class=\"elementor-widget-container\">\n\t\t\t\t\t\t\t\t\t<p>Se pueden visionar todas las im\u00e1gines que hemos realizado durante la visita al Parque de las Ciencias en Granada. [<a title=\"Galer\u00eda de Im\u00e1genes Parque de las Ciencias en Granada\" href=\"https:\/\/blogsaverroes.juntadeandalucia.es\/iesazaharantas\/galeria-22_23\/nggallery\/galeriaimagenes2223\/parque-de-las-ciencias-granada\">Ver Galer\u00eda de Im\u00e1genes<\/a>]<\/p>\t\t\t\t\t\t\t\t<\/div>\n\t\t\t\t<\/div>\n\t\t\t\t\t<\/div>\n\t\t<\/div>\n\t\t\t\t\t<\/div>\n\t\t<\/section>\n\t\t\t\t<\/div>\n\t\t","protected":false},"excerpt":{"rendered":"<p>El pasado d\u00eda 17 de mayo el alumando de 1\u00ba E.S.O. visit\u00f3 el Parque de las Ciencias en Granada y donde pudimos disfrutar de diferentes exposiciones permanentes y de diferentes tem\u00e1ticas de la ciencia:&#46;&#46;&#46;<\/p>\n","protected":false},"author":6109,"featured_media":7182,"comment_status":"open","ping_status":"open","sticky":false,"template":"","format":"standard","meta":{"ngg_post_thumbnail":0,"footnotes":""},"categories":[32],"tags":[],"aioseo_notices":[],"_links":{"self":[{"href":"https:\/\/blogsaverroes.juntadeandalucia.es\/iesazaharantas\/wp-json\/wp\/v2\/posts\/7181"}],"collection":[{"href":"https:\/\/blogsaverroes.juntadeandalucia.es\/iesazaharantas\/wp-json\/wp\/v2\/posts"}],"about":[{"href":"https:\/\/blogsaverroes.juntadeandalucia.es\/iesazaharantas\/wp-json\/wp\/v2\/types\/post"}],"author":[{"embeddable":true,"href":"https:\/\/blogsaverroes.juntadeandalucia.es\/iesazaharantas\/wp-json\/wp\/v2\/users\/6109"}],"replies":[{"embeddable":true,"href":"https:\/\/blogsaverroes.juntadeandalucia.es\/iesazaharantas\/wp-json\/wp\/v2\/comments?post=7181"}],"version-history":[{"count":4,"href":"https:\/\/blogsaverroes.juntadeandalucia.es\/iesazaharantas\/wp-json\/wp\/v2\/posts\/7181\/revisions"}],"predecessor-version":[{"id":7187,"href":"https:\/\/blogsaverroes.juntadeandalucia.es\/iesazaharantas\/wp-json\/wp\/v2\/posts\/7181\/revisions\/7187"}],"wp:featuredmedia":[{"embeddable":true,"href":"https:\/\/blogsaverroes.juntadeandalucia.es\/iesazaharantas\/wp-json\/wp\/v2\/media\/7182"}],"wp:attachment":[{"href":"https:\/\/blogsaverroes.juntadeandalucia.es\/iesazaharantas\/wp-json\/wp\/v2\/media?parent=7181"}],"wp:term":[{"taxonomy":"category","embeddable":true,"href":"https:\/\/blogsaverroes.juntadeandalucia.es\/iesazaharantas\/wp-json\/wp\/v2\/categories?post=7181"},{"taxonomy":"post_tag","embeddable":true,"href":"https:\/\/blogsaverroes.juntadeandalucia.es\/iesazaharantas\/wp-json\/wp\/v2\/tags?post=7181"}],"curies":[{"name":"wp","href":"https:\/\/api.w.org\/{rel}","templated":true}]}}