{"id":2160,"date":"2019-04-29T11:00:27","date_gmt":"2019-04-29T09:00:27","guid":{"rendered":"http:\/\/blogsaverroes.juntadeandalucia.es\/iesbaeloclaudiatarifa\/?p=2160"},"modified":"2019-04-30T18:03:42","modified_gmt":"2019-04-30T16:03:42","slug":"visita-al-jardin-botanico-el-aljibe-y-a-la-suberoteca-de-andalucia","status":"publish","type":"post","link":"https:\/\/blogsaverroes.juntadeandalucia.es\/iesbaeloclaudiatarifa\/?p=2160","title":{"rendered":"Visita al Jard\u00edn Bot\u00e1nico \u00abEl Aljibe\u00bb y a la Suberoteca de Andaluc\u00eda"},"content":{"rendered":"<p style=\"text-align: justify\">El pasado 25 de abril realizamos una visita a la Suberoteca de Andaluc\u00eda, el Centro de visitantes del P.N&nbsp; \u00abLos Alcornocales\u00bb y el Jard\u00edn Bot\u00e1nico \u00abEl Aljibe\u00bb.&nbsp; Particip\u00f3 el alumnado de 1\u00ba ESO C y \u00abBiolog\u00eda y Geolog\u00eda\u00bb de 4\u00ba de ESO, acompa\u00f1ado por Ilari Bilbao, Marisa Quir\u00f3s y la que escribe estas l\u00edneas.<\/p>\n<p style=\"text-align: justify\">En la Suberoteca de Andaluc\u00eda,&nbsp; un lugar realmente interesante, hemos aprendido muchas cosas sobre el alcornoque y el corcho, sus usos tradicionales e industria. En el Centro de&nbsp; visitantes y el Jard\u00edn Bot\u00e1nico \u00abEl Aljibe\u00bb&nbsp; adem\u00e1s de conocer m\u00e1s y mejor las plantas de nuestro entorno participamos en un taller de plantas arom\u00e1ticas en el que elaboramos colonia de lavanda.&nbsp;<\/p>\n<p style=\"text-align: justify\">Tambi\u00e9n hemos aprovechado la visita al hermoso Jard\u00edn para desarrollar nuestra faceta de artistas y hacer fotograf\u00edas de las plantas. Podr\u00e9is ver nuestras mejores obras en la Exposici\u00f3n que se instalar\u00e1 para celebrar el D\u00eda Mundial de la Biodiversidad el 22 de mayo. Como&nbsp; muestra y anticipo, a continuaci\u00f3n las fant\u00e1sticas fotos realizadas por Eric Bira de 1\u00ba ESO C :<\/p>\nngg_shortcode_0_placeholder\n<p style=\"text-align: justify\">Muchas gracias a Gonzalo y los dem\u00e1s monitores de la actividad por su trabajo y simpat\u00eda,&nbsp; y por los tres peque\u00f1os alcornoques que nos han regalado para nuestro vivero, los cuidaremos con todo nuestro cari\u00f1o y empe\u00f1o.&nbsp; Y enhorabuena a nuestros alumnos por su excelente actitud y comportamiento.&nbsp;<\/p>\n<p>Y, como siempre, nuestro reportaje gr\u00e1fico de la actividad. En primer lugar el v\u00eddeo de Marisa:<\/p>\n<div style=\"width: 640px;\" class=\"wp-video\"><!--[if lt IE 9]><script>document.createElement('video');<\/script><![endif]-->\n<video class=\"wp-video-shortcode\" id=\"video-2160-1\" width=\"640\" height=\"360\" preload=\"metadata\" controls=\"controls\"><source type=\"video\/mp4\" src=\"https:\/\/blogsaverroes.juntadeandalucia.es\/iesbaeloclaudiatarifa\/files\/2019\/04\/VID-20190430-WA0001.mp4?_=1\" \/><a href=\"https:\/\/blogsaverroes.juntadeandalucia.es\/iesbaeloclaudiatarifa\/files\/2019\/04\/VID-20190430-WA0001.mp4\">https:\/\/blogsaverroes.juntadeandalucia.es\/iesbaeloclaudiatarifa\/files\/2019\/04\/VID-20190430-WA0001.mp4<\/a><\/video><\/div>\n<p>Y aqu\u00ed mis fotos:<\/p>\nngg_shortcode_1_placeholder\n<p>&nbsp;<\/p>\n<p>&nbsp;<\/p>\n<p>&nbsp;<\/p>\n<p>&nbsp;<\/p>\n","protected":false},"excerpt":{"rendered":"<p>El pasado 25 de abril realizamos una visita a la Suberoteca de Andaluc\u00eda, el Centro de visitantes del P.N&nbsp; \u00abLos Alcornocales\u00bb y el Jard\u00edn Bot\u00e1nico \u00abEl Aljibe\u00bb.&nbsp; Particip\u00f3 el alumnado de 1\u00ba ESO C&#46;&#46;&#46;<\/p>\n","protected":false},"author":3600,"featured_media":2215,"comment_status":"open","ping_status":"open","sticky":false,"template":"","format":"standard","meta":{"ngg_post_thumbnail":0,"footnotes":""},"categories":[217183,1348587,734855,1103681],"tags":[],"aioseo_notices":[],"_links":{"self":[{"href":"https:\/\/blogsaverroes.juntadeandalucia.es\/iesbaeloclaudiatarifa\/index.php?rest_route=\/wp\/v2\/posts\/2160"}],"collection":[{"href":"https:\/\/blogsaverroes.juntadeandalucia.es\/iesbaeloclaudiatarifa\/index.php?rest_route=\/wp\/v2\/posts"}],"about":[{"href":"https:\/\/blogsaverroes.juntadeandalucia.es\/iesbaeloclaudiatarifa\/index.php?rest_route=\/wp\/v2\/types\/post"}],"author":[{"embeddable":true,"href":"https:\/\/blogsaverroes.juntadeandalucia.es\/iesbaeloclaudiatarifa\/index.php?rest_route=\/wp\/v2\/users\/3600"}],"replies":[{"embeddable":true,"href":"https:\/\/blogsaverroes.juntadeandalucia.es\/iesbaeloclaudiatarifa\/index.php?rest_route=%2Fwp%2Fv2%2Fcomments&post=2160"}],"version-history":[{"count":16,"href":"https:\/\/blogsaverroes.juntadeandalucia.es\/iesbaeloclaudiatarifa\/index.php?rest_route=\/wp\/v2\/posts\/2160\/revisions"}],"predecessor-version":[{"id":2219,"href":"https:\/\/blogsaverroes.juntadeandalucia.es\/iesbaeloclaudiatarifa\/index.php?rest_route=\/wp\/v2\/posts\/2160\/revisions\/2219"}],"wp:featuredmedia":[{"embeddable":true,"href":"https:\/\/blogsaverroes.juntadeandalucia.es\/iesbaeloclaudiatarifa\/index.php?rest_route=\/wp\/v2\/media\/2215"}],"wp:attachment":[{"href":"https:\/\/blogsaverroes.juntadeandalucia.es\/iesbaeloclaudiatarifa\/index.php?rest_route=%2Fwp%2Fv2%2Fmedia&parent=2160"}],"wp:term":[{"taxonomy":"category","embeddable":true,"href":"https:\/\/blogsaverroes.juntadeandalucia.es\/iesbaeloclaudiatarifa\/index.php?rest_route=%2Fwp%2Fv2%2Fcategories&post=2160"},{"taxonomy":"post_tag","embeddable":true,"href":"https:\/\/blogsaverroes.juntadeandalucia.es\/iesbaeloclaudiatarifa\/index.php?rest_route=%2Fwp%2Fv2%2Ftags&post=2160"}],"curies":[{"name":"wp","href":"https:\/\/api.w.org\/{rel}","templated":true}]}}