{"id":2941,"date":"2021-05-22T11:59:37","date_gmt":"2021-05-22T09:59:37","guid":{"rendered":"http:\/\/blogsaverroes.juntadeandalucia.es\/iesbaeloclaudiatarifa\/?p=2941"},"modified":"2021-05-23T16:17:57","modified_gmt":"2021-05-23T14:17:57","slug":"proyecto-s-o-s-chorlitejo-patinegro","status":"publish","type":"post","link":"https:\/\/blogsaverroes.juntadeandalucia.es\/iesbaeloclaudiatarifa\/?p=2941","title":{"rendered":"Proyecto \u00abS.O.S. Chorlitejo patinegro\u00bb"},"content":{"rendered":"<p style=\"text-align: justify\">Con la instalaci\u00f3n de los carteles elaborados en clase de Cultura cient\u00edfica de 4\u00ba finalizamos, por este curso, nuestra colaboraci\u00f3n con este precioso, loable y necesario proyecto llevado a cabo por voluntarios. Y de acuerdo con sus objetivos tenemos la esperanza de que nuestra peque\u00f1a contribuci\u00f3n sirva para:<\/p>\n<ul style=\"text-align: justify\">\n<li style=\"text-align: justify\">Dar a conocer y recordar que la playa de Los Lances es un ecosistema muy valioso.<\/li>\n<li style=\"text-align: justify\">Informar de que existe una zona de cr\u00eda del chorlitejo patinegro y se\u00f1alizarla para intentar protegerla.<\/li>\n<li style=\"text-align: justify\">Convencer de que siguiendo unas normas muy sencillas podemos proteger esta especie, incluida en la categor\u00eda de \u201cVulnerable\u201d en el Libro Rojo de las aves de Espa\u00f1a y considerada como \u201cDe inter\u00e9s especial\u201d en el Cat\u00e1logo Nacional de Especies Amenazadas.<\/li>\n<li style=\"text-align: justify\">Concienciar de que el cuidado de los ecosistemas costeros y de esta especie depende de la cooperaci\u00f3n ciudadana y es responsabilidad de todos.<\/li>\n<\/ul>\n<p style=\"text-align: justify\">El jueves 20 de mayo salimos para instalar los carteles, intentando rodear con ellos en lo posible una parte de la zona protegida en la que el chorlitejo patinegro sufre diaria y constantemente muchas amenazas: personas cruzando las dunas, perros sueltos, kite en la laguna&#8230; Nos acompa\u00f1aron Salva, May (mi compa\u00f1era de Matem\u00e1ticas) y un polluelo de chorlitejo patinegro que Salva hab\u00eda rescatado el domingo en la playa de Bolonia despu\u00e9s de que la avalancha humana hubiera pisoteado a sus hermanos. La tremenda levantera fue todo un desaf\u00edo, tanto para la resistencia de los carteles como para nuestra cordura, pero con ganas y empe\u00f1o conseguimos colocarlos. Mis alumnos no s\u00f3lo soportaron el levante sin quejarse sino que todav\u00eda tuvieron humor suficiente para llevar los carteles \u00aben procesi\u00f3n\u00bb y dedicarles alabanzas como si de la Virgen de la Luz se tratase (siempre est\u00e1n dispuestos para&nbsp; el cachondeo&#8230;). Quiero darles la enhorabuena y felicitarles por su actitud, por todo el trabajo realizado y por las ganas e ilusi\u00f3n que han puesto en el proyecto.<\/p>\n<p style=\"text-align: justify\">Mi sincero agradecimiento a todos los que han participado y colaborado:&nbsp; mis alumnos, los voluntarios Salva y Bea , Jorge (Director del P.N de \u00abEl Estrecho)&nbsp; y David (agente de medio ambiente), mis compa\u00f1eros Ilari y May, el responsable de Mantenimiento, Javi, y el director del centro, Marcos. Creo que todos nos sentimos felices de haber formado parte de esta hermosa experiencia.<\/p>\nngg_shortcode_0_placeholder\n<p>A\u00f1ado aqu\u00ed dos v\u00eddeos para que pod\u00e1is conocer mejor al chorlitejo patinegro y la historia, objetivos y logros de este proyecto:<\/p>\n<p><iframe loading=\"lazy\" src=\"\/\/www.youtube.com\/embed\/dJkY5djZSJI\" width=\"560\" height=\"315\" frameborder=\"0\"><\/iframe><\/p>\n<p><iframe loading=\"lazy\" src=\"\/\/www.youtube.com\/embed\/Evpkdz46meQ\" width=\"560\" height=\"315\" frameborder=\"0\"><\/iframe><\/p>\n","protected":false},"excerpt":{"rendered":"<p>Con la instalaci\u00f3n de los carteles elaborados en clase de Cultura cient\u00edfica de 4\u00ba finalizamos, por este curso, nuestra colaboraci\u00f3n con este precioso, loable y necesario proyecto llevado a cabo por voluntarios. Y de&#46;&#46;&#46;<\/p>\n","protected":false},"author":3600,"featured_media":2974,"comment_status":"open","ping_status":"open","sticky":false,"template":"","format":"standard","meta":{"ngg_post_thumbnail":0,"footnotes":""},"categories":[1348937,734855],"tags":[],"aioseo_notices":[],"_links":{"self":[{"href":"https:\/\/blogsaverroes.juntadeandalucia.es\/iesbaeloclaudiatarifa\/index.php?rest_route=\/wp\/v2\/posts\/2941"}],"collection":[{"href":"https:\/\/blogsaverroes.juntadeandalucia.es\/iesbaeloclaudiatarifa\/index.php?rest_route=\/wp\/v2\/posts"}],"about":[{"href":"https:\/\/blogsaverroes.juntadeandalucia.es\/iesbaeloclaudiatarifa\/index.php?rest_route=\/wp\/v2\/types\/post"}],"author":[{"embeddable":true,"href":"https:\/\/blogsaverroes.juntadeandalucia.es\/iesbaeloclaudiatarifa\/index.php?rest_route=\/wp\/v2\/users\/3600"}],"replies":[{"embeddable":true,"href":"https:\/\/blogsaverroes.juntadeandalucia.es\/iesbaeloclaudiatarifa\/index.php?rest_route=%2Fwp%2Fv2%2Fcomments&post=2941"}],"version-history":[{"count":20,"href":"https:\/\/blogsaverroes.juntadeandalucia.es\/iesbaeloclaudiatarifa\/index.php?rest_route=\/wp\/v2\/posts\/2941\/revisions"}],"predecessor-version":[{"id":2980,"href":"https:\/\/blogsaverroes.juntadeandalucia.es\/iesbaeloclaudiatarifa\/index.php?rest_route=\/wp\/v2\/posts\/2941\/revisions\/2980"}],"wp:featuredmedia":[{"embeddable":true,"href":"https:\/\/blogsaverroes.juntadeandalucia.es\/iesbaeloclaudiatarifa\/index.php?rest_route=\/wp\/v2\/media\/2974"}],"wp:attachment":[{"href":"https:\/\/blogsaverroes.juntadeandalucia.es\/iesbaeloclaudiatarifa\/index.php?rest_route=%2Fwp%2Fv2%2Fmedia&parent=2941"}],"wp:term":[{"taxonomy":"category","embeddable":true,"href":"https:\/\/blogsaverroes.juntadeandalucia.es\/iesbaeloclaudiatarifa\/index.php?rest_route=%2Fwp%2Fv2%2Fcategories&post=2941"},{"taxonomy":"post_tag","embeddable":true,"href":"https:\/\/blogsaverroes.juntadeandalucia.es\/iesbaeloclaudiatarifa\/index.php?rest_route=%2Fwp%2Fv2%2Ftags&post=2941"}],"curies":[{"name":"wp","href":"https:\/\/api.w.org\/{rel}","templated":true}]}}