{"id":886,"date":"2025-08-29T13:19:27","date_gmt":"2025-08-29T11:19:27","guid":{"rendered":"https:\/\/blogsaverroes.juntadeandalucia.es\/iesbahiamarbella\/?p=886"},"modified":"2025-08-29T13:23:21","modified_gmt":"2025-08-29T11:23:21","slug":"vuelta-a-la-normalidad","status":"publish","type":"post","link":"https:\/\/blogsaverroes.juntadeandalucia.es\/iesbahiamarbella\/vuelta-a-la-normalidad\/","title":{"rendered":"Vuelta a la normalidad"},"content":{"rendered":"<p>El pr\u00f3ximo d\u00eda 1 de Septiembre, el centro retomar\u00e1 la actividad administrativa en horario de 9:00 a 13:30. El profesorado de nueva incorporaci\u00f3n al IES debe incorporarse a las 12:00. Durante los pr\u00f3ximos d\u00edas, se publicar\u00e1n las fechas y horarios para la incorporaci\u00f3n del alumnado.<\/p>\n","protected":false},"excerpt":{"rendered":"<p>El pr\u00f3ximo d\u00eda 1 de Septiembre, el centro retomar\u00e1 la actividad administrativa en horario de 9:00 a 13:30. El profesorado de nueva incorporaci\u00f3n al IES debe incorporarse a las 12:00. Durante los pr\u00f3ximos d\u00edas, se publicar\u00e1n las fechas y horarios para la incorporaci\u00f3n del alumnado.<\/p>\n","protected":false},"author":13212,"featured_media":0,"comment_status":"closed","ping_status":"open","sticky":false,"template":"","format":"standard","meta":{"_et_pb_use_builder":"","_et_pb_old_content":"","_et_gb_content_width":"","ngg_post_thumbnail":0,"footnotes":""},"categories":[5],"tags":[],"aioseo_notices":[],"_links":{"self":[{"href":"https:\/\/blogsaverroes.juntadeandalucia.es\/iesbahiamarbella\/wp-json\/wp\/v2\/posts\/886"}],"collection":[{"href":"https:\/\/blogsaverroes.juntadeandalucia.es\/iesbahiamarbella\/wp-json\/wp\/v2\/posts"}],"about":[{"href":"https:\/\/blogsaverroes.juntadeandalucia.es\/iesbahiamarbella\/wp-json\/wp\/v2\/types\/post"}],"author":[{"embeddable":true,"href":"https:\/\/blogsaverroes.juntadeandalucia.es\/iesbahiamarbella\/wp-json\/wp\/v2\/users\/13212"}],"replies":[{"embeddable":true,"href":"https:\/\/blogsaverroes.juntadeandalucia.es\/iesbahiamarbella\/wp-json\/wp\/v2\/comments?post=886"}],"version-history":[{"count":1,"href":"https:\/\/blogsaverroes.juntadeandalucia.es\/iesbahiamarbella\/wp-json\/wp\/v2\/posts\/886\/revisions"}],"predecessor-version":[{"id":887,"href":"https:\/\/blogsaverroes.juntadeandalucia.es\/iesbahiamarbella\/wp-json\/wp\/v2\/posts\/886\/revisions\/887"}],"wp:attachment":[{"href":"https:\/\/blogsaverroes.juntadeandalucia.es\/iesbahiamarbella\/wp-json\/wp\/v2\/media?parent=886"}],"wp:term":[{"taxonomy":"category","embeddable":true,"href":"https:\/\/blogsaverroes.juntadeandalucia.es\/iesbahiamarbella\/wp-json\/wp\/v2\/categories?post=886"},{"taxonomy":"post_tag","embeddable":true,"href":"https:\/\/blogsaverroes.juntadeandalucia.es\/iesbahiamarbella\/wp-json\/wp\/v2\/tags?post=886"}],"curies":[{"name":"wp","href":"https:\/\/api.w.org\/{rel}","templated":true}]}}