{"id":1869,"date":"2025-11-13T13:52:40","date_gmt":"2025-11-13T12:52:40","guid":{"rendered":"https:\/\/blogsaverroes.juntadeandalucia.es\/iesbenaljatib\/?p=1869"},"modified":"2025-12-12T19:44:22","modified_gmt":"2025-12-12T18:44:22","slug":"festival-de-cine-frances","status":"publish","type":"post","link":"https:\/\/blogsaverroes.juntadeandalucia.es\/iesbenaljatib\/festival-de-cine-frances\/","title":{"rendered":"Festival de cine franc\u00e9s"},"content":{"rendered":"<p>[et_pb_section fb_built=&#8221;1&#8243; _builder_version=&#8221;4.16&#8243; global_colors_info=&#8221;{}&#8221;][et_pb_row _builder_version=&#8221;4.16&#8243; background_size=&#8221;initial&#8221; background_position=&#8221;top_left&#8221; background_repeat=&#8221;repeat&#8221; global_colors_info=&#8221;{}&#8221;][et_pb_column type=&#8221;4_4&#8243; _builder_version=&#8221;4.16&#8243; custom_padding=&#8221;|||&#8221; global_colors_info=&#8221;{}&#8221; custom_padding__hover=&#8221;|||&#8221;][et_pb_text _builder_version=&#8221;4.16&#8243; background_size=&#8221;initial&#8221; background_position=&#8221;top_left&#8221; background_repeat=&#8221;repeat&#8221; global_colors_info=&#8221;{}&#8221;]Como en a\u00f1os anteriores, hemos visitado el festival de cine franc\u00e9s de M\u00e1laga. Una edici\u00f3n marcada por el cine de denuncia social, los premios a &#8216;Muganga, Celui Qui Soigne&#8217;; &#8216;Furcy, N\u00e9 Libre y &#8216;Les Musiciens&#8217;, as\u00ed como las visitas de Abd Al Malik, Sophie Deraspe, Marie-H\u00e9l\u00e8ne Roux, Gr\u00e9gory Magne, Makita Samba y Vincent Ma\u00ebl Cardona.<br \/>\nNuevas secciones como Mon Petit Festival ! y el Cine-concierto, el primer Jurado Profesional de la historia del festival, y un 95% de ocupaci\u00f3n de aforo con m\u00e1s de 16.000 asistentes. Las pel\u00edculas premiadas han sido preestrenos exclusivos del festival, y desde hoy comienzan su b\u00fasqueda para la distribuci\u00f3n en Espa\u00f1a gracias a la &#8220;lanzadera&#8221; del 31FCFM.<br \/>\nUn a\u00f1o m\u00e1s en el que el certamen se ha afianzado como referencia de los eventos culturales franc\u00f3fonos en nuestro pa\u00eds, y dirige esta nueva era hacia la profesionalizaci\u00f3n internacional.<\/p>\n<p>&nbsp;<br \/>\n[\/et_pb_text][\/et_pb_column][\/et_pb_row][et_pb_row _builder_version=&#8221;4.24.2&#8243; _module_preset=&#8221;default&#8221; column_structure=&#8221;1_2,1_2&#8243;][et_pb_column _builder_version=&#8221;4.24.2&#8243; _module_preset=&#8221;default&#8221; type=&#8221;1_2&#8243;][et_pb_video src=&#8221;https:\/\/blogsaverroes.juntadeandalucia.es\/iesbenaljatib\/files\/2025\/12\/Festival-de-cine-frances.mp4&#8243; _builder_version=&#8221;4.24.2&#8243; _module_preset=&#8221;default&#8221; title_text=&#8221;Festival de cine franc\u00e9s&#8221; hover_enabled=&#8221;0&#8243; sticky_enabled=&#8221;0&#8243;][\/et_pb_video][\/et_pb_column][et_pb_column _builder_version=&#8221;4.24.2&#8243; _module_preset=&#8221;default&#8221; type=&#8221;1_2&#8243;][et_pb_video src=&#8221;https:\/\/youtu.be\/YdRMlmeQEqQ?si=sfUL18zsGmN8b64v&#8221; _builder_version=&#8221;4.24.2&#8243; _module_preset=&#8221;default&#8221; hover_enabled=&#8221;0&#8243; sticky_enabled=&#8221;0&#8243;][\/et_pb_video][\/et_pb_column][\/et_pb_row][\/et_pb_section]<\/p>\n","protected":false},"excerpt":{"rendered":"<p>Como en a\u00f1os anteriores, hemos visitado el festival de cine franc\u00e9s de M\u00e1laga. Una edici\u00f3n marcada por el cine de denuncia social, los premios a &#8216;Muganga, Celui Qui Soigne&#8217;; &#8216;Furcy, N\u00e9 Libre y &#8216;Les Musiciens&#8217;, as\u00ed como las visitas de Abd Al Malik, Sophie Deraspe, Marie-H\u00e9l\u00e8ne Roux, Gr\u00e9gory Magne, Makita Samba y Vincent Ma\u00ebl Cardona. [&hellip;]<\/p>\n","protected":false},"author":19746,"featured_media":1868,"comment_status":"closed","ping_status":"open","sticky":false,"template":"","format":"standard","meta":{"_et_pb_use_builder":"on","_et_pb_old_content":"<p>Como en a\u00f1os anteriores, hemos visitado el festival de cine franc\u00e9s de M\u00e1laga. Una edici\u00f3n marcada por el cine de denuncia social, los premios a 'Muganga, Celui Qui Soigne'; 'Furcy, N\u00e9 Libre y 'Les Musiciens', as\u00ed como las visitas de Abd Al Malik, Sophie Deraspe, Marie-H\u00e9l\u00e8ne Roux, Gr\u00e9gory Magne, Makita Samba y Vincent Ma\u00ebl Cardona.<br>Nuevas secciones como Mon Petit Festival ! y el Cine-concierto, el primer Jurado Profesional de la historia del festival, y un 95% de ocupaci\u00f3n de aforo con m\u00e1s de 16.000 asistentes. Las pel\u00edculas premiadas han sido preestrenos exclusivos del festival, y desde hoy comienzan su b\u00fasqueda para la distribuci\u00f3n en Espa\u00f1a gracias a la \"lanzadera\" del 31FCFM.<br>Un a\u00f1o m\u00e1s en el que el certamen se ha afianzado como referencia de los eventos culturales franc\u00f3fonos en nuestro pa\u00eds, y dirige esta nueva era hacia la profesionalizaci\u00f3n internacional.<\/p><p>\u00a0<\/p>","_et_gb_content_width":"","ngg_post_thumbnail":0,"footnotes":""},"categories":[19,4],"tags":[],"aioseo_notices":[],"_links":{"self":[{"href":"https:\/\/blogsaverroes.juntadeandalucia.es\/iesbenaljatib\/wp-json\/wp\/v2\/posts\/1869"}],"collection":[{"href":"https:\/\/blogsaverroes.juntadeandalucia.es\/iesbenaljatib\/wp-json\/wp\/v2\/posts"}],"about":[{"href":"https:\/\/blogsaverroes.juntadeandalucia.es\/iesbenaljatib\/wp-json\/wp\/v2\/types\/post"}],"author":[{"embeddable":true,"href":"https:\/\/blogsaverroes.juntadeandalucia.es\/iesbenaljatib\/wp-json\/wp\/v2\/users\/19746"}],"replies":[{"embeddable":true,"href":"https:\/\/blogsaverroes.juntadeandalucia.es\/iesbenaljatib\/wp-json\/wp\/v2\/comments?post=1869"}],"version-history":[{"count":7,"href":"https:\/\/blogsaverroes.juntadeandalucia.es\/iesbenaljatib\/wp-json\/wp\/v2\/posts\/1869\/revisions"}],"predecessor-version":[{"id":1881,"href":"https:\/\/blogsaverroes.juntadeandalucia.es\/iesbenaljatib\/wp-json\/wp\/v2\/posts\/1869\/revisions\/1881"}],"wp:featuredmedia":[{"embeddable":true,"href":"https:\/\/blogsaverroes.juntadeandalucia.es\/iesbenaljatib\/wp-json\/wp\/v2\/media\/1868"}],"wp:attachment":[{"href":"https:\/\/blogsaverroes.juntadeandalucia.es\/iesbenaljatib\/wp-json\/wp\/v2\/media?parent=1869"}],"wp:term":[{"taxonomy":"category","embeddable":true,"href":"https:\/\/blogsaverroes.juntadeandalucia.es\/iesbenaljatib\/wp-json\/wp\/v2\/categories?post=1869"},{"taxonomy":"post_tag","embeddable":true,"href":"https:\/\/blogsaverroes.juntadeandalucia.es\/iesbenaljatib\/wp-json\/wp\/v2\/tags?post=1869"}],"curies":[{"name":"wp","href":"https:\/\/api.w.org\/{rel}","templated":true}]}}