{"id":1958,"date":"2025-05-23T18:08:38","date_gmt":"2025-05-23T16:08:38","guid":{"rendered":"https:\/\/blogsaverroes.juntadeandalucia.es\/iesbenaljatib\/?p=1958"},"modified":"2025-12-17T18:11:43","modified_gmt":"2025-12-17T17:11:43","slug":"concierto-homenaje-a-elvis-presley","status":"publish","type":"post","link":"https:\/\/blogsaverroes.juntadeandalucia.es\/iesbenaljatib\/concierto-homenaje-a-elvis-presley\/","title":{"rendered":"Concierto homenaje a Elvis Presley"},"content":{"rendered":"<p>[et_pb_section fb_built=&#8221;1&#8243; _builder_version=&#8221;4.16&#8243; global_colors_info=&#8221;{}&#8221;][et_pb_row _builder_version=&#8221;4.16&#8243; background_size=&#8221;initial&#8221; background_position=&#8221;top_left&#8221; background_repeat=&#8221;repeat&#8221; global_colors_info=&#8221;{}&#8221;][et_pb_column type=&#8221;4_4&#8243; _builder_version=&#8221;4.16&#8243; custom_padding=&#8221;|||&#8221; global_colors_info=&#8221;{}&#8221; custom_padding__hover=&#8221;|||&#8221;][et_pb_text _builder_version=&#8221;4.16&#8243; background_size=&#8221;initial&#8221; background_position=&#8221;top_left&#8221; background_repeat=&#8221;repeat&#8221; global_colors_info=&#8221;{}&#8221;]El pasado 16 de mayo se ofreci\u00f3 en nuestro sal\u00f3n de actos un concierto homenaje a Elvis Presley. Alumnos y profesores del IES Ben al Jatib interpretaron canciones del Rey del Rock con motivo del 90 aniversario de su nacimiento. La recaudaci\u00f3n de la entrada se dedicar\u00e1 a material de ayuda para alumnos del Aula Espec\u00edfica. Aqu\u00ed dejamos una peque\u00f1a muestra<br \/>\n[\/et_pb_text][\/et_pb_column][\/et_pb_row][et_pb_row _builder_version=&#8221;4.24.2&#8243; _module_preset=&#8221;default&#8221;][et_pb_column _builder_version=&#8221;4.24.2&#8243; _module_preset=&#8221;default&#8221; type=&#8221;4_4&#8243;][et_pb_video _builder_version=&#8221;4.24.2&#8243; _module_preset=&#8221;default&#8221; title_text=&#8221;concierto presley&#8221; src=&#8221;https:\/\/blogsaverroes.juntadeandalucia.es\/iesbenaljatib\/files\/2025\/12\/concierto-presley.mp4&#8243; height=&#8221;1000px&#8221; hover_enabled=&#8221;0&#8243; sticky_enabled=&#8221;0&#8243;][\/et_pb_video][\/et_pb_column][\/et_pb_row][\/et_pb_section]<\/p>\n","protected":false},"excerpt":{"rendered":"<p>El pasado 16 de mayo se ofreci\u00f3 en nuestro sal\u00f3n de actos un concierto homenaje a Elvis Presley. Alumnos y profesores del IES Ben al Jatib interpretaron canciones del Rey del Rock con motivo del 90 aniversario de su nacimiento. La recaudaci\u00f3n de la entrada se dedicar\u00e1 a material de ayuda para alumnos del Aula [&hellip;]<\/p>\n","protected":false},"author":19746,"featured_media":1960,"comment_status":"closed","ping_status":"open","sticky":false,"template":"","format":"standard","meta":{"_et_pb_use_builder":"on","_et_pb_old_content":"<p>El pasado 16 de mayo se ofreci\u00f3 en nuestro sal\u00f3n de actos un concierto homenaje a Elvis Presley. Alumnos y profesores del IES Ben al Jatib interpretaron canciones del Rey del Rock con motivo del 90 aniversario de su nacimiento. La recaudaci\u00f3n de la entrada se dedicar\u00e1 a material de ayuda para alumnos del Aula Espec\u00edfica. Aqu\u00ed dejamos una peque\u00f1a muestra<\/p>","_et_gb_content_width":"","ngg_post_thumbnail":0,"footnotes":""},"categories":[4],"tags":[],"aioseo_notices":[],"_links":{"self":[{"href":"https:\/\/blogsaverroes.juntadeandalucia.es\/iesbenaljatib\/wp-json\/wp\/v2\/posts\/1958"}],"collection":[{"href":"https:\/\/blogsaverroes.juntadeandalucia.es\/iesbenaljatib\/wp-json\/wp\/v2\/posts"}],"about":[{"href":"https:\/\/blogsaverroes.juntadeandalucia.es\/iesbenaljatib\/wp-json\/wp\/v2\/types\/post"}],"author":[{"embeddable":true,"href":"https:\/\/blogsaverroes.juntadeandalucia.es\/iesbenaljatib\/wp-json\/wp\/v2\/users\/19746"}],"replies":[{"embeddable":true,"href":"https:\/\/blogsaverroes.juntadeandalucia.es\/iesbenaljatib\/wp-json\/wp\/v2\/comments?post=1958"}],"version-history":[{"count":2,"href":"https:\/\/blogsaverroes.juntadeandalucia.es\/iesbenaljatib\/wp-json\/wp\/v2\/posts\/1958\/revisions"}],"predecessor-version":[{"id":1963,"href":"https:\/\/blogsaverroes.juntadeandalucia.es\/iesbenaljatib\/wp-json\/wp\/v2\/posts\/1958\/revisions\/1963"}],"wp:featuredmedia":[{"embeddable":true,"href":"https:\/\/blogsaverroes.juntadeandalucia.es\/iesbenaljatib\/wp-json\/wp\/v2\/media\/1960"}],"wp:attachment":[{"href":"https:\/\/blogsaverroes.juntadeandalucia.es\/iesbenaljatib\/wp-json\/wp\/v2\/media?parent=1958"}],"wp:term":[{"taxonomy":"category","embeddable":true,"href":"https:\/\/blogsaverroes.juntadeandalucia.es\/iesbenaljatib\/wp-json\/wp\/v2\/categories?post=1958"},{"taxonomy":"post_tag","embeddable":true,"href":"https:\/\/blogsaverroes.juntadeandalucia.es\/iesbenaljatib\/wp-json\/wp\/v2\/tags?post=1958"}],"curies":[{"name":"wp","href":"https:\/\/api.w.org\/{rel}","templated":true}]}}