{"id":1980,"date":"2025-01-30T18:33:18","date_gmt":"2025-01-30T17:33:18","guid":{"rendered":"https:\/\/blogsaverroes.juntadeandalucia.es\/iesbenaljatib\/?p=1980"},"modified":"2025-12-17T18:40:48","modified_gmt":"2025-12-17T17:40:48","slug":"30-de-enero-dia-de-la-paz-2","status":"publish","type":"post","link":"https:\/\/blogsaverroes.juntadeandalucia.es\/iesbenaljatib\/30-de-enero-dia-de-la-paz-2\/","title":{"rendered":"30 de enero. D\u00eda de la Paz"},"content":{"rendered":"<p>[et_pb_section fb_built=&#8221;1&#8243; _builder_version=&#8221;4.16&#8243; global_colors_info=&#8221;{}&#8221;][et_pb_row _builder_version=&#8221;4.16&#8243; background_size=&#8221;initial&#8221; background_position=&#8221;top_left&#8221; background_repeat=&#8221;repeat&#8221; global_colors_info=&#8221;{}&#8221;][et_pb_column type=&#8221;4_4&#8243; _builder_version=&#8221;4.16&#8243; custom_padding=&#8221;|||&#8221; global_colors_info=&#8221;{}&#8221; custom_padding__hover=&#8221;|||&#8221;][et_pb_text _builder_version=&#8221;4.16&#8243; background_size=&#8221;initial&#8221; background_position=&#8221;top_left&#8221; background_repeat=&#8221;repeat&#8221; global_colors_info=&#8221;{}&#8221;]Hemos celebrado el D\u00eda de la Paz con la lectura de textos en varios idiomas y la presentaci\u00f3n de actuaciones musicales, entre ellas el rap que suena en el v\u00eddeo. Actividad organizada por el Proyecto Biling\u00fce, el Departemanto de Educaci\u00f3n Pl\u00e1stica y Visual y el Departamento de M\u00fasica.<br \/>\n[\/et_pb_text][\/et_pb_column][\/et_pb_row][et_pb_row _builder_version=&#8221;4.24.2&#8243; _module_preset=&#8221;default&#8221;][et_pb_column _builder_version=&#8221;4.24.2&#8243; _module_preset=&#8221;default&#8221; type=&#8221;4_4&#8243;][et_pb_video _builder_version=&#8221;4.24.2&#8243; _module_preset=&#8221;default&#8221; src=&#8221;https:\/\/youtu.be\/wc7bUZGW1pw&#8221; hover_enabled=&#8221;0&#8243; sticky_enabled=&#8221;0&#8243;][\/et_pb_video][\/et_pb_column][\/et_pb_row][et_pb_row _builder_version=&#8221;4.24.2&#8243; _module_preset=&#8221;default&#8221;][et_pb_column _builder_version=&#8221;4.24.2&#8243; _module_preset=&#8221;default&#8221; type=&#8221;4_4&#8243;][et_pb_text _builder_version=&#8221;4.24.2&#8243; _module_preset=&#8221;default&#8221; hover_enabled=&#8221;0&#8243; sticky_enabled=&#8221;0&#8243;]<\/p>\n<p>Textos le\u00eddos en esta actividad.<\/p>\n<p>The conflicts between Ukraine and Russia, as well as the war between Israel and Hamas in Gaza, remind us of the devastating cost of war. Lives are lost, families are torn apart, and the hope for peace seems distant. However, as young people, we have the power to imagine and create a future where dialogue triumphs over violence and unity prevails over division.<\/p>\n<p>La paix ne signifie pas seulement l\u2019absence de guerre. Elle est \u00e9galement solidarit\u00e9 dans les moments les plus difficiles. R\u00e9cemment, la Communaut\u00e9 valencienne, en Espagne, a \u00e9t\u00e9 frapp\u00e9e par une Dana (d\u00e9pression isol\u00e9e en altitude) qui a d\u00e9vast\u00e9 des communaut\u00e9s enti\u00e8res.<\/p>\n<p>Cette catastrophe naturelle nous rappelle l\u2019importance de nous unir pour soutenir ceux qui ont tout perdu, de prendre soin de notre plan\u00e8te et de construire des soci\u00e9t\u00e9s r\u00e9silientes face aux d\u00e9fis du changement climatique.<\/p>\n<p>\u041f\u0430\u043c\u2019\u044f\u0442\u0430\u0439\u043c\u043e, \u0449\u043e \u043c\u0438\u0440 \u043f\u043e\u0447\u0438\u043d\u0430\u0454\u0442\u044c\u0441\u044f \u0437 \u043a\u043e\u0436\u043d\u043e\u0433\u043e \u0437 \u043d\u0430\u0441. \u0427\u0435\u0440\u0435\u0437 \u043f\u043e\u0432\u0430\u0433\u0443, \u0434\u043e\u0431\u0440\u043e\u0442\u0443 \u0442\u0430 \u0440\u043e\u0437\u0443\u043c\u0456\u043d\u043d\u044f \u043c\u0438 \u043c\u043e\u0436\u0435\u043c\u043e \u0441\u0442\u0432\u043e\u0440\u0438\u0442\u0438 \u043a\u0443\u043b\u044c\u0442\u0443\u0440\u0443 \u043c\u0438\u0440\u0443 \u0443 \u043d\u0430\u0448\u0438\u0445 \u0448\u043a\u043e\u043b\u0430\u0445, \u0433\u0440\u043e\u043c\u0430\u0434\u0430\u0445 \u0456 \u0437\u0430 \u0457\u0445 \u043c\u0435\u0436\u0430\u043c\u0438. \u0420\u0430\u0437\u043e\u043c \u043c\u0438 \u043c\u043e\u0436\u0435\u043c\u043e \u0437\u043c\u0456\u043d\u0438\u0442\u0438 \u0441\u0438\u0442\u0443\u0430\u0446\u0456\u044e \u0442\u0430 \u043d\u0430\u0434\u0438\u0445\u043d\u0443\u0442\u0438 \u0456\u043d\u0448\u0438\u0445 \u0440\u043e\u0431\u0438\u0442\u0438 \u0442\u0435 \u0441\u0430\u043c\u0435.<\/p>\n<p>Erinnern wir uns daran, dass Frieden bei jedem Einzelnen von uns beginnt. Durch Respekt, Freundlichkeit und Verst\u00e4ndnis k\u00f6nnen wir eine Kultur des Friedens in unseren Schulen, Gemeinschaften und dar\u00fcber hinaus schaffen. Gemeinsam k\u00f6nnen wir einen Unterschied machen und andere dazu inspirieren, dasselbe zu tun.<\/p>\n<p>\u062f\u0639\u0648\u0646\u0627 \u0646\u062c\u0639\u0644 \u0645\u0646 \u0627\u0644\u064a\u0648\u0645 \u062a\u0630\u0643\u064a\u0631\u064b\u0627: \u0627\u0644\u0633\u0644\u0627\u0645 \u0644\u064a\u0633 \u0641\u0642\u0637 \u063a\u064a\u0627\u0628 \u0627\u0644\u062d\u0631\u0628\u060c \u0628\u0644 \u0647\u0648 \u0623\u064a\u0636\u064b\u0627 \u062d\u0636\u0648\u0631 \u0627\u0644\u0639\u062f\u0644 \u0648\u0627\u0644\u0631\u062d\u0645\u0629 \u0648\u0627\u0644\u0623\u0645\u0644.<\/p>\n<p>La pace non \u00e8 un sogno lontano. \u00c8 un compito quotidiano e una responsabilit\u00e0 condivisa.<\/p>\n<p>Oggi, insieme, rinnoviamo la nostra speranza per un mondo migliore.<\/p>\n<p>[\/et_pb_text][\/et_pb_column][\/et_pb_row][\/et_pb_section]<\/p>\n","protected":false},"excerpt":{"rendered":"<p>Hemos celebrado el D\u00eda de la Paz con la lectura de textos en varios idiomas y la presentaci\u00f3n de actuaciones musicales, entre ellas el rap que suena en el v\u00eddeo. Actividad organizada por el Proyecto Biling\u00fce, el Departemanto de Educaci\u00f3n Pl\u00e1stica y Visual y el Departamento de M\u00fasica. Textos le\u00eddos en esta actividad. The conflicts [&hellip;]<\/p>\n","protected":false},"author":19746,"featured_media":1981,"comment_status":"closed","ping_status":"open","sticky":false,"template":"","format":"standard","meta":{"_et_pb_use_builder":"on","_et_pb_old_content":"<p>Hemos celebrado el D\u00eda de la Paz con la lectura de textos en varios idiomas y la presentaci\u00f3n de actuaciones musicales, entre ellas el rap que suena en el v\u00eddeo. Actividad organizada por el Proyecto Biling\u00fce, el Departemanto de Educaci\u00f3n Pl\u00e1stica y Visual y el Departamento de M\u00fasica.<\/p>","_et_gb_content_width":"","ngg_post_thumbnail":0,"footnotes":""},"categories":[4],"tags":[],"aioseo_notices":[],"_links":{"self":[{"href":"https:\/\/blogsaverroes.juntadeandalucia.es\/iesbenaljatib\/wp-json\/wp\/v2\/posts\/1980"}],"collection":[{"href":"https:\/\/blogsaverroes.juntadeandalucia.es\/iesbenaljatib\/wp-json\/wp\/v2\/posts"}],"about":[{"href":"https:\/\/blogsaverroes.juntadeandalucia.es\/iesbenaljatib\/wp-json\/wp\/v2\/types\/post"}],"author":[{"embeddable":true,"href":"https:\/\/blogsaverroes.juntadeandalucia.es\/iesbenaljatib\/wp-json\/wp\/v2\/users\/19746"}],"replies":[{"embeddable":true,"href":"https:\/\/blogsaverroes.juntadeandalucia.es\/iesbenaljatib\/wp-json\/wp\/v2\/comments?post=1980"}],"version-history":[{"count":2,"href":"https:\/\/blogsaverroes.juntadeandalucia.es\/iesbenaljatib\/wp-json\/wp\/v2\/posts\/1980\/revisions"}],"predecessor-version":[{"id":1984,"href":"https:\/\/blogsaverroes.juntadeandalucia.es\/iesbenaljatib\/wp-json\/wp\/v2\/posts\/1980\/revisions\/1984"}],"wp:featuredmedia":[{"embeddable":true,"href":"https:\/\/blogsaverroes.juntadeandalucia.es\/iesbenaljatib\/wp-json\/wp\/v2\/media\/1981"}],"wp:attachment":[{"href":"https:\/\/blogsaverroes.juntadeandalucia.es\/iesbenaljatib\/wp-json\/wp\/v2\/media?parent=1980"}],"wp:term":[{"taxonomy":"category","embeddable":true,"href":"https:\/\/blogsaverroes.juntadeandalucia.es\/iesbenaljatib\/wp-json\/wp\/v2\/categories?post=1980"},{"taxonomy":"post_tag","embeddable":true,"href":"https:\/\/blogsaverroes.juntadeandalucia.es\/iesbenaljatib\/wp-json\/wp\/v2\/tags?post=1980"}],"curies":[{"name":"wp","href":"https:\/\/api.w.org\/{rel}","templated":true}]}}