{"id":2064,"date":"2025-12-24T21:29:32","date_gmt":"2025-12-24T20:29:32","guid":{"rendered":"https:\/\/blogsaverroes.juntadeandalucia.es\/iesbenaljatib\/?p=2064"},"modified":"2026-01-22T18:47:27","modified_gmt":"2026-01-22T17:47:27","slug":"departamento-de-filosofia","status":"publish","type":"post","link":"https:\/\/blogsaverroes.juntadeandalucia.es\/iesbenaljatib\/departamento-de-filosofia\/","title":{"rendered":"Departamento de filosof\u00eda"},"content":{"rendered":"<p>[et_pb_section fb_built=&#8221;1&#8243; _builder_version=&#8221;4.24.2&#8243; _module_preset=&#8221;default&#8221; global_colors_info=&#8221;{}&#8221;][et_pb_row _builder_version=&#8221;4.24.2&#8243; _module_preset=&#8221;default&#8221; global_colors_info=&#8221;{}&#8221;][et_pb_column type=&#8221;4_4&#8243; _builder_version=&#8221;4.24.2&#8243; _module_preset=&#8221;default&#8221; global_colors_info=&#8221;{}&#8221;][et_pb_text _builder_version=&#8221;4.24.2&#8243; _module_preset=&#8221;default&#8221; global_colors_info=&#8221;{}&#8221;]<\/p>\n<p>Programaciones de Filosof\u00eda<\/p>\n<p>[\/et_pb_text][\/et_pb_column][\/et_pb_row][et_pb_row _builder_version=&#8221;4.24.2&#8243; _module_preset=&#8221;default&#8221; global_colors_info=&#8221;{}&#8221;][et_pb_column type=&#8221;4_4&#8243; _builder_version=&#8221;4.24.2&#8243; _module_preset=&#8221;default&#8221; global_colors_info=&#8221;{}&#8221;][et_pb_text _builder_version=&#8221;4.24.2&#8243; _module_preset=&#8221;default&#8221; global_colors_info=&#8221;{}&#8221;]<\/p>\n<p><a title=\"Programaci\u00f3n Valores C\u00edvicos\" href=\"https:\/\/blogsaverroes.juntadeandalucia.es\/iesbenaljatib\/files\/2026\/01\/ED.-Valores-Civicos-S2.pdf\">Programaci\u00f3n Valores C\u00edvicos<\/a><\/p>\n<p>[\/et_pb_text][\/et_pb_column][\/et_pb_row][et_pb_row _builder_version=&#8221;4.24.2&#8243; _module_preset=&#8221;default&#8221; global_colors_info=&#8221;{}&#8221;][et_pb_column type=&#8221;4_4&#8243; _builder_version=&#8221;4.24.2&#8243; _module_preset=&#8221;default&#8221; global_colors_info=&#8221;{}&#8221;][et_pb_text _builder_version=&#8221;4.24.2&#8243; _module_preset=&#8221;default&#8221; global_colors_info=&#8221;{}&#8221;]<\/p>\n<p><a title=\"Programaci\u00f3n Filosof\u00eda Bachillerato 1\u00ba\" href=\"https:\/\/blogsaverroes.juntadeandalucia.es\/iesbenaljatib\/files\/2026\/01\/Filosofia-B1.pdf\">Programaci\u00f3n Filosof\u00eda Bachillerato 1\u00ba<\/a><\/p>\n<p>[\/et_pb_text][\/et_pb_column][\/et_pb_row][et_pb_row _builder_version=&#8221;4.24.2&#8243; _module_preset=&#8221;default&#8221; global_colors_info=&#8221;{}&#8221;][et_pb_column type=&#8221;4_4&#8243; _builder_version=&#8221;4.24.2&#8243; _module_preset=&#8221;default&#8221; global_colors_info=&#8221;{}&#8221;][et_pb_text _builder_version=&#8221;4.24.2&#8243; _module_preset=&#8221;default&#8221; global_colors_info=&#8221;{}&#8221;]<\/p>\n<p><a title=\"Programaci\u00f3n Filosof\u00eda Bachillerato 2\u00ba\" href=\"https:\/\/blogsaverroes.juntadeandalucia.es\/iesbenaljatib\/files\/2026\/01\/Filosofia-B2.pdf\">Programaci\u00f3n Filosof\u00eda Bachillerato 2\u00ba<\/a><\/p>\n<p>[\/et_pb_text][\/et_pb_column][\/et_pb_row][et_pb_row _builder_version=&#8221;4.24.2&#8243; _module_preset=&#8221;default&#8221;][et_pb_column _builder_version=&#8221;4.24.2&#8243; _module_preset=&#8221;default&#8221; type=&#8221;4_4&#8243;][et_pb_text _builder_version=&#8221;4.24.2&#8243; _module_preset=&#8221;default&#8221; hover_enabled=&#8221;0&#8243; sticky_enabled=&#8221;0&#8243;]<\/p>\n<p><a title=\"Programaci\u00f3n ATEDU\" href=\"https:\/\/blogsaverroes.juntadeandalucia.es\/iesbenaljatib\/files\/2026\/01\/PROGRAMACION-ATEDU-S2oAB-25-26.pdf\">Programaci\u00f3n ATEDU<\/a><\/p>\n<p>[\/et_pb_text][\/et_pb_column][\/et_pb_row][\/et_pb_section]<\/p>\n","protected":false},"excerpt":{"rendered":"<p>Programaciones de Filosof\u00edaProgramaci\u00f3n Valores C\u00edvicosProgramaci\u00f3n Filosof\u00eda Bachillerato 1\u00baProgramaci\u00f3n Filosof\u00eda Bachillerato 2\u00baProgramaci\u00f3n ATEDU<\/p>\n","protected":false},"author":19746,"featured_media":2067,"comment_status":"closed","ping_status":"open","sticky":false,"template":"","format":"standard","meta":{"_et_pb_use_builder":"on","_et_pb_old_content":"","_et_gb_content_width":"","ngg_post_thumbnail":0,"footnotes":""},"categories":[20],"tags":[],"aioseo_notices":[],"_links":{"self":[{"href":"https:\/\/blogsaverroes.juntadeandalucia.es\/iesbenaljatib\/wp-json\/wp\/v2\/posts\/2064"}],"collection":[{"href":"https:\/\/blogsaverroes.juntadeandalucia.es\/iesbenaljatib\/wp-json\/wp\/v2\/posts"}],"about":[{"href":"https:\/\/blogsaverroes.juntadeandalucia.es\/iesbenaljatib\/wp-json\/wp\/v2\/types\/post"}],"author":[{"embeddable":true,"href":"https:\/\/blogsaverroes.juntadeandalucia.es\/iesbenaljatib\/wp-json\/wp\/v2\/users\/19746"}],"replies":[{"embeddable":true,"href":"https:\/\/blogsaverroes.juntadeandalucia.es\/iesbenaljatib\/wp-json\/wp\/v2\/comments?post=2064"}],"version-history":[{"count":6,"href":"https:\/\/blogsaverroes.juntadeandalucia.es\/iesbenaljatib\/wp-json\/wp\/v2\/posts\/2064\/revisions"}],"predecessor-version":[{"id":2301,"href":"https:\/\/blogsaverroes.juntadeandalucia.es\/iesbenaljatib\/wp-json\/wp\/v2\/posts\/2064\/revisions\/2301"}],"wp:featuredmedia":[{"embeddable":true,"href":"https:\/\/blogsaverroes.juntadeandalucia.es\/iesbenaljatib\/wp-json\/wp\/v2\/media\/2067"}],"wp:attachment":[{"href":"https:\/\/blogsaverroes.juntadeandalucia.es\/iesbenaljatib\/wp-json\/wp\/v2\/media?parent=2064"}],"wp:term":[{"taxonomy":"category","embeddable":true,"href":"https:\/\/blogsaverroes.juntadeandalucia.es\/iesbenaljatib\/wp-json\/wp\/v2\/categories?post=2064"},{"taxonomy":"post_tag","embeddable":true,"href":"https:\/\/blogsaverroes.juntadeandalucia.es\/iesbenaljatib\/wp-json\/wp\/v2\/tags?post=2064"}],"curies":[{"name":"wp","href":"https:\/\/api.w.org\/{rel}","templated":true}]}}