{"id":2081,"date":"2025-12-24T23:03:52","date_gmt":"2025-12-24T22:03:52","guid":{"rendered":"https:\/\/blogsaverroes.juntadeandalucia.es\/iesbenaljatib\/?p=2081"},"modified":"2026-01-09T11:21:23","modified_gmt":"2026-01-09T10:21:23","slug":"departamento-de-ingles","status":"publish","type":"post","link":"https:\/\/blogsaverroes.juntadeandalucia.es\/iesbenaljatib\/departamento-de-ingles\/","title":{"rendered":"Departamento de Ingl\u00e9s"},"content":{"rendered":"<p>[et_pb_section fb_built=&#8221;1&#8243; _builder_version=&#8221;4.24.2&#8243; _module_preset=&#8221;default&#8221; global_colors_info=&#8221;{}&#8221;][et_pb_row _builder_version=&#8221;4.24.2&#8243; _module_preset=&#8221;default&#8221; global_colors_info=&#8221;{}&#8221;][et_pb_column type=&#8221;4_4&#8243; _builder_version=&#8221;4.24.2&#8243; _module_preset=&#8221;default&#8221; global_colors_info=&#8221;{}&#8221;][et_pb_text _builder_version=&#8221;4.24.2&#8243; _module_preset=&#8221;default&#8221; global_colors_info=&#8221;{}&#8221;]<\/p>\n<p><a title=\"Programaciones Ingl\u00e9s ESO 2025\/2026\" href=\"https:\/\/blogsaverroes.juntadeandalucia.es\/iesbenaljatib\/files\/2026\/01\/Copia-de-Programaciones-ESO-2025_26.pdf\" target=\"_blank\" rel=\"noopener\">Programaciones Ingl\u00e9s ESO 2025\/2026<\/a><\/p>\n<p>[\/et_pb_text][\/et_pb_column][\/et_pb_row][et_pb_row _builder_version=&#8221;4.24.2&#8243; _module_preset=&#8221;default&#8221; global_colors_info=&#8221;{}&#8221;][et_pb_column type=&#8221;4_4&#8243; _builder_version=&#8221;4.24.2&#8243; _module_preset=&#8221;default&#8221; global_colors_info=&#8221;{}&#8221;][et_pb_text _builder_version=&#8221;4.24.2&#8243; _module_preset=&#8221;default&#8221; global_colors_info=&#8221;{}&#8221;]<\/p>\n<p><a title=\"Programaciones Ingl\u00e9s Bachillerato 2025\/2026\" href=\"https:\/\/blogsaverroes.juntadeandalucia.es\/iesbenaljatib\/files\/2026\/01\/Copia-de-Programaciones-Bachillerato-2025_26.pdf\" target=\"_blank\" rel=\"noopener\">Programaciones Ingl\u00e9s Bachillerato 2025\/2026<\/a><\/p>\n<p>[\/et_pb_text][\/et_pb_column][\/et_pb_row][et_pb_row _builder_version=&#8221;4.24.2&#8243; _module_preset=&#8221;default&#8221; global_colors_info=&#8221;{}&#8221;][et_pb_column type=&#8221;4_4&#8243; _builder_version=&#8221;4.24.2&#8243; _module_preset=&#8221;default&#8221; global_colors_info=&#8221;{}&#8221;][et_pb_text _builder_version=&#8221;4.24.2&#8243; _module_preset=&#8221;default&#8221; global_colors_info=&#8221;{}&#8221;]<\/p>\n<p><a title=\"Programaci\u00f3n del \u00c1mbito Socioling\u00fc\u00edstico\" href=\"https:\/\/blogsaverroes.juntadeandalucia.es\/iesbenaljatib\/files\/2026\/01\/Copia-de-Programacion-Ambito-Sociolinguistico-2025_26.pdf\" target=\"_blank\" rel=\"noopener\">Programaci\u00f3n del \u00c1mbito Socioling\u00fc\u00edstico<\/a><\/p>\n<p>[\/et_pb_text][\/et_pb_column][\/et_pb_row][et_pb_row _builder_version=&#8221;4.24.2&#8243; _module_preset=&#8221;default&#8221; global_colors_info=&#8221;{}&#8221;][et_pb_column type=&#8221;4_4&#8243; _builder_version=&#8221;4.24.2&#8243; _module_preset=&#8221;default&#8221; global_colors_info=&#8221;{}&#8221;][et_pb_text _builder_version=&#8221;4.24.2&#8243; _module_preset=&#8221;default&#8221; global_colors_info=&#8221;{}&#8221;]<\/p>\n<p><a title=\"Programaci\u00f3n de Atenci\u00f3n Educativa 2025\/2026\" href=\"https:\/\/blogsaverroes.juntadeandalucia.es\/iesbenaljatib\/files\/2026\/01\/Copia-de-PROGRAMACION-DIDACTICA-ATEDU-S1B_D_E-Ana-Agar.pdf\" target=\"_blank\" rel=\"noopener\">Programaci\u00f3n de Atenci\u00f3n Educativa 2025\/2026<\/a><\/p>\n<p>[\/et_pb_text][\/et_pb_column][\/et_pb_row][et_pb_row _builder_version=&#8221;4.24.2&#8243; _module_preset=&#8221;default&#8221;][et_pb_column _builder_version=&#8221;4.24.2&#8243; _module_preset=&#8221;default&#8221; type=&#8221;4_4&#8243;][et_pb_text _builder_version=&#8221;4.24.2&#8243; _module_preset=&#8221;default&#8221; hover_enabled=&#8221;0&#8243; sticky_enabled=&#8221;0&#8243;]<\/p>\n<p><a title=\"Programaci\u00f3n de Educaci\u00f3n Emocional, Social y Atencional 2025\/2026\" href=\"https:\/\/blogsaverroes.juntadeandalucia.es\/iesbenaljatib\/files\/2026\/01\/Copia-de-Propuesta-ProyectoInterdisciplinar-Educacion-E.S.A-1o-2o-2526.pdf\" target=\"_blank\" rel=\"noopener\">Programaci\u00f3n de Educaci\u00f3n Emocional, Social y Atencional 2025\/2026<\/a><\/p>\n<p>[\/et_pb_text][\/et_pb_column][\/et_pb_row][\/et_pb_section]<\/p>\n","protected":false},"excerpt":{"rendered":"<p>Programaciones Ingl\u00e9s ESO 2025\/2026Programaciones Ingl\u00e9s Bachillerato 2025\/2026Programaci\u00f3n del \u00c1mbito Socioling\u00fc\u00edsticoProgramaci\u00f3n de Atenci\u00f3n Educativa 2025\/2026Programaci\u00f3n de Educaci\u00f3n Emocional, Social y Atencional 2025\/2026<\/p>\n","protected":false},"author":19746,"featured_media":2084,"comment_status":"closed","ping_status":"open","sticky":false,"template":"","format":"standard","meta":{"_et_pb_use_builder":"on","_et_pb_old_content":"","_et_gb_content_width":"","ngg_post_thumbnail":0,"footnotes":""},"categories":[20],"tags":[],"aioseo_notices":[],"_links":{"self":[{"href":"https:\/\/blogsaverroes.juntadeandalucia.es\/iesbenaljatib\/wp-json\/wp\/v2\/posts\/2081"}],"collection":[{"href":"https:\/\/blogsaverroes.juntadeandalucia.es\/iesbenaljatib\/wp-json\/wp\/v2\/posts"}],"about":[{"href":"https:\/\/blogsaverroes.juntadeandalucia.es\/iesbenaljatib\/wp-json\/wp\/v2\/types\/post"}],"author":[{"embeddable":true,"href":"https:\/\/blogsaverroes.juntadeandalucia.es\/iesbenaljatib\/wp-json\/wp\/v2\/users\/19746"}],"replies":[{"embeddable":true,"href":"https:\/\/blogsaverroes.juntadeandalucia.es\/iesbenaljatib\/wp-json\/wp\/v2\/comments?post=2081"}],"version-history":[{"count":18,"href":"https:\/\/blogsaverroes.juntadeandalucia.es\/iesbenaljatib\/wp-json\/wp\/v2\/posts\/2081\/revisions"}],"predecessor-version":[{"id":2213,"href":"https:\/\/blogsaverroes.juntadeandalucia.es\/iesbenaljatib\/wp-json\/wp\/v2\/posts\/2081\/revisions\/2213"}],"wp:featuredmedia":[{"embeddable":true,"href":"https:\/\/blogsaverroes.juntadeandalucia.es\/iesbenaljatib\/wp-json\/wp\/v2\/media\/2084"}],"wp:attachment":[{"href":"https:\/\/blogsaverroes.juntadeandalucia.es\/iesbenaljatib\/wp-json\/wp\/v2\/media?parent=2081"}],"wp:term":[{"taxonomy":"category","embeddable":true,"href":"https:\/\/blogsaverroes.juntadeandalucia.es\/iesbenaljatib\/wp-json\/wp\/v2\/categories?post=2081"},{"taxonomy":"post_tag","embeddable":true,"href":"https:\/\/blogsaverroes.juntadeandalucia.es\/iesbenaljatib\/wp-json\/wp\/v2\/tags?post=2081"}],"curies":[{"name":"wp","href":"https:\/\/api.w.org\/{rel}","templated":true}]}}