{"id":2229,"date":"2026-01-15T13:13:38","date_gmt":"2026-01-15T12:13:38","guid":{"rendered":"https:\/\/blogsaverroes.juntadeandalucia.es\/iesbenaljatib\/?p=2229"},"modified":"2026-01-16T19:50:26","modified_gmt":"2026-01-16T18:50:26","slug":"plan-director","status":"publish","type":"post","link":"https:\/\/blogsaverroes.juntadeandalucia.es\/iesbenaljatib\/plan-director\/","title":{"rendered":"Plan director."},"content":{"rendered":"<p>[et_pb_section fb_built=&#8221;1&#8243; _builder_version=&#8221;4.24.2&#8243; _module_preset=&#8221;default&#8221; global_colors_info=&#8221;{}&#8221;][et_pb_row _builder_version=&#8221;4.24.2&#8243; _module_preset=&#8221;default&#8221; global_colors_info=&#8221;{}&#8221;][et_pb_column type=&#8221;4_4&#8243; _builder_version=&#8221;4.24.2&#8243; _module_preset=&#8221;default&#8221; global_colors_info=&#8221;{}&#8221;][et_pb_text _builder_version=&#8221;4.24.2&#8243; _module_preset=&#8221;default&#8221; global_colors_info=&#8221;{}&#8221;]<\/p>\n<p>La Guardia Civil nos ha visitado para poner en pr\u00e1ctica el Plan Director como cada curso. Este Plan persigue prevenir cualquier riesgo que afecte a la seguridad y el bienestar de nuestros menores y j\u00f3venes, en la escuela y su entorno.&nbsp;<\/p>\n<p>Para lograr este objetivo, el Delegado de Participaci\u00f3n Ciudadana establece un canal de comunicaci\u00f3n directo y permanente con la comunidad educativa y el resto de personas que participan en este cometido.<\/p>\n<p>La formaci\u00f3n e informaci\u00f3n preventiva que se imparte dentro de este Plan gira en torno a las siguientes tem\u00e1ticas:<\/p>\n<ul class=\"list-group list-group-flush\" aria-label=\"Lista de informaci\u00f3n que se imparte dentro de este plan\">\n<li class=\"list-group-item\">Riesgos de Internet<\/li>\n<li class=\"list-group-item\">Acoso escolar<\/li>\n<li class=\"list-group-item\">Violencia de G\u00e9nero<\/li>\n<li class=\"list-group-item\">Bandas juveniles<\/li>\n<li class=\"list-group-item\">Drogas y alcohol<\/li>\n<\/ul>\n<p>[\/et_pb_text][\/et_pb_column][\/et_pb_row][et_pb_row _builder_version=&#8221;4.24.2&#8243; _module_preset=&#8221;default&#8221; global_colors_info=&#8221;{}&#8221;][et_pb_column type=&#8221;4_4&#8243; _builder_version=&#8221;4.24.2&#8243; _module_preset=&#8221;default&#8221; global_colors_info=&#8221;{}&#8221;][\/et_pb_column][\/et_pb_row][\/et_pb_section]<\/p>\n","protected":false},"excerpt":{"rendered":"<p>La Guardia Civil nos ha visitado para poner en pr\u00e1ctica el Plan Director como cada curso. Este Plan persigue prevenir cualquier riesgo que afecte a la seguridad y el bienestar de nuestros menores y j\u00f3venes, en la escuela y su entorno.&nbsp; Para lograr este objetivo, el Delegado de Participaci\u00f3n Ciudadana establece un canal de comunicaci\u00f3n [&hellip;]<\/p>\n","protected":false},"author":21516,"featured_media":2232,"comment_status":"closed","ping_status":"open","sticky":false,"template":"","format":"standard","meta":{"_et_pb_use_builder":"on","_et_pb_old_content":"","_et_gb_content_width":"","ngg_post_thumbnail":0,"footnotes":""},"categories":[19,4,1],"tags":[],"aioseo_notices":[],"_links":{"self":[{"href":"https:\/\/blogsaverroes.juntadeandalucia.es\/iesbenaljatib\/wp-json\/wp\/v2\/posts\/2229"}],"collection":[{"href":"https:\/\/blogsaverroes.juntadeandalucia.es\/iesbenaljatib\/wp-json\/wp\/v2\/posts"}],"about":[{"href":"https:\/\/blogsaverroes.juntadeandalucia.es\/iesbenaljatib\/wp-json\/wp\/v2\/types\/post"}],"author":[{"embeddable":true,"href":"https:\/\/blogsaverroes.juntadeandalucia.es\/iesbenaljatib\/wp-json\/wp\/v2\/users\/21516"}],"replies":[{"embeddable":true,"href":"https:\/\/blogsaverroes.juntadeandalucia.es\/iesbenaljatib\/wp-json\/wp\/v2\/comments?post=2229"}],"version-history":[{"count":3,"href":"https:\/\/blogsaverroes.juntadeandalucia.es\/iesbenaljatib\/wp-json\/wp\/v2\/posts\/2229\/revisions"}],"predecessor-version":[{"id":2235,"href":"https:\/\/blogsaverroes.juntadeandalucia.es\/iesbenaljatib\/wp-json\/wp\/v2\/posts\/2229\/revisions\/2235"}],"wp:featuredmedia":[{"embeddable":true,"href":"https:\/\/blogsaverroes.juntadeandalucia.es\/iesbenaljatib\/wp-json\/wp\/v2\/media\/2232"}],"wp:attachment":[{"href":"https:\/\/blogsaverroes.juntadeandalucia.es\/iesbenaljatib\/wp-json\/wp\/v2\/media?parent=2229"}],"wp:term":[{"taxonomy":"category","embeddable":true,"href":"https:\/\/blogsaverroes.juntadeandalucia.es\/iesbenaljatib\/wp-json\/wp\/v2\/categories?post=2229"},{"taxonomy":"post_tag","embeddable":true,"href":"https:\/\/blogsaverroes.juntadeandalucia.es\/iesbenaljatib\/wp-json\/wp\/v2\/tags?post=2229"}],"curies":[{"name":"wp","href":"https:\/\/api.w.org\/{rel}","templated":true}]}}