{"id":2312,"date":"2026-03-06T13:50:46","date_gmt":"2026-03-06T12:50:46","guid":{"rendered":"https:\/\/blogsaverroes.juntadeandalucia.es\/iesbenaljatib\/?p=2312"},"modified":"2026-03-06T13:54:18","modified_gmt":"2026-03-06T12:54:18","slug":"calendario-de-escolarizacion-2026-2027-infantil-a-bachillerato","status":"publish","type":"post","link":"https:\/\/blogsaverroes.juntadeandalucia.es\/iesbenaljatib\/calendario-de-escolarizacion-2026-2027-infantil-a-bachillerato\/","title":{"rendered":"Calendario de escolarizaci\u00f3n 2026\/2027 : Infantil a Bachillerato"},"content":{"rendered":"<p>[et_pb_section fb_built=&#8221;1&#8243; _builder_version=&#8221;4.16&#8243; global_colors_info=&#8221;{}&#8221;][et_pb_row _builder_version=&#8221;4.24.2&#8243; background_size=&#8221;initial&#8221; background_position=&#8221;top_left&#8221; background_repeat=&#8221;repeat&#8221; hover_enabled=&#8221;0&#8243; global_colors_info=&#8221;{}&#8221; column_structure=&#8221;1_2,1_2&#8243; sticky_enabled=&#8221;0&#8243;][et_pb_column type=&#8221;1_2&#8243; _builder_version=&#8221;4.16&#8243; custom_padding=&#8221;|||&#8221; global_colors_info=&#8221;{}&#8221; custom_padding__hover=&#8221;|||&#8221;][et_pb_text _builder_version=&#8221;4.16&#8243; background_size=&#8221;initial&#8221; background_position=&#8221;top_left&#8221; background_repeat=&#8221;repeat&#8221; global_colors_info=&#8221;{}&#8221;]El plazo para la escolarizaci\u00f3n 2026\/2027 ya ha comenzado, aqu\u00ed en el enlace pod\u00e9is ver toda la informaci\u00f3n.<\/p>\n<p><a href=\"https:\/\/share.google\/egPqCAZ8CCcia5qvu\">https:\/\/share.google\/egPqCAZ8CCcia5qvu<\/a><\/p>\n<p>&nbsp;<br \/>\n[\/et_pb_text][\/et_pb_column][et_pb_column type=&#8221;1_2&#8243; _builder_version=&#8221;4.16&#8243; custom_padding=&#8221;|||&#8221; global_colors_info=&#8221;{}&#8221; custom_padding__hover=&#8221;|||&#8221;][et_pb_image src=&#8221;https:\/\/blogsaverroes.juntadeandalucia.es\/iesbenaljatib\/files\/2026\/03\/Screenshot-2026-03-06-at-13-48-44-Calendario-Infantil-a-Bachillerato-Escolarizacion-2026_2027-Educacion.png&#8221; title_text=&#8221;Screenshot 2026-03-06 at 13-48-44 Calendario Infantil a Bachillerato &#8211; Escolarizaci\u00f3n 2026_2027 &#8211; Educaci\u00f3n&#8221; _builder_version=&#8221;4.24.2&#8243; _module_preset=&#8221;default&#8221; global_colors_info=&#8221;{}&#8221; admin_label=&#8221;Imagen&#8221;][\/et_pb_image][\/et_pb_column][\/et_pb_row][\/et_pb_section]<\/p>\n","protected":false},"excerpt":{"rendered":"<p>El plazo para la escolarizaci\u00f3n 2026\/2027 ya ha comenzado, aqu\u00ed en el enlace pod\u00e9is ver toda la informaci\u00f3n. https:\/\/share.google\/egPqCAZ8CCcia5qvu &nbsp;<\/p>\n","protected":false},"author":19746,"featured_media":2313,"comment_status":"closed","ping_status":"open","sticky":false,"template":"","format":"standard","meta":{"_et_pb_use_builder":"on","_et_pb_old_content":"<p>El plazo para la escolarizaci\u00f3n 2026\/2027 ya ha comenzado, aqu\u00ed en el enlace pod\u00e9is ver toda la informaci\u00f3n.<\/p><p><a href=\"https:\/\/share.google\/egPqCAZ8CCcia5qvu\">https:\/\/share.google\/egPqCAZ8CCcia5qvu<\/a><\/p><p>\u00a0<\/p>","_et_gb_content_width":"","ngg_post_thumbnail":0,"footnotes":""},"categories":[19,4],"tags":[],"aioseo_notices":[],"_links":{"self":[{"href":"https:\/\/blogsaverroes.juntadeandalucia.es\/iesbenaljatib\/wp-json\/wp\/v2\/posts\/2312"}],"collection":[{"href":"https:\/\/blogsaverroes.juntadeandalucia.es\/iesbenaljatib\/wp-json\/wp\/v2\/posts"}],"about":[{"href":"https:\/\/blogsaverroes.juntadeandalucia.es\/iesbenaljatib\/wp-json\/wp\/v2\/types\/post"}],"author":[{"embeddable":true,"href":"https:\/\/blogsaverroes.juntadeandalucia.es\/iesbenaljatib\/wp-json\/wp\/v2\/users\/19746"}],"replies":[{"embeddable":true,"href":"https:\/\/blogsaverroes.juntadeandalucia.es\/iesbenaljatib\/wp-json\/wp\/v2\/comments?post=2312"}],"version-history":[{"count":4,"href":"https:\/\/blogsaverroes.juntadeandalucia.es\/iesbenaljatib\/wp-json\/wp\/v2\/posts\/2312\/revisions"}],"predecessor-version":[{"id":2319,"href":"https:\/\/blogsaverroes.juntadeandalucia.es\/iesbenaljatib\/wp-json\/wp\/v2\/posts\/2312\/revisions\/2319"}],"wp:featuredmedia":[{"embeddable":true,"href":"https:\/\/blogsaverroes.juntadeandalucia.es\/iesbenaljatib\/wp-json\/wp\/v2\/media\/2313"}],"wp:attachment":[{"href":"https:\/\/blogsaverroes.juntadeandalucia.es\/iesbenaljatib\/wp-json\/wp\/v2\/media?parent=2312"}],"wp:term":[{"taxonomy":"category","embeddable":true,"href":"https:\/\/blogsaverroes.juntadeandalucia.es\/iesbenaljatib\/wp-json\/wp\/v2\/categories?post=2312"},{"taxonomy":"post_tag","embeddable":true,"href":"https:\/\/blogsaverroes.juntadeandalucia.es\/iesbenaljatib\/wp-json\/wp\/v2\/tags?post=2312"}],"curies":[{"name":"wp","href":"https:\/\/api.w.org\/{rel}","templated":true}]}}