{"id":2351,"date":"2026-03-27T12:36:47","date_gmt":"2026-03-27T11:36:47","guid":{"rendered":"https:\/\/blogsaverroes.juntadeandalucia.es\/iesbenaljatib\/?p=2351"},"modified":"2026-03-27T12:36:53","modified_gmt":"2026-03-27T11:36:53","slug":"reconocimiento-a-la-excelencia-academica-del-alumnado-del-ies-ben-al-jatib","status":"publish","type":"post","link":"https:\/\/blogsaverroes.juntadeandalucia.es\/iesbenaljatib\/reconocimiento-a-la-excelencia-academica-del-alumnado-del-ies-ben-al-jatib\/","title":{"rendered":"Reconocimiento a la excelencia acad\u00e9mica del alumnado del IES Ben Al Jatib"},"content":{"rendered":"<p>[et_pb_section fb_built=&#8221;1&#8243; theme_builder_area=&#8221;post_content&#8221; _builder_version=&#8221;4.24.2&#8243; _module_preset=&#8221;default&#8221;][et_pb_row _builder_version=&#8221;4.24.2&#8243; _module_preset=&#8221;default&#8221; theme_builder_area=&#8221;post_content&#8221;][et_pb_column _builder_version=&#8221;4.24.2&#8243; _module_preset=&#8221;default&#8221; type=&#8221;4_4&#8243; theme_builder_area=&#8221;post_content&#8221;][et_pb_text _builder_version=&#8221;4.24.2&#8243; _module_preset=&#8221;default&#8221; theme_builder_area=&#8221;post_content&#8221; hover_enabled=&#8221;0&#8243; sticky_enabled=&#8221;0&#8243;]<\/p>\n<p><strong>24 de marzo de 2026<\/strong><\/p>\n<p>El IES Ben Al Jatib vuelve a ser protagonista de varios reconocimientos p\u00fablicos que ponen de manifiesto la calidad educativa y el compromiso de toda su comunidad. En esta ocasi\u00f3n, el director del centro tuvo el honor de asistir al homenaje que la corporaci\u00f3n local dedic\u00f3 a <strong>\u00c1lvaro Merch\u00e1n<\/strong>, antiguo alumno que curs\u00f3 toda la ESO en el instituto y que obtuvo el <strong>Premio Extraordinario de Educaci\u00f3n Secundaria Obligatoria<\/strong> en el curso 2024\/2025. Durante el acto, \u00c1lvaro dedic\u00f3 unas palabras de agradecimiento al profesorado y al centro por el apoyo recibido a lo largo de su trayectoria.<\/p>\n<p>Este reconocimiento se suma a los otorgados recientemente a otros estudiantes vinculados al IES Ben Al Jatib. Hace unos d\u00edas, el municipio homenaje\u00f3 a <strong>Miguel \u00c1ngel Vertedor<\/strong>, galardonado con un <strong>premio nacional de Memoria Hist\u00f3rica<\/strong>, y anteriormente a <strong>Claudia Rodr\u00edguez Aguilar<\/strong>, distinguida con el <strong>Premio Extraordinario de Bachillerato<\/strong> del mismo curso.<\/p>\n<p>La suma de estos logros refleja el esfuerzo, la dedicaci\u00f3n y el talento del alumnado, as\u00ed como el trabajo conjunto del profesorado y de toda la comunidad educativa. Desde el IES Ben Al Jatib, celebramos con orgullo estos \u00e9xitos que reafirman nuestro compromiso con una educaci\u00f3n p\u00fablica de calidad.<\/p>\n<p><strong>Enhorabuena a todos y todas. Estos reconocimientos son motivo de orgullo para nuestro centro.<\/strong><\/p>\n<p>[\/et_pb_text][\/et_pb_column][\/et_pb_row][et_pb_row _builder_version=&#8221;4.24.2&#8243; _module_preset=&#8221;default&#8221; theme_builder_area=&#8221;post_content&#8221;][et_pb_column _builder_version=&#8221;4.24.2&#8243; _module_preset=&#8221;default&#8221; type=&#8221;4_4&#8243; theme_builder_area=&#8221;post_content&#8221;][et_pb_image _builder_version=&#8221;4.24.2&#8243; _module_preset=&#8221;default&#8221; theme_builder_area=&#8221;post_content&#8221; title_text=&#8221;Premiados 2026 2&#8243; src=&#8221;https:\/\/blogsaverroes.juntadeandalucia.es\/iesbenaljatib\/files\/2026\/03\/Premiados-2026-2.jpeg&#8221; hover_enabled=&#8221;0&#8243; sticky_enabled=&#8221;0&#8243;][\/et_pb_image][\/et_pb_column][\/et_pb_row][et_pb_row _builder_version=&#8221;4.24.2&#8243; _module_preset=&#8221;default&#8221; theme_builder_area=&#8221;post_content&#8221;][et_pb_column _builder_version=&#8221;4.24.2&#8243; _module_preset=&#8221;default&#8221; type=&#8221;4_4&#8243; theme_builder_area=&#8221;post_content&#8221;][et_pb_image _builder_version=&#8221;4.24.2&#8243; _module_preset=&#8221;default&#8221; theme_builder_area=&#8221;post_content&#8221; title_text=&#8221;Premiados 2026 1&#8243; src=&#8221;https:\/\/blogsaverroes.juntadeandalucia.es\/iesbenaljatib\/files\/2026\/03\/Premiados-2026-1.jpeg&#8221; hover_enabled=&#8221;0&#8243; sticky_enabled=&#8221;0&#8243;][\/et_pb_image][\/et_pb_column][\/et_pb_row][et_pb_row _builder_version=&#8221;4.24.2&#8243; _module_preset=&#8221;default&#8221; theme_builder_area=&#8221;post_content&#8221;][et_pb_column _builder_version=&#8221;4.24.2&#8243; _module_preset=&#8221;default&#8221; type=&#8221;4_4&#8243; theme_builder_area=&#8221;post_content&#8221;][et_pb_image _builder_version=&#8221;4.24.2&#8243; _module_preset=&#8221;default&#8221; theme_builder_area=&#8221;post_content&#8221; title_text=&#8221;Premiados 2026 3&#8243; src=&#8221;https:\/\/blogsaverroes.juntadeandalucia.es\/iesbenaljatib\/files\/2026\/03\/Premiados-2026-3.jpeg&#8221; hover_enabled=&#8221;0&#8243; sticky_enabled=&#8221;0&#8243;][\/et_pb_image][\/et_pb_column][\/et_pb_row][\/et_pb_section]<\/p>\n","protected":false},"excerpt":{"rendered":"<p>24 de marzo de 2026 El IES Ben Al Jatib vuelve a ser protagonista de varios reconocimientos p\u00fablicos que ponen de manifiesto la calidad educativa y el compromiso de toda su comunidad. En esta ocasi\u00f3n, el director del centro tuvo el honor de asistir al homenaje que la corporaci\u00f3n local dedic\u00f3 a \u00c1lvaro Merch\u00e1n, antiguo [&hellip;]<\/p>\n","protected":false},"author":21516,"featured_media":2348,"comment_status":"closed","ping_status":"open","sticky":false,"template":"","format":"standard","meta":{"_et_pb_use_builder":"on","_et_pb_old_content":"","_et_gb_content_width":"","ngg_post_thumbnail":0,"footnotes":""},"categories":[4,1],"tags":[],"aioseo_notices":[],"_links":{"self":[{"href":"https:\/\/blogsaverroes.juntadeandalucia.es\/iesbenaljatib\/wp-json\/wp\/v2\/posts\/2351"}],"collection":[{"href":"https:\/\/blogsaverroes.juntadeandalucia.es\/iesbenaljatib\/wp-json\/wp\/v2\/posts"}],"about":[{"href":"https:\/\/blogsaverroes.juntadeandalucia.es\/iesbenaljatib\/wp-json\/wp\/v2\/types\/post"}],"author":[{"embeddable":true,"href":"https:\/\/blogsaverroes.juntadeandalucia.es\/iesbenaljatib\/wp-json\/wp\/v2\/users\/21516"}],"replies":[{"embeddable":true,"href":"https:\/\/blogsaverroes.juntadeandalucia.es\/iesbenaljatib\/wp-json\/wp\/v2\/comments?post=2351"}],"version-history":[{"count":2,"href":"https:\/\/blogsaverroes.juntadeandalucia.es\/iesbenaljatib\/wp-json\/wp\/v2\/posts\/2351\/revisions"}],"predecessor-version":[{"id":2354,"href":"https:\/\/blogsaverroes.juntadeandalucia.es\/iesbenaljatib\/wp-json\/wp\/v2\/posts\/2351\/revisions\/2354"}],"wp:featuredmedia":[{"embeddable":true,"href":"https:\/\/blogsaverroes.juntadeandalucia.es\/iesbenaljatib\/wp-json\/wp\/v2\/media\/2348"}],"wp:attachment":[{"href":"https:\/\/blogsaverroes.juntadeandalucia.es\/iesbenaljatib\/wp-json\/wp\/v2\/media?parent=2351"}],"wp:term":[{"taxonomy":"category","embeddable":true,"href":"https:\/\/blogsaverroes.juntadeandalucia.es\/iesbenaljatib\/wp-json\/wp\/v2\/categories?post=2351"},{"taxonomy":"post_tag","embeddable":true,"href":"https:\/\/blogsaverroes.juntadeandalucia.es\/iesbenaljatib\/wp-json\/wp\/v2\/tags?post=2351"}],"curies":[{"name":"wp","href":"https:\/\/api.w.org\/{rel}","templated":true}]}}