{"id":2812,"date":"2019-04-12T14:43:29","date_gmt":"2019-04-12T14:43:29","guid":{"rendered":"https:\/\/blogsaverroes.juntadeandalucia.es\/iesbitacora\/?p=2812"},"modified":"2019-04-24T14:50:13","modified_gmt":"2019-04-24T14:50:13","slug":"premios-casa-de-la-juventud","status":"publish","type":"post","link":"https:\/\/blogsaverroes.juntadeandalucia.es\/iesbitacora\/premios-casa-de-la-juventud\/","title":{"rendered":"PREMIOS CASA DE LA JUVENTUD"},"content":{"rendered":"<p style=\"text-align: justify\"><span style=\"color: #000000;font-size: 16px\">Un a\u00f1o m\u00e1s, nuestro Centro ha asistido a la entrega de premios que anualmente organiza la Casa de la Juventud de Punta Umbr\u00eda. En esta X edici\u00f3n, en al apartado de Educaci\u00f3n, ha sido premiada la alumna <strong>Rosario Rodr\u00edguez Beltr\u00e1n<\/strong> de 3\u00ba de ESO. <\/span><\/p>\n<p style=\"text-align: justify\"><span style=\"color: #000000;font-size: 16px\">\u00a1Enhorabuena a todos los premiados y, en especial, a Rosario!.<\/span><br \/>\n<iframe loading=\"lazy\" src=\"https:\/\/www.facebook.com\/plugins\/post.php?href=https%3A%2F%2Fwww.facebook.com%2Fpermalink.php%3Fstory_fbid%3D2250247215065267%26id%3D117613031662040&amp;width=500\" width=\"500\" height=\"726\" frameborder=\"0\" scrolling=\"no\"><\/iframe><\/p>\n","protected":false},"excerpt":{"rendered":"<p>Un a\u00f1o m\u00e1s, nuestro Centro ha asistido a la entrega de premios que anualmente organiza la Casa de la Juventud de Punta Umbr\u00eda. En esta&hellip;<\/p>\n","protected":false},"author":5897,"featured_media":0,"comment_status":"open","ping_status":"open","sticky":false,"template":"","format":"standard","meta":{"ngg_post_thumbnail":0,"footnotes":""},"categories":[19,52],"tags":[],"aioseo_notices":[],"_links":{"self":[{"href":"https:\/\/blogsaverroes.juntadeandalucia.es\/iesbitacora\/wp-json\/wp\/v2\/posts\/2812"}],"collection":[{"href":"https:\/\/blogsaverroes.juntadeandalucia.es\/iesbitacora\/wp-json\/wp\/v2\/posts"}],"about":[{"href":"https:\/\/blogsaverroes.juntadeandalucia.es\/iesbitacora\/wp-json\/wp\/v2\/types\/post"}],"author":[{"embeddable":true,"href":"https:\/\/blogsaverroes.juntadeandalucia.es\/iesbitacora\/wp-json\/wp\/v2\/users\/5897"}],"replies":[{"embeddable":true,"href":"https:\/\/blogsaverroes.juntadeandalucia.es\/iesbitacora\/wp-json\/wp\/v2\/comments?post=2812"}],"version-history":[{"count":2,"href":"https:\/\/blogsaverroes.juntadeandalucia.es\/iesbitacora\/wp-json\/wp\/v2\/posts\/2812\/revisions"}],"predecessor-version":[{"id":2814,"href":"https:\/\/blogsaverroes.juntadeandalucia.es\/iesbitacora\/wp-json\/wp\/v2\/posts\/2812\/revisions\/2814"}],"wp:attachment":[{"href":"https:\/\/blogsaverroes.juntadeandalucia.es\/iesbitacora\/wp-json\/wp\/v2\/media?parent=2812"}],"wp:term":[{"taxonomy":"category","embeddable":true,"href":"https:\/\/blogsaverroes.juntadeandalucia.es\/iesbitacora\/wp-json\/wp\/v2\/categories?post=2812"},{"taxonomy":"post_tag","embeddable":true,"href":"https:\/\/blogsaverroes.juntadeandalucia.es\/iesbitacora\/wp-json\/wp\/v2\/tags?post=2812"}],"curies":[{"name":"wp","href":"https:\/\/api.w.org\/{rel}","templated":true}]}}