{"id":3926,"date":"2020-11-30T13:44:34","date_gmt":"2020-11-30T13:44:34","guid":{"rendered":"https:\/\/blogsaverroes.juntadeandalucia.es\/iesbitacora\/?p=3926"},"modified":"2020-11-30T13:51:51","modified_gmt":"2020-11-30T13:51:51","slug":"proyecto-innovacion","status":"publish","type":"post","link":"https:\/\/blogsaverroes.juntadeandalucia.es\/iesbitacora\/proyecto-innovacion\/","title":{"rendered":"PROYECTO DE INNOVACI\u00d3N \u00abEL PENSAMIENTO VISUAL EN EL APRENDIZAJE DE IDIOMAS\u00bb"},"content":{"rendered":"<p style=\"text-align: justify\"><span style=\"font-family: helvetica, arial, sans-serif;font-size: 12pt\"><img loading=\"lazy\" decoding=\"async\" class=\" wp-image-3925 alignleft\" src=\"https:\/\/blogsaverroes.juntadeandalucia.es\/iesbitacora\/files\/2020\/11\/Lets-stay-fit-and-healthy.png\" alt=\"\" width=\"311\" height=\"311\" srcset=\"https:\/\/blogsaverroes.juntadeandalucia.es\/iesbitacora\/files\/2020\/11\/Lets-stay-fit-and-healthy.png 1080w, https:\/\/blogsaverroes.juntadeandalucia.es\/iesbitacora\/files\/2020\/11\/Lets-stay-fit-and-healthy-300x300.png 300w, https:\/\/blogsaverroes.juntadeandalucia.es\/iesbitacora\/files\/2020\/11\/Lets-stay-fit-and-healthy-1024x1024.png 1024w, https:\/\/blogsaverroes.juntadeandalucia.es\/iesbitacora\/files\/2020\/11\/Lets-stay-fit-and-healthy-150x150.png 150w, https:\/\/blogsaverroes.juntadeandalucia.es\/iesbitacora\/files\/2020\/11\/Lets-stay-fit-and-healthy-768x768.png 768w, https:\/\/blogsaverroes.juntadeandalucia.es\/iesbitacora\/files\/2020\/11\/Lets-stay-fit-and-healthy-100x100.png 100w, https:\/\/blogsaverroes.juntadeandalucia.es\/iesbitacora\/files\/2020\/11\/Lets-stay-fit-and-healthy-24x24.png 24w, https:\/\/blogsaverroes.juntadeandalucia.es\/iesbitacora\/files\/2020\/11\/Lets-stay-fit-and-healthy-36x36.png 36w, https:\/\/blogsaverroes.juntadeandalucia.es\/iesbitacora\/files\/2020\/11\/Lets-stay-fit-and-healthy-48x48.png 48w\" sizes=\"(max-width: 311px) 100vw, 311px\" \/>Durante el curso 2020\/2021, la Consejer\u00eda de Educaci\u00f3n ha aprobado nuestro proyecto de innovaci\u00f3n <strong>\u00abEl pensamiento visual en el aprendizaje de idiomas\u00bb<\/strong>, en el que participan los departamentos de ingl\u00e9s y franc\u00e9s con el objetivo de mejorar la competencia ling\u00fc\u00edstica de los estudiantes. <\/span><\/p>\n<p style=\"text-align: justify\"><span style=\"font-family: helvetica, arial, sans-serif;font-size: 12pt\">Entre nuestros objetivos est\u00e1 la <strong>participaci\u00f3n<\/strong> en el <strong>proyecto e-Twinning&nbsp;<\/strong><em><strong>\u201cLet\u2019s stay fit and healthy\u201d <\/strong><\/em>en el que&nbsp;&nbsp;nuestro alumnado de <strong>3\u00ba ESO Pasteur<\/strong> trabajar\u00e1 con estudiantes de Italia, Turqu\u00eda, Grecia y Noruega a trav\u00e9s de la plataforma eTwinning con el objetivo principal de cooperar con otros estudiantes y profesores haciendo uso de la lengua extranjera y las nuevas tecnolog\u00edas como forma de comunicaci\u00f3n. <\/span><\/p>\n<p style=\"text-align: justify\"><span style=\"font-family: helvetica, arial, sans-serif;font-size: 12pt\">Las actividades que se realicen se dar\u00e1n a conocer a trav\u00e9s de diferentes medios para que toda la comunidad educativa tenga acceso al trabajo realizado pero, por lo pronto, pueden acceder a m\u00e1s informaci\u00f3n en las siguientes p\u00e1ginas:<\/span><\/p>\n<p><span style=\"font-family: helvetica, arial, sans-serif;font-size: 12pt\">Qu\u00e9 es eTwinning:&nbsp;<a href=\"https:\/\/www.etwinning.net\/es\/pub\/index.htm\" data-saferedirecturl=\"https:\/\/www.google.com\/url?q=https:\/\/www.etwinning.net\/es\/pub\/index.htm&amp;source=gmail&amp;ust=1606829271055000&amp;usg=AFQjCNHKiaQB898vvITrEypo-az4RJpfkQ\">eTwinning &#8211; Portada<\/a><\/span><\/p>\n<p><span style=\"font-family: helvetica, arial, sans-serif;font-size: 12pt\">Blog del proyecto:&nbsp; &nbsp;<a href=\"https:\/\/letstayfitandhealthy.blogspot.com\/\" data-saferedirecturl=\"https:\/\/www.google.com\/url?q=https:\/\/letstayfitandhealthy.blogspot.com\/&amp;source=gmail&amp;ust=1606829271055000&amp;usg=AFQjCNF2CJGODEV-CCzkKowTg1QxaDSF0g\">Let&#8217;s stay fit and healthy! (letstayfitandhealthy.blogspot.com)<\/a><\/span><\/p>\n<p><span style=\"font-family: helvetica, arial, sans-serif;font-size: 12pt\">Si hay <strong>alumnado de 3\u00ba ESO Fleming o 4\u00ba ESO interesado<\/strong> en participar en el proyecto puede ponerse en <strong>contacto<\/strong> con la profesora <strong>Sara<\/strong> para obtener m\u00e1s informaci\u00f3n.<\/span><\/p>\n","protected":false},"excerpt":{"rendered":"<p>Durante el curso 2020\/2021, la Consejer\u00eda de Educaci\u00f3n ha aprobado nuestro proyecto de innovaci\u00f3n \u00abEl pensamiento visual en el aprendizaje de idiomas\u00bb, en el que&hellip;<\/p>\n","protected":false},"author":5897,"featured_media":0,"comment_status":"open","ping_status":"open","sticky":false,"template":"","format":"standard","meta":{"ngg_post_thumbnail":0,"footnotes":""},"categories":[19],"tags":[],"aioseo_notices":[],"_links":{"self":[{"href":"https:\/\/blogsaverroes.juntadeandalucia.es\/iesbitacora\/wp-json\/wp\/v2\/posts\/3926"}],"collection":[{"href":"https:\/\/blogsaverroes.juntadeandalucia.es\/iesbitacora\/wp-json\/wp\/v2\/posts"}],"about":[{"href":"https:\/\/blogsaverroes.juntadeandalucia.es\/iesbitacora\/wp-json\/wp\/v2\/types\/post"}],"author":[{"embeddable":true,"href":"https:\/\/blogsaverroes.juntadeandalucia.es\/iesbitacora\/wp-json\/wp\/v2\/users\/5897"}],"replies":[{"embeddable":true,"href":"https:\/\/blogsaverroes.juntadeandalucia.es\/iesbitacora\/wp-json\/wp\/v2\/comments?post=3926"}],"version-history":[{"count":3,"href":"https:\/\/blogsaverroes.juntadeandalucia.es\/iesbitacora\/wp-json\/wp\/v2\/posts\/3926\/revisions"}],"predecessor-version":[{"id":3929,"href":"https:\/\/blogsaverroes.juntadeandalucia.es\/iesbitacora\/wp-json\/wp\/v2\/posts\/3926\/revisions\/3929"}],"wp:attachment":[{"href":"https:\/\/blogsaverroes.juntadeandalucia.es\/iesbitacora\/wp-json\/wp\/v2\/media?parent=3926"}],"wp:term":[{"taxonomy":"category","embeddable":true,"href":"https:\/\/blogsaverroes.juntadeandalucia.es\/iesbitacora\/wp-json\/wp\/v2\/categories?post=3926"},{"taxonomy":"post_tag","embeddable":true,"href":"https:\/\/blogsaverroes.juntadeandalucia.es\/iesbitacora\/wp-json\/wp\/v2\/tags?post=3926"}],"curies":[{"name":"wp","href":"https:\/\/api.w.org\/{rel}","templated":true}]}}