{"id":3954,"date":"2021-02-18T13:43:24","date_gmt":"2021-02-18T13:43:24","guid":{"rendered":"https:\/\/blogsaverroes.juntadeandalucia.es\/iesbitacora\/?p=3954"},"modified":"2021-03-04T13:45:20","modified_gmt":"2021-03-04T13:45:20","slug":"taller-redes-sociales","status":"publish","type":"post","link":"https:\/\/blogsaverroes.juntadeandalucia.es\/iesbitacora\/taller-redes-sociales\/","title":{"rendered":"TALLER \u00abSEGURIDAD EN LAS REDES SOCIALES\u00bb"},"content":{"rendered":"<p style=\"text-align: justify\"><span style=\"font-family: helvetica, arial, sans-serif;color: #000000;font-size: 12pt\">A pesar de las restricciones, seguimos intentando ofrecer a nuestro alumnado actividades complementarias que le ayude a formarse en distintos \u00e1mbitos de la vida.<\/span><\/p>\n<p style=\"text-align: justify\"><span style=\"font-family: helvetica, arial, sans-serif;color: #000000;font-size: 12pt\"> En esta ocasi\u00f3n, a trav\u00e9s de la Asociaci\u00f3n Provincial de Amas de Casa, Consumidores y Usuarios Virgen de la Cinta Al-Andalus, hemos contado con la presencia de D. Francisco Javier Gonz\u00e1lez Navarro y D. Antonio P\u00e9rez Ar\u00e9valo que han impartido un taller online sobre las ventajas y peligros del uso de las Redes Sociales.<\/span><\/p>\n<p><img loading=\"lazy\" decoding=\"async\" class=\"aligncenter size-medium wp-image-3957\" src=\"https:\/\/blogsaverroes.juntadeandalucia.es\/iesbitacora\/files\/2021\/03\/WhatsApp-Image-2021-03-04-at-14.32.11-300x230.jpeg\" alt=\"\" width=\"300\" height=\"230\" srcset=\"https:\/\/blogsaverroes.juntadeandalucia.es\/iesbitacora\/files\/2021\/03\/WhatsApp-Image-2021-03-04-at-14.32.11-300x230.jpeg 300w, https:\/\/blogsaverroes.juntadeandalucia.es\/iesbitacora\/files\/2021\/03\/WhatsApp-Image-2021-03-04-at-14.32.11-1024x787.jpeg 1024w, https:\/\/blogsaverroes.juntadeandalucia.es\/iesbitacora\/files\/2021\/03\/WhatsApp-Image-2021-03-04-at-14.32.11-150x115.jpeg 150w, https:\/\/blogsaverroes.juntadeandalucia.es\/iesbitacora\/files\/2021\/03\/WhatsApp-Image-2021-03-04-at-14.32.11-768x590.jpeg 768w, https:\/\/blogsaverroes.juntadeandalucia.es\/iesbitacora\/files\/2021\/03\/WhatsApp-Image-2021-03-04-at-14.32.11-1536x1180.jpeg 1536w, https:\/\/blogsaverroes.juntadeandalucia.es\/iesbitacora\/files\/2021\/03\/WhatsApp-Image-2021-03-04-at-14.32.11.jpeg 1600w\" sizes=\"(max-width: 300px) 100vw, 300px\" \/><\/p>\n<p>&nbsp;<\/p>\n","protected":false},"excerpt":{"rendered":"<p>A pesar de las restricciones, seguimos intentando ofrecer a nuestro alumnado actividades complementarias que le ayude a formarse en distintos \u00e1mbitos de la vida. En&hellip;<\/p>\n","protected":false},"author":5897,"featured_media":0,"comment_status":"open","ping_status":"open","sticky":false,"template":"","format":"standard","meta":{"ngg_post_thumbnail":0,"footnotes":""},"categories":[5991,3],"tags":[],"aioseo_notices":[],"_links":{"self":[{"href":"https:\/\/blogsaverroes.juntadeandalucia.es\/iesbitacora\/wp-json\/wp\/v2\/posts\/3954"}],"collection":[{"href":"https:\/\/blogsaverroes.juntadeandalucia.es\/iesbitacora\/wp-json\/wp\/v2\/posts"}],"about":[{"href":"https:\/\/blogsaverroes.juntadeandalucia.es\/iesbitacora\/wp-json\/wp\/v2\/types\/post"}],"author":[{"embeddable":true,"href":"https:\/\/blogsaverroes.juntadeandalucia.es\/iesbitacora\/wp-json\/wp\/v2\/users\/5897"}],"replies":[{"embeddable":true,"href":"https:\/\/blogsaverroes.juntadeandalucia.es\/iesbitacora\/wp-json\/wp\/v2\/comments?post=3954"}],"version-history":[{"count":7,"href":"https:\/\/blogsaverroes.juntadeandalucia.es\/iesbitacora\/wp-json\/wp\/v2\/posts\/3954\/revisions"}],"predecessor-version":[{"id":3963,"href":"https:\/\/blogsaverroes.juntadeandalucia.es\/iesbitacora\/wp-json\/wp\/v2\/posts\/3954\/revisions\/3963"}],"wp:attachment":[{"href":"https:\/\/blogsaverroes.juntadeandalucia.es\/iesbitacora\/wp-json\/wp\/v2\/media?parent=3954"}],"wp:term":[{"taxonomy":"category","embeddable":true,"href":"https:\/\/blogsaverroes.juntadeandalucia.es\/iesbitacora\/wp-json\/wp\/v2\/categories?post=3954"},{"taxonomy":"post_tag","embeddable":true,"href":"https:\/\/blogsaverroes.juntadeandalucia.es\/iesbitacora\/wp-json\/wp\/v2\/tags?post=3954"}],"curies":[{"name":"wp","href":"https:\/\/api.w.org\/{rel}","templated":true}]}}