{"id":3874,"date":"2025-09-08T12:26:50","date_gmt":"2025-09-08T11:26:50","guid":{"rendered":"https:\/\/blogsaverroes.juntadeandalucia.es\/iesboliches\/?p=3874"},"modified":"2025-09-30T05:41:06","modified_gmt":"2025-09-30T04:41:06","slug":"bienvenidos","status":"publish","type":"post","link":"https:\/\/blogsaverroes.juntadeandalucia.es\/iesboliches\/bienvenidos\/","title":{"rendered":"Bienvenidos"},"content":{"rendered":"<table>\n<tbody>\n<tr>\n<td><img loading=\"lazy\" decoding=\"async\" class=\" wp-image-3343 aligncenter\" src=\"https:\/\/blogsaverroes.juntadeandalucia.es\/iesboliches\/files\/2025\/02\/ec99891c-538e-45ec-9aff-25372b217d8f.png-252x300.png\" alt=\"AMPA Feijoo\" width=\"198\" height=\"236\"><\/td>\n<td style=\"text-align: center\"><span style=\"font-size: 18pt\">Con ayuda del <strong>AMPA Feijoo<\/strong> de IES Los Boliches, llevaremos a cabo el reparto de libros de texto de los niveles 1\u00ba a 3\u00ba de ESO.<\/span><\/td>\n<\/tr>\n<\/tbody>\n<\/table>\n<p>&nbsp;<\/p>\n<p><span style=\"font-size: 14pt\">Todos los libros de secundaria est\u00e1n adscritos al <strong><em>programa de gratuidad<\/em><\/strong> de la Junta de Andaluc\u00eda y por tanto deber\u00e1n devolverse a final de curso en perfecto estado.<\/span><\/p>\n<p><span style=\"font-size: 14pt\">Los libros de texto de <strong>1\u00ba a 3\u00ba de ESO<\/strong> del curso 2025-26 ser\u00e1n entregados por el centro en condici\u00f3n de pr\u00e9stamo a cada uno de nuestros estudiantes.<\/span><\/p>\n<p><span style=\"font-size: 14pt\">Los de 1\u00ba y 2\u00ba de ESO se repartir\u00e1n el d\u00eda 15 de septiembre y los de 3\u00ba de ESO el d\u00eda 16 de septiembre.<\/span><\/p>\n<p><span style=\"font-size: 14pt\">Los libros de texto de <strong>4\u00ba de ESO<\/strong> del curso 2025-26 est\u00e1n incluidos en el sistema de gratuidad de la Junta de Andaluc\u00eda: \u201cChequelibro\u201d. Dichos cheques est\u00e1n disponibles en Ipasen desde el lunes 21 de julio de 2025.<\/span><\/p>\n<p><span style=\"font-size: 14pt\">Recordamos que los libros de todos los niveles de secundaria deben devolverse a final de curso en perfecto estado para su posterior uso el curso siguiente. Por tanto, es de vital importancia que dichos libros se revisen el primer d\u00eda al llegar a casa para subsanar, a la mayor brevedad posible, cualquier deterioro o error que haya podido ocurrir.<\/span><\/p>\n<p>&nbsp;<\/p>\n<p style=\"text-align: center\"><span style=\"color: #993300;font-size: 18pt\">Los estudiantes de todos los niveles podr\u00e1n consultar su grupo clase en los tablones situados en cada entrada al centro el mismo d\u00eda 15 antes de acceder al centro.<\/span><\/p>\n<p>&nbsp;<\/p>\n<p><img loading=\"lazy\" decoding=\"async\" class=\"aligncenter wp-image-3876 size-full\" src=\"https:\/\/blogsaverroes.juntadeandalucia.es\/iesboliches\/files\/2025\/09\/MD850101-Calendario-de-Acogida-2025-26.docx_page-0001.jpg\" alt=\"\" width=\"1242\" height=\"1755\" srcset=\"https:\/\/blogsaverroes.juntadeandalucia.es\/iesboliches\/files\/2025\/09\/MD850101-Calendario-de-Acogida-2025-26.docx_page-0001.jpg 1242w, https:\/\/blogsaverroes.juntadeandalucia.es\/iesboliches\/files\/2025\/09\/MD850101-Calendario-de-Acogida-2025-26.docx_page-0001-980x1385.jpg 980w, https:\/\/blogsaverroes.juntadeandalucia.es\/iesboliches\/files\/2025\/09\/MD850101-Calendario-de-Acogida-2025-26.docx_page-0001-480x678.jpg 480w\" sizes=\"(min-width: 0px) and (max-width: 480px) 480px, (min-width: 481px) and (max-width: 980px) 980px, (min-width: 981px) 1242px, 100vw\" \/><\/p>\n<p>&nbsp;<\/p>\n<p style=\"text-align: center\"><span style=\"font-size: 24pt;color: #993300\">Los estudiantes de todos los niveles podr\u00e1n consultar su grupo clase en los tablones situados en cada entrada al centro el mismo d\u00eda 15 antes de acceder al centro.<\/span><\/p>\n<p>&nbsp;<\/p>\n<p><img loading=\"lazy\" decoding=\"async\" class=\"aligncenter wp-image-3880 size-full\" src=\"https:\/\/blogsaverroes.juntadeandalucia.es\/iesboliches\/files\/2025\/09\/MD850101-Calendario-de-Acogida-2025-26.docx_pages-to-jpg-0002.jpg\" alt=\"\" width=\"1242\" height=\"1755\" srcset=\"https:\/\/blogsaverroes.juntadeandalucia.es\/iesboliches\/files\/2025\/09\/MD850101-Calendario-de-Acogida-2025-26.docx_pages-to-jpg-0002.jpg 1242w, https:\/\/blogsaverroes.juntadeandalucia.es\/iesboliches\/files\/2025\/09\/MD850101-Calendario-de-Acogida-2025-26.docx_pages-to-jpg-0002-980x1385.jpg 980w, https:\/\/blogsaverroes.juntadeandalucia.es\/iesboliches\/files\/2025\/09\/MD850101-Calendario-de-Acogida-2025-26.docx_pages-to-jpg-0002-480x678.jpg 480w\" sizes=\"(min-width: 0px) and (max-width: 480px) 480px, (min-width: 481px) and (max-width: 980px) 980px, (min-width: 981px) 1242px, 100vw\" \/><\/p>\n<table style=\"border-collapse: collapse;width: 100%\">\n<tbody>\n<tr>\n<td style=\"width: 50%\">&nbsp;<\/td>\n<td style=\"width: 50%;text-align: center\">&nbsp;<\/td>\n<\/tr>\n<\/tbody>\n<\/table>\n<p>&nbsp;<\/p>\n","protected":false},"excerpt":{"rendered":"<p>Con ayuda del AMPA Feijoo de IES Los Boliches, llevaremos a cabo el reparto de libros de texto de los niveles 1\u00ba a 3\u00ba de ESO. &nbsp; Todos los libros de secundaria est\u00e1n adscritos al programa de gratuidad de la Junta de Andaluc\u00eda y por tanto deber\u00e1n devolverse a final de curso en perfecto estado. [&hellip;]<\/p>\n","protected":false},"author":17956,"featured_media":3875,"comment_status":"closed","ping_status":"open","sticky":false,"template":"","format":"standard","meta":{"_et_pb_use_builder":"","_et_pb_old_content":"","_et_gb_content_width":"","ngg_post_thumbnail":0,"footnotes":""},"categories":[3],"tags":[],"aioseo_notices":[],"_links":{"self":[{"href":"https:\/\/blogsaverroes.juntadeandalucia.es\/iesboliches\/wp-json\/wp\/v2\/posts\/3874"}],"collection":[{"href":"https:\/\/blogsaverroes.juntadeandalucia.es\/iesboliches\/wp-json\/wp\/v2\/posts"}],"about":[{"href":"https:\/\/blogsaverroes.juntadeandalucia.es\/iesboliches\/wp-json\/wp\/v2\/types\/post"}],"author":[{"embeddable":true,"href":"https:\/\/blogsaverroes.juntadeandalucia.es\/iesboliches\/wp-json\/wp\/v2\/users\/17956"}],"replies":[{"embeddable":true,"href":"https:\/\/blogsaverroes.juntadeandalucia.es\/iesboliches\/wp-json\/wp\/v2\/comments?post=3874"}],"version-history":[{"count":9,"href":"https:\/\/blogsaverroes.juntadeandalucia.es\/iesboliches\/wp-json\/wp\/v2\/posts\/3874\/revisions"}],"predecessor-version":[{"id":3891,"href":"https:\/\/blogsaverroes.juntadeandalucia.es\/iesboliches\/wp-json\/wp\/v2\/posts\/3874\/revisions\/3891"}],"wp:featuredmedia":[{"embeddable":true,"href":"https:\/\/blogsaverroes.juntadeandalucia.es\/iesboliches\/wp-json\/wp\/v2\/media\/3875"}],"wp:attachment":[{"href":"https:\/\/blogsaverroes.juntadeandalucia.es\/iesboliches\/wp-json\/wp\/v2\/media?parent=3874"}],"wp:term":[{"taxonomy":"category","embeddable":true,"href":"https:\/\/blogsaverroes.juntadeandalucia.es\/iesboliches\/wp-json\/wp\/v2\/categories?post=3874"},{"taxonomy":"post_tag","embeddable":true,"href":"https:\/\/blogsaverroes.juntadeandalucia.es\/iesboliches\/wp-json\/wp\/v2\/tags?post=3874"}],"curies":[{"name":"wp","href":"https:\/\/api.w.org\/{rel}","templated":true}]}}