{"id":4237,"date":"2026-04-19T19:10:03","date_gmt":"2026-04-19T18:10:03","guid":{"rendered":"https:\/\/blogsaverroes.juntadeandalucia.es\/iesboliches\/?p=4237"},"modified":"2026-04-19T19:45:49","modified_gmt":"2026-04-19T18:45:49","slug":"exposicion-oraculo-andaluz","status":"publish","type":"post","link":"https:\/\/blogsaverroes.juntadeandalucia.es\/iesboliches\/exposicion-oraculo-andaluz\/","title":{"rendered":"Exposici\u00f3n &#8220;Or\u00e1culo Andaluz&#8221;"},"content":{"rendered":"<h2><span style=\"color: #808000;font-size: 18pt\">Tragedia, cal y mito: un viaje a la esencia de nuestra tierra.<\/span><\/h2>\n<p>&nbsp;<\/p>\n<p><span style=\"font-size: 12pt;color: #003366\">El <strong>alumnado de 4\u00ba de ESO<\/strong> de la materia de<strong> Cultura Cl\u00e1sica <\/strong>junto a su profesor Maximiliano Concheso&nbsp;acaba de montar una exposici\u00f3n tan original como sugerente. Bajo una mirada creativa y rigurosa a la vez, han logrado tender un puente entre la mitolog\u00eda griega y la Andaluc\u00eda rural de los a\u00f1os 30, demostrando que los grandes relatos del pasado siguen vivos cuando se reinterpretan desde nuevas perspectivas.<\/span><\/p>\n<p>&nbsp;<\/p>\n<p style=\"text-align: center\"><span style=\"font-size: 14pt;color: #003366\">La exposici\u00f3n puede disfrutarse desde el pasado jueves 16 de abril y hasta el pr\u00f3ximo 15 de mayo en el pasillo principal del 1\u00ba piso del IES Los Boliches. Invitamos a todo nuestro alumnado y familias a visitarla.&nbsp;<\/span><\/p>\n<p>&nbsp;<\/p>\n<p><img loading=\"lazy\" decoding=\"async\" class=\"aligncenter wp-image-4242 size-full\" src=\"https:\/\/blogsaverroes.juntadeandalucia.es\/iesboliches\/files\/2026\/04\/3a077847-61fa-4998-bd8f-cd796e3256d8.jpg\" alt=\"\" width=\"1135\" height=\"710\" srcset=\"https:\/\/blogsaverroes.juntadeandalucia.es\/iesboliches\/files\/2026\/04\/3a077847-61fa-4998-bd8f-cd796e3256d8.jpg 1135w, https:\/\/blogsaverroes.juntadeandalucia.es\/iesboliches\/files\/2026\/04\/3a077847-61fa-4998-bd8f-cd796e3256d8-980x613.jpg 980w, https:\/\/blogsaverroes.juntadeandalucia.es\/iesboliches\/files\/2026\/04\/3a077847-61fa-4998-bd8f-cd796e3256d8-480x300.jpg 480w\" sizes=\"(min-width: 0px) and (max-width: 480px) 480px, (min-width: 481px) and (max-width: 980px) 980px, (min-width: 981px) 1135px, 100vw\" \/><\/p>\n<p>&nbsp;<\/p>\n<h2><span style=\"font-size: 14pt;color: #003366\"><span style=\"color: #808000\">Reinterpretaci\u00f3n de la mitolog\u00eda cl\u00e1sica en el mundo rural andaluz.<\/span><\/span><\/h2>\n<h3><span style=\"font-size: 12pt;color: #003366\"> La exposici\u00f3n se compone de una serie de im\u00e1genes que recrean algunos de los mitos y personajes m\u00e1s conocidos pero situados en un contexto inesperado: campos andaluces, cortijos, caminos de tierra y escenas cotidianas que evocan una \u00e9poca marcada por la sencillez y la dureza de la vida rural.&nbsp;<\/span><\/h3>\n<p><span style=\"font-size: 12pt;color: #003366\">Un aspecto especialmente interesante del proyecto es el uso de la inteligencia artificial para la creaci\u00f3n de las fotograf\u00edas. Gracias a esta herramienta, el alumnado ha podido dar forma a sus ideas con un alto grado de detalle y realismo, explorando adem\u00e1s nuevas formas de expresi\u00f3n art\u00edstica vinculadas a la tecnolog\u00eda.<\/span><\/p>\n<p><img loading=\"lazy\" decoding=\"async\" class=\"aligncenter wp-image-4243 size-full\" src=\"https:\/\/blogsaverroes.juntadeandalucia.es\/iesboliches\/files\/2026\/04\/f445e696-b7ae-4d34-98ab-c37f7765d93b.jpg\" alt=\"\" width=\"1050\" height=\"649\" srcset=\"https:\/\/blogsaverroes.juntadeandalucia.es\/iesboliches\/files\/2026\/04\/f445e696-b7ae-4d34-98ab-c37f7765d93b.jpg 1050w, https:\/\/blogsaverroes.juntadeandalucia.es\/iesboliches\/files\/2026\/04\/f445e696-b7ae-4d34-98ab-c37f7765d93b-980x606.jpg 980w, https:\/\/blogsaverroes.juntadeandalucia.es\/iesboliches\/files\/2026\/04\/f445e696-b7ae-4d34-98ab-c37f7765d93b-480x297.jpg 480w\" sizes=\"(min-width: 0px) and (max-width: 480px) 480px, (min-width: 481px) and (max-width: 980px) 980px, (min-width: 981px) 1050px, 100vw\" \/><\/p>\n<p><span style=\"font-size: 12pt;color: #003366\">La experiencia no se limita al \u00e1mbito visual. Cada imagen va acompa\u00f1ada de una&nbsp; selecci\u00f3n de poemas de autores andaluces, cuyos versos dialogan con los mitos representados. Esta combinaci\u00f3n de literatura y mitolog\u00eda enriquece la exposici\u00f3n y permite establecer conexiones entre distintas tradiciones culturales, mostrando c\u00f3mo los grandes temas \u2014el amor, la muerte, el destino, la rebeld\u00eda\u2014 atraviesan tanto la Antig\u00fcedad cl\u00e1sica como la poes\u00eda contempor\u00e1nea.<\/span><\/p>\n<h3>&nbsp;<\/h3>\n<h3><span style=\"font-size: 12pt;color: #003366\">En definitiva, esta exposici\u00f3n es un ejemplo de c\u00f3mo la ense\u00f1anza puede ir m\u00e1s all\u00e1 del aula para convertirse en una experiencia significativa y memorable. Una propuesta que demuestra que los cl\u00e1sicos no son algo lejano, sino una fuente inagotable de inspiraci\u00f3n que sigue dialogando con nuestro presente.<\/span><\/h3>\n<p style=\"text-align: center\"><span style=\"font-size: 18pt;color: #800000\">\u00a1Enhorabuena por este gran trabajo!<\/span><\/p>\n","protected":false},"excerpt":{"rendered":"<p>Tragedia, cal y mito: un viaje a la esencia de nuestra tierra. &nbsp; El alumnado de 4\u00ba de ESO de la materia de Cultura Cl\u00e1sica junto a su profesor Maximiliano Concheso&nbsp;acaba de montar una exposici\u00f3n tan original como sugerente. Bajo una mirada creativa y rigurosa a la vez, han logrado tender un puente entre la [&hellip;]<\/p>\n","protected":false},"author":17956,"featured_media":0,"comment_status":"closed","ping_status":"open","sticky":false,"template":"","format":"standard","meta":{"_et_pb_use_builder":"","_et_pb_old_content":"","_et_gb_content_width":"","ngg_post_thumbnail":0,"footnotes":""},"categories":[26,4],"tags":[],"aioseo_notices":[],"_links":{"self":[{"href":"https:\/\/blogsaverroes.juntadeandalucia.es\/iesboliches\/wp-json\/wp\/v2\/posts\/4237"}],"collection":[{"href":"https:\/\/blogsaverroes.juntadeandalucia.es\/iesboliches\/wp-json\/wp\/v2\/posts"}],"about":[{"href":"https:\/\/blogsaverroes.juntadeandalucia.es\/iesboliches\/wp-json\/wp\/v2\/types\/post"}],"author":[{"embeddable":true,"href":"https:\/\/blogsaverroes.juntadeandalucia.es\/iesboliches\/wp-json\/wp\/v2\/users\/17956"}],"replies":[{"embeddable":true,"href":"https:\/\/blogsaverroes.juntadeandalucia.es\/iesboliches\/wp-json\/wp\/v2\/comments?post=4237"}],"version-history":[{"count":7,"href":"https:\/\/blogsaverroes.juntadeandalucia.es\/iesboliches\/wp-json\/wp\/v2\/posts\/4237\/revisions"}],"predecessor-version":[{"id":4246,"href":"https:\/\/blogsaverroes.juntadeandalucia.es\/iesboliches\/wp-json\/wp\/v2\/posts\/4237\/revisions\/4246"}],"wp:attachment":[{"href":"https:\/\/blogsaverroes.juntadeandalucia.es\/iesboliches\/wp-json\/wp\/v2\/media?parent=4237"}],"wp:term":[{"taxonomy":"category","embeddable":true,"href":"https:\/\/blogsaverroes.juntadeandalucia.es\/iesboliches\/wp-json\/wp\/v2\/categories?post=4237"},{"taxonomy":"post_tag","embeddable":true,"href":"https:\/\/blogsaverroes.juntadeandalucia.es\/iesboliches\/wp-json\/wp\/v2\/tags?post=4237"}],"curies":[{"name":"wp","href":"https:\/\/api.w.org\/{rel}","templated":true}]}}