{"id":2439,"date":"2015-06-03T20:18:42","date_gmt":"2015-06-03T18:18:42","guid":{"rendered":"http:\/\/blogsaverroes.juntadeandalucia.es\/iesbulyana\/?p=2439"},"modified":"2015-12-25T20:32:10","modified_gmt":"2015-12-25T19:32:10","slug":"jornada-de-convivencia-excursion-a-la-alfaguara","status":"publish","type":"post","link":"https:\/\/blogsaverroes.juntadeandalucia.es\/iesbulyana\/?p=2439","title":{"rendered":"Jornada de convivencia: excursi\u00f3n a la Alfaguara"},"content":{"rendered":"<p>El pasado 20 de mayo tuvo lugar la jornada de convivencia que celebramos todos los a\u00f1os por estas fechas. Aunque nos graniz\u00f3 un poco al final, lo pasamos muy bien.<\/p>\n<p><!-- index.php -->\n<div\n\tclass=\"ngg-galleryoverview\n\t ngg-ajax-pagination-none\t\"\n\tid=\"ngg-gallery-cf353e10a89acc29542cb8eff73e5f30-1\">\n\n\t\t<div class=\"slideshowlink\">\n\t\t<a href='https:\/\/blogsaverroes.juntadeandalucia.es\/iesbulyana\/index.php\/nggallery\/slideshow?p=2439'>[Mostrar presentaci\u00f3n de diapositivas]<\/a>\n\n\t<\/div>\n\t\t\t<!-- Thumbnails -->\n\t\t\t\t<div id=\"ngg-image-0\" class=\"ngg-gallery-thumbnail-box\"\n\t\t\t\t\t\t\t\t\t\t\t>\n\t\t\t\t\t\t<div class=\"ngg-gallery-thumbnail\">\n\t\t\t<a href=\"https:\/\/blogsaverroes.juntadeandalucia.es\/iesbulyana\/wp-content\/uploads\/sites\/797\/nggallery\/alfaguara_2015\/Alfaguara.jpg\"\n\t\t\t\ttitle=\"\"\n\t\t\t\tdata-src=\"https:\/\/blogsaverroes.juntadeandalucia.es\/iesbulyana\/wp-content\/uploads\/sites\/797\/nggallery\/alfaguara_2015\/Alfaguara.jpg\"\n\t\t\t\tdata-thumbnail=\"https:\/\/blogsaverroes.juntadeandalucia.es\/iesbulyana\/wp-content\/uploads\/sites\/797\/nggallery\/alfaguara_2015\/thumbs\/thumbs_Alfaguara.jpg\"\n\t\t\t\tdata-image-id=\"21\"\n\t\t\t\tdata-title=\"Alfaguara\"\n\t\t\t\tdata-description=\"\"\n\t\t\t\tdata-image-slug=\"alfaguara-1\"\n\t\t\t\tclass=\"ngg-fancybox\" rel=\"cf353e10a89acc29542cb8eff73e5f30\">\n\t\t\t\t<img\n\t\t\t\t\ttitle=\"Alfaguara\"\n\t\t\t\t\talt=\"Alfaguara\"\n\t\t\t\t\tsrc=\"https:\/\/blogsaverroes.juntadeandalucia.es\/iesbulyana\/wp-content\/uploads\/sites\/797\/nggallery\/alfaguara_2015\/thumbs\/thumbs_Alfaguara.jpg\"\n\t\t\t\t\twidth=\"120\"\n\t\t\t\t\theight=\"90\"\n\t\t\t\t\tstyle=\"max-width:100%;\"\n\t\t\t\t\/>\n\t\t\t<\/a>\n\t\t<\/div>\n\t\t\t\t\t\t\t<\/div>\n\t\t\t\n\t\t\n\t\t\t\t<div id=\"ngg-image-1\" class=\"ngg-gallery-thumbnail-box\"\n\t\t\t\t\t\t\t\t\t\t\t>\n\t\t\t\t\t\t<div class=\"ngg-gallery-thumbnail\">\n\t\t\t<a href=\"https:\/\/blogsaverroes.juntadeandalucia.es\/iesbulyana\/wp-content\/uploads\/sites\/797\/nggallery\/alfaguara_2015\/Alfaguara2.jpg\"\n\t\t\t\ttitle=\" \"\n\t\t\t\tdata-src=\"https:\/\/blogsaverroes.juntadeandalucia.es\/iesbulyana\/wp-content\/uploads\/sites\/797\/nggallery\/alfaguara_2015\/Alfaguara2.jpg\"\n\t\t\t\tdata-thumbnail=\"https:\/\/blogsaverroes.juntadeandalucia.es\/iesbulyana\/wp-content\/uploads\/sites\/797\/nggallery\/alfaguara_2015\/thumbs\/thumbs_Alfaguara2.jpg\"\n\t\t\t\tdata-image-id=\"22\"\n\t\t\t\tdata-title=\"Alfaguara2\"\n\t\t\t\tdata-description=\" \"\n\t\t\t\tdata-image-slug=\"alfaguara2-1\"\n\t\t\t\tclass=\"ngg-fancybox\" rel=\"cf353e10a89acc29542cb8eff73e5f30\">\n\t\t\t\t<img\n\t\t\t\t\ttitle=\"Alfaguara2\"\n\t\t\t\t\talt=\"Alfaguara2\"\n\t\t\t\t\tsrc=\"https:\/\/blogsaverroes.juntadeandalucia.es\/iesbulyana\/wp-content\/uploads\/sites\/797\/nggallery\/alfaguara_2015\/thumbs\/thumbs_Alfaguara2.jpg\"\n\t\t\t\t\twidth=\"120\"\n\t\t\t\t\theight=\"90\"\n\t\t\t\t\tstyle=\"max-width:100%;\"\n\t\t\t\t\/>\n\t\t\t<\/a>\n\t\t<\/div>\n\t\t\t\t\t\t\t<\/div>\n\t\t\t\n\t\t\n\t\t\t\t<div id=\"ngg-image-2\" class=\"ngg-gallery-thumbnail-box\"\n\t\t\t\t\t\t\t\t\t\t\t>\n\t\t\t\t\t\t<div class=\"ngg-gallery-thumbnail\">\n\t\t\t<a href=\"https:\/\/blogsaverroes.juntadeandalucia.es\/iesbulyana\/wp-content\/uploads\/sites\/797\/nggallery\/alfaguara_2015\/Alfaguara3.jpg\"\n\t\t\t\ttitle=\" \"\n\t\t\t\tdata-src=\"https:\/\/blogsaverroes.juntadeandalucia.es\/iesbulyana\/wp-content\/uploads\/sites\/797\/nggallery\/alfaguara_2015\/Alfaguara3.jpg\"\n\t\t\t\tdata-thumbnail=\"https:\/\/blogsaverroes.juntadeandalucia.es\/iesbulyana\/wp-content\/uploads\/sites\/797\/nggallery\/alfaguara_2015\/thumbs\/thumbs_Alfaguara3.jpg\"\n\t\t\t\tdata-image-id=\"23\"\n\t\t\t\tdata-title=\"Alfaguara3\"\n\t\t\t\tdata-description=\" \"\n\t\t\t\tdata-image-slug=\"alfaguara3-1\"\n\t\t\t\tclass=\"ngg-fancybox\" rel=\"cf353e10a89acc29542cb8eff73e5f30\">\n\t\t\t\t<img\n\t\t\t\t\ttitle=\"Alfaguara3\"\n\t\t\t\t\talt=\"Alfaguara3\"\n\t\t\t\t\tsrc=\"https:\/\/blogsaverroes.juntadeandalucia.es\/iesbulyana\/wp-content\/uploads\/sites\/797\/nggallery\/alfaguara_2015\/thumbs\/thumbs_Alfaguara3.jpg\"\n\t\t\t\t\twidth=\"120\"\n\t\t\t\t\theight=\"90\"\n\t\t\t\t\tstyle=\"max-width:100%;\"\n\t\t\t\t\/>\n\t\t\t<\/a>\n\t\t<\/div>\n\t\t\t\t\t\t\t<\/div>\n\t\t\t\n\t\t\n\t\t\t\t<div id=\"ngg-image-3\" class=\"ngg-gallery-thumbnail-box\"\n\t\t\t\t\t\t\t\t\t\t\t>\n\t\t\t\t\t\t<div class=\"ngg-gallery-thumbnail\">\n\t\t\t<a href=\"https:\/\/blogsaverroes.juntadeandalucia.es\/iesbulyana\/wp-content\/uploads\/sites\/797\/nggallery\/alfaguara_2015\/Alfaguara4.jpg\"\n\t\t\t\ttitle=\" \"\n\t\t\t\tdata-src=\"https:\/\/blogsaverroes.juntadeandalucia.es\/iesbulyana\/wp-content\/uploads\/sites\/797\/nggallery\/alfaguara_2015\/Alfaguara4.jpg\"\n\t\t\t\tdata-thumbnail=\"https:\/\/blogsaverroes.juntadeandalucia.es\/iesbulyana\/wp-content\/uploads\/sites\/797\/nggallery\/alfaguara_2015\/thumbs\/thumbs_Alfaguara4.jpg\"\n\t\t\t\tdata-image-id=\"24\"\n\t\t\t\tdata-title=\"Alfaguara4\"\n\t\t\t\tdata-description=\" \"\n\t\t\t\tdata-image-slug=\"alfaguara4-1\"\n\t\t\t\tclass=\"ngg-fancybox\" rel=\"cf353e10a89acc29542cb8eff73e5f30\">\n\t\t\t\t<img\n\t\t\t\t\ttitle=\"Alfaguara4\"\n\t\t\t\t\talt=\"Alfaguara4\"\n\t\t\t\t\tsrc=\"https:\/\/blogsaverroes.juntadeandalucia.es\/iesbulyana\/wp-content\/uploads\/sites\/797\/nggallery\/alfaguara_2015\/thumbs\/thumbs_Alfaguara4.jpg\"\n\t\t\t\t\twidth=\"120\"\n\t\t\t\t\theight=\"90\"\n\t\t\t\t\tstyle=\"max-width:100%;\"\n\t\t\t\t\/>\n\t\t\t<\/a>\n\t\t<\/div>\n\t\t\t\t\t\t\t<\/div>\n\t\t\t\n\t\t\n\t\t\n\t\t<!-- Pagination -->\n\t\t<div class='ngg-clear'><\/div>\t<\/div>\n<\/p>\n","protected":false},"excerpt":{"rendered":"<p>El pasado 20 de mayo tuvo lugar la jornada de convivencia que celebramos todos los a\u00f1os por estas fechas. Aunque nos graniz\u00f3 un poco al final, lo pasamos muy bien. [Mostrar presentaci\u00f3n de diapositivas]<\/p>\n","protected":false},"author":2220,"featured_media":2452,"comment_status":"open","ping_status":"open","sticky":false,"template":"","format":"standard","meta":{"_exactmetrics_skip_tracking":false,"_exactmetrics_sitenote_active":false,"_exactmetrics_sitenote_note":"","_exactmetrics_sitenote_category":0,"ngg_post_thumbnail":0,"footnotes":""},"categories":[5991],"tags":[],"aioseo_notices":[],"_links":{"self":[{"href":"https:\/\/blogsaverroes.juntadeandalucia.es\/iesbulyana\/index.php?rest_route=\/wp\/v2\/posts\/2439"}],"collection":[{"href":"https:\/\/blogsaverroes.juntadeandalucia.es\/iesbulyana\/index.php?rest_route=\/wp\/v2\/posts"}],"about":[{"href":"https:\/\/blogsaverroes.juntadeandalucia.es\/iesbulyana\/index.php?rest_route=\/wp\/v2\/types\/post"}],"author":[{"embeddable":true,"href":"https:\/\/blogsaverroes.juntadeandalucia.es\/iesbulyana\/index.php?rest_route=\/wp\/v2\/users\/2220"}],"replies":[{"embeddable":true,"href":"https:\/\/blogsaverroes.juntadeandalucia.es\/iesbulyana\/index.php?rest_route=%2Fwp%2Fv2%2Fcomments&post=2439"}],"version-history":[{"count":4,"href":"https:\/\/blogsaverroes.juntadeandalucia.es\/iesbulyana\/index.php?rest_route=\/wp\/v2\/posts\/2439\/revisions"}],"predecessor-version":[{"id":2455,"href":"https:\/\/blogsaverroes.juntadeandalucia.es\/iesbulyana\/index.php?rest_route=\/wp\/v2\/posts\/2439\/revisions\/2455"}],"wp:featuredmedia":[{"embeddable":true,"href":"https:\/\/blogsaverroes.juntadeandalucia.es\/iesbulyana\/index.php?rest_route=\/wp\/v2\/media\/2452"}],"wp:attachment":[{"href":"https:\/\/blogsaverroes.juntadeandalucia.es\/iesbulyana\/index.php?rest_route=%2Fwp%2Fv2%2Fmedia&parent=2439"}],"wp:term":[{"taxonomy":"category","embeddable":true,"href":"https:\/\/blogsaverroes.juntadeandalucia.es\/iesbulyana\/index.php?rest_route=%2Fwp%2Fv2%2Fcategories&post=2439"},{"taxonomy":"post_tag","embeddable":true,"href":"https:\/\/blogsaverroes.juntadeandalucia.es\/iesbulyana\/index.php?rest_route=%2Fwp%2Fv2%2Ftags&post=2439"}],"curies":[{"name":"wp","href":"https:\/\/api.w.org\/{rel}","templated":true}]}}