{"id":2484,"date":"2015-05-12T20:53:25","date_gmt":"2015-05-12T18:53:25","guid":{"rendered":"http:\/\/blogsaverroes.juntadeandalucia.es\/iesbulyana\/?p=2484"},"modified":"2016-05-10T10:48:04","modified_gmt":"2016-05-10T08:48:04","slug":"dia-del-libro-en-el-ies-bulyana","status":"publish","type":"post","link":"https:\/\/blogsaverroes.juntadeandalucia.es\/iesbulyana\/?p=2484","title":{"rendered":"Celebraci\u00f3n del D\u00eda del Libro en el IES Bulyana"},"content":{"rendered":"<p>El pasado 23 de abril celebramos el D\u00eda del Libro en el IES Bulyana con las siguientes actividades:<\/p>\n<ul>\n<li>Lecturas compartidas en el aula: en 1\u00ba de ESO se ley\u00f3 una adaptaci\u00f3n del Quijote, en 2\u00ba \u00abRebelde\u00bb de Manuel L. Alonso, en 3\u00ba \u00abLas aventuras de Said\u00bb y en 4\u00ba cuentos de Edgar Allan Poe.<\/li>\n<li>Concurso de marcap\u00e1ginas. Ganador: Ismael Fern\u00e1ndez.<\/li>\n<li>Concurso de fotograf\u00eda.<\/li>\n<li>Concurso de relato corto. Los ganadores de los concursos recibir\u00e1n su premio en el acto de fin de curso.<\/li>\n<\/ul>\n<p><!-- index.php -->\n<div\n\tclass=\"ngg-galleryoverview\n\t ngg-ajax-pagination-none\t\"\n\tid=\"ngg-gallery-eced0b97f5a805b5613a07bafe068f46-1\">\n\n\t\t<div class=\"slideshowlink\">\n\t\t<a href='https:\/\/blogsaverroes.juntadeandalucia.es\/iesbulyana\/index.php\/nggallery\/slideshow?p=2484'>[Mostrar presentaci\u00f3n de diapositivas]<\/a>\n\n\t<\/div>\n\t\t\t<!-- Thumbnails -->\n\t\t\t\t<div id=\"ngg-image-0\" class=\"ngg-gallery-thumbnail-box\"\n\t\t\t\t\t\t\t\t\t\t\t>\n\t\t\t\t\t\t<div class=\"ngg-gallery-thumbnail\">\n\t\t\t<a href=\"https:\/\/blogsaverroes.juntadeandalucia.es\/iesbulyana\/wp-content\/uploads\/sites\/797\/nggallery\/dia_libro_2015\/dia_libro_2015.jpg\"\n\t\t\t\ttitle=\"\"\n\t\t\t\tdata-src=\"https:\/\/blogsaverroes.juntadeandalucia.es\/iesbulyana\/wp-content\/uploads\/sites\/797\/nggallery\/dia_libro_2015\/dia_libro_2015.jpg\"\n\t\t\t\tdata-thumbnail=\"https:\/\/blogsaverroes.juntadeandalucia.es\/iesbulyana\/wp-content\/uploads\/sites\/797\/nggallery\/dia_libro_2015\/thumbs\/thumbs_dia_libro_2015.jpg\"\n\t\t\t\tdata-image-id=\"31\"\n\t\t\t\tdata-title=\"dia_libro_2015\"\n\t\t\t\tdata-description=\"\"\n\t\t\t\tdata-image-slug=\"dia_libro_2015\"\n\t\t\t\tclass=\"ngg-fancybox\" rel=\"eced0b97f5a805b5613a07bafe068f46\">\n\t\t\t\t<img\n\t\t\t\t\ttitle=\"dia_libro_2015\"\n\t\t\t\t\talt=\"dia_libro_2015\"\n\t\t\t\t\tsrc=\"https:\/\/blogsaverroes.juntadeandalucia.es\/iesbulyana\/wp-content\/uploads\/sites\/797\/nggallery\/dia_libro_2015\/thumbs\/thumbs_dia_libro_2015.jpg\"\n\t\t\t\t\twidth=\"120\"\n\t\t\t\t\theight=\"90\"\n\t\t\t\t\tstyle=\"max-width:100%;\"\n\t\t\t\t\/>\n\t\t\t<\/a>\n\t\t<\/div>\n\t\t\t\t\t\t\t<\/div>\n\t\t\t\n\t\t\n\t\t\t\t<div id=\"ngg-image-1\" class=\"ngg-gallery-thumbnail-box\"\n\t\t\t\t\t\t\t\t\t\t\t>\n\t\t\t\t\t\t<div class=\"ngg-gallery-thumbnail\">\n\t\t\t<a href=\"https:\/\/blogsaverroes.juntadeandalucia.es\/iesbulyana\/wp-content\/uploads\/sites\/797\/nggallery\/dia_libro_2015\/dia_libro_2015_2.jpg\"\n\t\t\t\ttitle=\"\"\n\t\t\t\tdata-src=\"https:\/\/blogsaverroes.juntadeandalucia.es\/iesbulyana\/wp-content\/uploads\/sites\/797\/nggallery\/dia_libro_2015\/dia_libro_2015_2.jpg\"\n\t\t\t\tdata-thumbnail=\"https:\/\/blogsaverroes.juntadeandalucia.es\/iesbulyana\/wp-content\/uploads\/sites\/797\/nggallery\/dia_libro_2015\/thumbs\/thumbs_dia_libro_2015_2.jpg\"\n\t\t\t\tdata-image-id=\"32\"\n\t\t\t\tdata-title=\"dia_libro_2015_2\"\n\t\t\t\tdata-description=\"\"\n\t\t\t\tdata-image-slug=\"dia_libro_2015_2\"\n\t\t\t\tclass=\"ngg-fancybox\" rel=\"eced0b97f5a805b5613a07bafe068f46\">\n\t\t\t\t<img\n\t\t\t\t\ttitle=\"dia_libro_2015_2\"\n\t\t\t\t\talt=\"dia_libro_2015_2\"\n\t\t\t\t\tsrc=\"https:\/\/blogsaverroes.juntadeandalucia.es\/iesbulyana\/wp-content\/uploads\/sites\/797\/nggallery\/dia_libro_2015\/thumbs\/thumbs_dia_libro_2015_2.jpg\"\n\t\t\t\t\twidth=\"120\"\n\t\t\t\t\theight=\"90\"\n\t\t\t\t\tstyle=\"max-width:100%;\"\n\t\t\t\t\/>\n\t\t\t<\/a>\n\t\t<\/div>\n\t\t\t\t\t\t\t<\/div>\n\t\t\t\n\t\t\n\t\t\t\t<div id=\"ngg-image-2\" class=\"ngg-gallery-thumbnail-box\"\n\t\t\t\t\t\t\t\t\t\t\t>\n\t\t\t\t\t\t<div class=\"ngg-gallery-thumbnail\">\n\t\t\t<a href=\"https:\/\/blogsaverroes.juntadeandalucia.es\/iesbulyana\/wp-content\/uploads\/sites\/797\/nggallery\/dia_libro_2015\/dia_libro_2015_3.jpg\"\n\t\t\t\ttitle=\"\"\n\t\t\t\tdata-src=\"https:\/\/blogsaverroes.juntadeandalucia.es\/iesbulyana\/wp-content\/uploads\/sites\/797\/nggallery\/dia_libro_2015\/dia_libro_2015_3.jpg\"\n\t\t\t\tdata-thumbnail=\"https:\/\/blogsaverroes.juntadeandalucia.es\/iesbulyana\/wp-content\/uploads\/sites\/797\/nggallery\/dia_libro_2015\/thumbs\/thumbs_dia_libro_2015_3.jpg\"\n\t\t\t\tdata-image-id=\"33\"\n\t\t\t\tdata-title=\"dia_libro_2015_3\"\n\t\t\t\tdata-description=\"\"\n\t\t\t\tdata-image-slug=\"dia_libro_2015_3\"\n\t\t\t\tclass=\"ngg-fancybox\" rel=\"eced0b97f5a805b5613a07bafe068f46\">\n\t\t\t\t<img\n\t\t\t\t\ttitle=\"dia_libro_2015_3\"\n\t\t\t\t\talt=\"dia_libro_2015_3\"\n\t\t\t\t\tsrc=\"https:\/\/blogsaverroes.juntadeandalucia.es\/iesbulyana\/wp-content\/uploads\/sites\/797\/nggallery\/dia_libro_2015\/thumbs\/thumbs_dia_libro_2015_3.jpg\"\n\t\t\t\t\twidth=\"120\"\n\t\t\t\t\theight=\"90\"\n\t\t\t\t\tstyle=\"max-width:100%;\"\n\t\t\t\t\/>\n\t\t\t<\/a>\n\t\t<\/div>\n\t\t\t\t\t\t\t<\/div>\n\t\t\t\n\t\t\n\t\t\t\t<div id=\"ngg-image-3\" class=\"ngg-gallery-thumbnail-box\"\n\t\t\t\t\t\t\t\t\t\t\t>\n\t\t\t\t\t\t<div class=\"ngg-gallery-thumbnail\">\n\t\t\t<a href=\"https:\/\/blogsaverroes.juntadeandalucia.es\/iesbulyana\/wp-content\/uploads\/sites\/797\/nggallery\/dia_libro_2015\/dia_libro_2015_4.jpg\"\n\t\t\t\ttitle=\"\"\n\t\t\t\tdata-src=\"https:\/\/blogsaverroes.juntadeandalucia.es\/iesbulyana\/wp-content\/uploads\/sites\/797\/nggallery\/dia_libro_2015\/dia_libro_2015_4.jpg\"\n\t\t\t\tdata-thumbnail=\"https:\/\/blogsaverroes.juntadeandalucia.es\/iesbulyana\/wp-content\/uploads\/sites\/797\/nggallery\/dia_libro_2015\/thumbs\/thumbs_dia_libro_2015_4.jpg\"\n\t\t\t\tdata-image-id=\"34\"\n\t\t\t\tdata-title=\"dia_libro_2015_4\"\n\t\t\t\tdata-description=\"\"\n\t\t\t\tdata-image-slug=\"dia_libro_2015_4\"\n\t\t\t\tclass=\"ngg-fancybox\" rel=\"eced0b97f5a805b5613a07bafe068f46\">\n\t\t\t\t<img\n\t\t\t\t\ttitle=\"dia_libro_2015_4\"\n\t\t\t\t\talt=\"dia_libro_2015_4\"\n\t\t\t\t\tsrc=\"https:\/\/blogsaverroes.juntadeandalucia.es\/iesbulyana\/wp-content\/uploads\/sites\/797\/nggallery\/dia_libro_2015\/thumbs\/thumbs_dia_libro_2015_4.jpg\"\n\t\t\t\t\twidth=\"120\"\n\t\t\t\t\theight=\"90\"\n\t\t\t\t\tstyle=\"max-width:100%;\"\n\t\t\t\t\/>\n\t\t\t<\/a>\n\t\t<\/div>\n\t\t\t\t\t\t\t<\/div>\n\t\t\t\n\t\t\n\t\t\t\t<div id=\"ngg-image-4\" class=\"ngg-gallery-thumbnail-box\"\n\t\t\t\t\t\t\t\t\t\t\t>\n\t\t\t\t\t\t<div class=\"ngg-gallery-thumbnail\">\n\t\t\t<a href=\"https:\/\/blogsaverroes.juntadeandalucia.es\/iesbulyana\/wp-content\/uploads\/sites\/797\/nggallery\/dia_libro_2015\/dia_libro_2015_5.jpg\"\n\t\t\t\ttitle=\"\"\n\t\t\t\tdata-src=\"https:\/\/blogsaverroes.juntadeandalucia.es\/iesbulyana\/wp-content\/uploads\/sites\/797\/nggallery\/dia_libro_2015\/dia_libro_2015_5.jpg\"\n\t\t\t\tdata-thumbnail=\"https:\/\/blogsaverroes.juntadeandalucia.es\/iesbulyana\/wp-content\/uploads\/sites\/797\/nggallery\/dia_libro_2015\/thumbs\/thumbs_dia_libro_2015_5.jpg\"\n\t\t\t\tdata-image-id=\"35\"\n\t\t\t\tdata-title=\"dia_libro_2015_5\"\n\t\t\t\tdata-description=\"\"\n\t\t\t\tdata-image-slug=\"dia_libro_2015_5\"\n\t\t\t\tclass=\"ngg-fancybox\" rel=\"eced0b97f5a805b5613a07bafe068f46\">\n\t\t\t\t<img\n\t\t\t\t\ttitle=\"dia_libro_2015_5\"\n\t\t\t\t\talt=\"dia_libro_2015_5\"\n\t\t\t\t\tsrc=\"https:\/\/blogsaverroes.juntadeandalucia.es\/iesbulyana\/wp-content\/uploads\/sites\/797\/nggallery\/dia_libro_2015\/thumbs\/thumbs_dia_libro_2015_5.jpg\"\n\t\t\t\t\twidth=\"120\"\n\t\t\t\t\theight=\"90\"\n\t\t\t\t\tstyle=\"max-width:100%;\"\n\t\t\t\t\/>\n\t\t\t<\/a>\n\t\t<\/div>\n\t\t\t\t\t\t\t<\/div>\n\t\t\t\n\t\t\n\t\t\n\t\t<!-- Pagination -->\n\t\t<div class='ngg-navigation'><span class='current'>1<\/span>\n<a class='page-numbers' data-pageid='2' href='https:\/\/blogsaverroes.juntadeandalucia.es\/iesbulyana\/index.php\/nggallery\/page\/2?p=2484'>2<\/a>\n<a class='prev' href='https:\/\/blogsaverroes.juntadeandalucia.es\/iesbulyana\/index.php\/nggallery\/page\/2?p=2484' data-pageid=2>&#9658;<\/a><\/div>\t<\/div>\n<\/p>\n","protected":false},"excerpt":{"rendered":"<p>El pasado 23 de abril celebramos el D\u00eda del Libro en el IES Bulyana con las siguientes actividades: Lecturas compartidas en el aula: en 1\u00ba de ESO se ley\u00f3 una adaptaci\u00f3n del Quijote, en 2\u00ba \u00abRebelde\u00bb de Manuel L. Alonso, en 3\u00ba \u00abLas aventuras de Said\u00bb y en 4\u00ba cuentos de Edgar Allan Poe. Concurso &hellip; <\/p>\n<p><a class=\"more-link btn\" href=\"https:\/\/blogsaverroes.juntadeandalucia.es\/iesbulyana\/?p=2484\">Seguir leyendo<\/a><\/p>\n","protected":false},"author":2220,"featured_media":2502,"comment_status":"open","ping_status":"open","sticky":false,"template":"","format":"standard","meta":{"_exactmetrics_skip_tracking":false,"_exactmetrics_sitenote_active":false,"_exactmetrics_sitenote_note":"","_exactmetrics_sitenote_category":0,"ngg_post_thumbnail":0,"footnotes":""},"categories":[3774,25505],"tags":[],"aioseo_notices":[],"_links":{"self":[{"href":"https:\/\/blogsaverroes.juntadeandalucia.es\/iesbulyana\/index.php?rest_route=\/wp\/v2\/posts\/2484"}],"collection":[{"href":"https:\/\/blogsaverroes.juntadeandalucia.es\/iesbulyana\/index.php?rest_route=\/wp\/v2\/posts"}],"about":[{"href":"https:\/\/blogsaverroes.juntadeandalucia.es\/iesbulyana\/index.php?rest_route=\/wp\/v2\/types\/post"}],"author":[{"embeddable":true,"href":"https:\/\/blogsaverroes.juntadeandalucia.es\/iesbulyana\/index.php?rest_route=\/wp\/v2\/users\/2220"}],"replies":[{"embeddable":true,"href":"https:\/\/blogsaverroes.juntadeandalucia.es\/iesbulyana\/index.php?rest_route=%2Fwp%2Fv2%2Fcomments&post=2484"}],"version-history":[{"count":2,"href":"https:\/\/blogsaverroes.juntadeandalucia.es\/iesbulyana\/index.php?rest_route=\/wp\/v2\/posts\/2484\/revisions"}],"predecessor-version":[{"id":3062,"href":"https:\/\/blogsaverroes.juntadeandalucia.es\/iesbulyana\/index.php?rest_route=\/wp\/v2\/posts\/2484\/revisions\/3062"}],"wp:featuredmedia":[{"embeddable":true,"href":"https:\/\/blogsaverroes.juntadeandalucia.es\/iesbulyana\/index.php?rest_route=\/wp\/v2\/media\/2502"}],"wp:attachment":[{"href":"https:\/\/blogsaverroes.juntadeandalucia.es\/iesbulyana\/index.php?rest_route=%2Fwp%2Fv2%2Fmedia&parent=2484"}],"wp:term":[{"taxonomy":"category","embeddable":true,"href":"https:\/\/blogsaverroes.juntadeandalucia.es\/iesbulyana\/index.php?rest_route=%2Fwp%2Fv2%2Fcategories&post=2484"},{"taxonomy":"post_tag","embeddable":true,"href":"https:\/\/blogsaverroes.juntadeandalucia.es\/iesbulyana\/index.php?rest_route=%2Fwp%2Fv2%2Ftags&post=2484"}],"curies":[{"name":"wp","href":"https:\/\/api.w.org\/{rel}","templated":true}]}}