{"id":2510,"date":"2014-05-20T00:34:43","date_gmt":"2014-05-19T22:34:43","guid":{"rendered":"http:\/\/blogsaverroes.juntadeandalucia.es\/iesbulyana\/?p=2510"},"modified":"2016-05-10T10:58:21","modified_gmt":"2016-05-10T08:58:21","slug":"charla-alimentacion-y-nutricion-y-desayuno-saludable","status":"publish","type":"post","link":"https:\/\/blogsaverroes.juntadeandalucia.es\/iesbulyana\/?p=2510","title":{"rendered":"Charla sobre alimentaci\u00f3n y nutrici\u00f3n, y posterior desayuno saludable en el IES Bulyana"},"content":{"rendered":"<p>El pasado lunes 19 de mayo, tuvo lugar en la Casa de la Cultura de Pulianas, una charla dirigida a todo el alumnado de nuestro IES, y al de sexto de primaria del Colegio P\u00fablico \u00abTierno Galv\u00e1n\u00bb, sobre h\u00e1bitos de alimentaci\u00f3n saludables y nutrici\u00f3n. Tras dicha actividad, el AMPA ofreci\u00f3 un desayuno saludable a base de diferentes tipos de frutas, que tuvo una estupenda aceptaci\u00f3n por parte del alumnado y del profesorado.<\/p>\n<p><!-- index.php -->\n<div\n\tclass=\"ngg-galleryoverview\n\t ngg-ajax-pagination-none\t\"\n\tid=\"ngg-gallery-7f662fde3b3bc7e049338f2e73049943-1\">\n\n\t\t<div class=\"slideshowlink\">\n\t\t<a href='https:\/\/blogsaverroes.juntadeandalucia.es\/iesbulyana\/index.php\/nggallery\/slideshow?p=2510'>[Mostrar presentaci\u00f3n de diapositivas]<\/a>\n\n\t<\/div>\n\t\t\t<!-- Thumbnails -->\n\t\t\t\t<div id=\"ngg-image-0\" class=\"ngg-gallery-thumbnail-box\"\n\t\t\t\t\t\t\t\t\t\t\t>\n\t\t\t\t\t\t<div class=\"ngg-gallery-thumbnail\">\n\t\t\t<a href=\"https:\/\/blogsaverroes.juntadeandalucia.es\/iesbulyana\/wp-content\/uploads\/sites\/797\/nggallery\/charla_nutricion_2014\/Charla_Nutricion_2014.jpg\"\n\t\t\t\ttitle=\"\"\n\t\t\t\tdata-src=\"https:\/\/blogsaverroes.juntadeandalucia.es\/iesbulyana\/wp-content\/uploads\/sites\/797\/nggallery\/charla_nutricion_2014\/Charla_Nutricion_2014.jpg\"\n\t\t\t\tdata-thumbnail=\"https:\/\/blogsaverroes.juntadeandalucia.es\/iesbulyana\/wp-content\/uploads\/sites\/797\/nggallery\/charla_nutricion_2014\/thumbs\/thumbs_Charla_Nutricion_2014.jpg\"\n\t\t\t\tdata-image-id=\"38\"\n\t\t\t\tdata-title=\"Charla_Nutricion_2014\"\n\t\t\t\tdata-description=\"\"\n\t\t\t\tdata-image-slug=\"charla_nutricion_2014\"\n\t\t\t\tclass=\"ngg-fancybox\" rel=\"7f662fde3b3bc7e049338f2e73049943\">\n\t\t\t\t<img\n\t\t\t\t\ttitle=\"Charla_Nutricion_2014\"\n\t\t\t\t\talt=\"Charla_Nutricion_2014\"\n\t\t\t\t\tsrc=\"https:\/\/blogsaverroes.juntadeandalucia.es\/iesbulyana\/wp-content\/uploads\/sites\/797\/nggallery\/charla_nutricion_2014\/thumbs\/thumbs_Charla_Nutricion_2014.jpg\"\n\t\t\t\t\twidth=\"120\"\n\t\t\t\t\theight=\"90\"\n\t\t\t\t\tstyle=\"max-width:100%;\"\n\t\t\t\t\/>\n\t\t\t<\/a>\n\t\t<\/div>\n\t\t\t\t\t\t\t<\/div>\n\t\t\t\n\t\t\n\t\t\t\t<div id=\"ngg-image-1\" class=\"ngg-gallery-thumbnail-box\"\n\t\t\t\t\t\t\t\t\t\t\t>\n\t\t\t\t\t\t<div class=\"ngg-gallery-thumbnail\">\n\t\t\t<a href=\"https:\/\/blogsaverroes.juntadeandalucia.es\/iesbulyana\/wp-content\/uploads\/sites\/797\/nggallery\/charla_nutricion_2014\/Charla_Nutricion_2014_2.jpg\"\n\t\t\t\ttitle=\"\"\n\t\t\t\tdata-src=\"https:\/\/blogsaverroes.juntadeandalucia.es\/iesbulyana\/wp-content\/uploads\/sites\/797\/nggallery\/charla_nutricion_2014\/Charla_Nutricion_2014_2.jpg\"\n\t\t\t\tdata-thumbnail=\"https:\/\/blogsaverroes.juntadeandalucia.es\/iesbulyana\/wp-content\/uploads\/sites\/797\/nggallery\/charla_nutricion_2014\/thumbs\/thumbs_Charla_Nutricion_2014_2.jpg\"\n\t\t\t\tdata-image-id=\"39\"\n\t\t\t\tdata-title=\"Charla_Nutricion_2014_2\"\n\t\t\t\tdata-description=\"\"\n\t\t\t\tdata-image-slug=\"charla_nutricion_2014_2\"\n\t\t\t\tclass=\"ngg-fancybox\" rel=\"7f662fde3b3bc7e049338f2e73049943\">\n\t\t\t\t<img\n\t\t\t\t\ttitle=\"Charla_Nutricion_2014_2\"\n\t\t\t\t\talt=\"Charla_Nutricion_2014_2\"\n\t\t\t\t\tsrc=\"https:\/\/blogsaverroes.juntadeandalucia.es\/iesbulyana\/wp-content\/uploads\/sites\/797\/nggallery\/charla_nutricion_2014\/thumbs\/thumbs_Charla_Nutricion_2014_2.jpg\"\n\t\t\t\t\twidth=\"120\"\n\t\t\t\t\theight=\"90\"\n\t\t\t\t\tstyle=\"max-width:100%;\"\n\t\t\t\t\/>\n\t\t\t<\/a>\n\t\t<\/div>\n\t\t\t\t\t\t\t<\/div>\n\t\t\t\n\t\t\n\t\t\t\t<div id=\"ngg-image-2\" class=\"ngg-gallery-thumbnail-box\"\n\t\t\t\t\t\t\t\t\t\t\t>\n\t\t\t\t\t\t<div class=\"ngg-gallery-thumbnail\">\n\t\t\t<a href=\"https:\/\/blogsaverroes.juntadeandalucia.es\/iesbulyana\/wp-content\/uploads\/sites\/797\/nggallery\/charla_nutricion_2014\/Charla_Nutricion_2014_3.jpg\"\n\t\t\t\ttitle=\"\"\n\t\t\t\tdata-src=\"https:\/\/blogsaverroes.juntadeandalucia.es\/iesbulyana\/wp-content\/uploads\/sites\/797\/nggallery\/charla_nutricion_2014\/Charla_Nutricion_2014_3.jpg\"\n\t\t\t\tdata-thumbnail=\"https:\/\/blogsaverroes.juntadeandalucia.es\/iesbulyana\/wp-content\/uploads\/sites\/797\/nggallery\/charla_nutricion_2014\/thumbs\/thumbs_Charla_Nutricion_2014_3.jpg\"\n\t\t\t\tdata-image-id=\"40\"\n\t\t\t\tdata-title=\"Charla_Nutricion_2014_3\"\n\t\t\t\tdata-description=\"\"\n\t\t\t\tdata-image-slug=\"charla_nutricion_2014_3\"\n\t\t\t\tclass=\"ngg-fancybox\" rel=\"7f662fde3b3bc7e049338f2e73049943\">\n\t\t\t\t<img\n\t\t\t\t\ttitle=\"Charla_Nutricion_2014_3\"\n\t\t\t\t\talt=\"Charla_Nutricion_2014_3\"\n\t\t\t\t\tsrc=\"https:\/\/blogsaverroes.juntadeandalucia.es\/iesbulyana\/wp-content\/uploads\/sites\/797\/nggallery\/charla_nutricion_2014\/thumbs\/thumbs_Charla_Nutricion_2014_3.jpg\"\n\t\t\t\t\twidth=\"120\"\n\t\t\t\t\theight=\"90\"\n\t\t\t\t\tstyle=\"max-width:100%;\"\n\t\t\t\t\/>\n\t\t\t<\/a>\n\t\t<\/div>\n\t\t\t\t\t\t\t<\/div>\n\t\t\t\n\t\t\n\t\t\n\t\t<!-- Pagination -->\n\t\t<div class='ngg-clear'><\/div>\t<\/div>\n<\/p>\n","protected":false},"excerpt":{"rendered":"<p>El pasado lunes 19 de mayo, tuvo lugar en la Casa de la Cultura de Pulianas, una charla dirigida a todo el alumnado de nuestro IES, y al de sexto de primaria del Colegio P\u00fablico \u00abTierno Galv\u00e1n\u00bb, sobre h\u00e1bitos de alimentaci\u00f3n saludables y nutrici\u00f3n. Tras dicha actividad, el AMPA ofreci\u00f3 un desayuno saludable a base &hellip; <\/p>\n<p><a class=\"more-link btn\" href=\"https:\/\/blogsaverroes.juntadeandalucia.es\/iesbulyana\/?p=2510\">Seguir leyendo<\/a><\/p>\n","protected":false},"author":2220,"featured_media":2520,"comment_status":"open","ping_status":"open","sticky":false,"template":"","format":"standard","meta":{"_exactmetrics_skip_tracking":false,"_exactmetrics_sitenote_active":false,"_exactmetrics_sitenote_note":"","_exactmetrics_sitenote_category":0,"ngg_post_thumbnail":0,"footnotes":""},"categories":[5991,1696],"tags":[],"aioseo_notices":[],"_links":{"self":[{"href":"https:\/\/blogsaverroes.juntadeandalucia.es\/iesbulyana\/index.php?rest_route=\/wp\/v2\/posts\/2510"}],"collection":[{"href":"https:\/\/blogsaverroes.juntadeandalucia.es\/iesbulyana\/index.php?rest_route=\/wp\/v2\/posts"}],"about":[{"href":"https:\/\/blogsaverroes.juntadeandalucia.es\/iesbulyana\/index.php?rest_route=\/wp\/v2\/types\/post"}],"author":[{"embeddable":true,"href":"https:\/\/blogsaverroes.juntadeandalucia.es\/iesbulyana\/index.php?rest_route=\/wp\/v2\/users\/2220"}],"replies":[{"embeddable":true,"href":"https:\/\/blogsaverroes.juntadeandalucia.es\/iesbulyana\/index.php?rest_route=%2Fwp%2Fv2%2Fcomments&post=2510"}],"version-history":[{"count":2,"href":"https:\/\/blogsaverroes.juntadeandalucia.es\/iesbulyana\/index.php?rest_route=\/wp\/v2\/posts\/2510\/revisions"}],"predecessor-version":[{"id":3068,"href":"https:\/\/blogsaverroes.juntadeandalucia.es\/iesbulyana\/index.php?rest_route=\/wp\/v2\/posts\/2510\/revisions\/3068"}],"wp:featuredmedia":[{"embeddable":true,"href":"https:\/\/blogsaverroes.juntadeandalucia.es\/iesbulyana\/index.php?rest_route=\/wp\/v2\/media\/2520"}],"wp:attachment":[{"href":"https:\/\/blogsaverroes.juntadeandalucia.es\/iesbulyana\/index.php?rest_route=%2Fwp%2Fv2%2Fmedia&parent=2510"}],"wp:term":[{"taxonomy":"category","embeddable":true,"href":"https:\/\/blogsaverroes.juntadeandalucia.es\/iesbulyana\/index.php?rest_route=%2Fwp%2Fv2%2Fcategories&post=2510"},{"taxonomy":"post_tag","embeddable":true,"href":"https:\/\/blogsaverroes.juntadeandalucia.es\/iesbulyana\/index.php?rest_route=%2Fwp%2Fv2%2Ftags&post=2510"}],"curies":[{"name":"wp","href":"https:\/\/api.w.org\/{rel}","templated":true}]}}