{"id":2576,"date":"2015-02-16T01:19:49","date_gmt":"2015-02-16T00:19:49","guid":{"rendered":"http:\/\/blogsaverroes.juntadeandalucia.es\/iesbulyana\/?p=2576"},"modified":"2016-05-10T10:55:32","modified_gmt":"2016-05-10T08:55:32","slug":"dia-de-la-paz","status":"publish","type":"post","link":"https:\/\/blogsaverroes.juntadeandalucia.es\/iesbulyana\/?p=2576","title":{"rendered":"D\u00eda de la Paz en el IES Bulyana"},"content":{"rendered":"<p>Con motivo del D\u00eda de la Paz se realizaron diversas actividades en el IES. Una de ellas consisti\u00f3 en que cada alumno escribiese una frase en torno al tema de la paz, y posteriormente la colgase en el \u00ab\u00c1rbol de la Paz\u00bb, construido por el AMPA del IES Bulyana.<\/p>\n<p><!-- index.php -->\n<div\n\tclass=\"ngg-galleryoverview\n\t ngg-ajax-pagination-none\t\"\n\tid=\"ngg-gallery-d601819d121de5b39b2f6eccf7769770-1\">\n\n\t\t<div class=\"slideshowlink\">\n\t\t<a href='https:\/\/blogsaverroes.juntadeandalucia.es\/iesbulyana\/index.php\/nggallery\/slideshow?p=2576'>[Mostrar presentaci\u00f3n de diapositivas]<\/a>\n\n\t<\/div>\n\t\t\t<!-- Thumbnails -->\n\t\t\t\t<div id=\"ngg-image-0\" class=\"ngg-gallery-thumbnail-box\"\n\t\t\t\t\t\t\t\t\t\t\t>\n\t\t\t\t\t\t<div class=\"ngg-gallery-thumbnail\">\n\t\t\t<a href=\"https:\/\/blogsaverroes.juntadeandalucia.es\/iesbulyana\/wp-content\/uploads\/sites\/797\/nggallery\/dia_paz_2015\/Dia_Paz_2015.jpg\"\n\t\t\t\ttitle=\"\"\n\t\t\t\tdata-src=\"https:\/\/blogsaverroes.juntadeandalucia.es\/iesbulyana\/wp-content\/uploads\/sites\/797\/nggallery\/dia_paz_2015\/Dia_Paz_2015.jpg\"\n\t\t\t\tdata-thumbnail=\"https:\/\/blogsaverroes.juntadeandalucia.es\/iesbulyana\/wp-content\/uploads\/sites\/797\/nggallery\/dia_paz_2015\/thumbs\/thumbs_Dia_Paz_2015.jpg\"\n\t\t\t\tdata-image-id=\"54\"\n\t\t\t\tdata-title=\"Dia_Paz_2015\"\n\t\t\t\tdata-description=\"\"\n\t\t\t\tdata-image-slug=\"dia_paz_2015\"\n\t\t\t\tclass=\"ngg-fancybox\" rel=\"d601819d121de5b39b2f6eccf7769770\">\n\t\t\t\t<img\n\t\t\t\t\ttitle=\"Dia_Paz_2015\"\n\t\t\t\t\talt=\"Dia_Paz_2015\"\n\t\t\t\t\tsrc=\"https:\/\/blogsaverroes.juntadeandalucia.es\/iesbulyana\/wp-content\/uploads\/sites\/797\/nggallery\/dia_paz_2015\/thumbs\/thumbs_Dia_Paz_2015.jpg\"\n\t\t\t\t\twidth=\"120\"\n\t\t\t\t\theight=\"90\"\n\t\t\t\t\tstyle=\"max-width:100%;\"\n\t\t\t\t\/>\n\t\t\t<\/a>\n\t\t<\/div>\n\t\t\t\t\t\t\t<\/div>\n\t\t\t\n\t\t\n\t\t\t\t<div id=\"ngg-image-1\" class=\"ngg-gallery-thumbnail-box\"\n\t\t\t\t\t\t\t\t\t\t\t>\n\t\t\t\t\t\t<div class=\"ngg-gallery-thumbnail\">\n\t\t\t<a href=\"https:\/\/blogsaverroes.juntadeandalucia.es\/iesbulyana\/wp-content\/uploads\/sites\/797\/nggallery\/dia_paz_2015\/Dia_Paz_2015_2.jpg\"\n\t\t\t\ttitle=\"\"\n\t\t\t\tdata-src=\"https:\/\/blogsaverroes.juntadeandalucia.es\/iesbulyana\/wp-content\/uploads\/sites\/797\/nggallery\/dia_paz_2015\/Dia_Paz_2015_2.jpg\"\n\t\t\t\tdata-thumbnail=\"https:\/\/blogsaverroes.juntadeandalucia.es\/iesbulyana\/wp-content\/uploads\/sites\/797\/nggallery\/dia_paz_2015\/thumbs\/thumbs_Dia_Paz_2015_2.jpg\"\n\t\t\t\tdata-image-id=\"55\"\n\t\t\t\tdata-title=\"Dia_Paz_2015_2\"\n\t\t\t\tdata-description=\"\"\n\t\t\t\tdata-image-slug=\"dia_paz_2015_2\"\n\t\t\t\tclass=\"ngg-fancybox\" rel=\"d601819d121de5b39b2f6eccf7769770\">\n\t\t\t\t<img\n\t\t\t\t\ttitle=\"Dia_Paz_2015_2\"\n\t\t\t\t\talt=\"Dia_Paz_2015_2\"\n\t\t\t\t\tsrc=\"https:\/\/blogsaverroes.juntadeandalucia.es\/iesbulyana\/wp-content\/uploads\/sites\/797\/nggallery\/dia_paz_2015\/thumbs\/thumbs_Dia_Paz_2015_2.jpg\"\n\t\t\t\t\twidth=\"120\"\n\t\t\t\t\theight=\"90\"\n\t\t\t\t\tstyle=\"max-width:100%;\"\n\t\t\t\t\/>\n\t\t\t<\/a>\n\t\t<\/div>\n\t\t\t\t\t\t\t<\/div>\n\t\t\t\n\t\t\n\t\t\t\t<div id=\"ngg-image-2\" class=\"ngg-gallery-thumbnail-box\"\n\t\t\t\t\t\t\t\t\t\t\t>\n\t\t\t\t\t\t<div class=\"ngg-gallery-thumbnail\">\n\t\t\t<a href=\"https:\/\/blogsaverroes.juntadeandalucia.es\/iesbulyana\/wp-content\/uploads\/sites\/797\/nggallery\/dia_paz_2015\/Dia_Paz_2015_3.jpg\"\n\t\t\t\ttitle=\"\"\n\t\t\t\tdata-src=\"https:\/\/blogsaverroes.juntadeandalucia.es\/iesbulyana\/wp-content\/uploads\/sites\/797\/nggallery\/dia_paz_2015\/Dia_Paz_2015_3.jpg\"\n\t\t\t\tdata-thumbnail=\"https:\/\/blogsaverroes.juntadeandalucia.es\/iesbulyana\/wp-content\/uploads\/sites\/797\/nggallery\/dia_paz_2015\/thumbs\/thumbs_Dia_Paz_2015_3.jpg\"\n\t\t\t\tdata-image-id=\"56\"\n\t\t\t\tdata-title=\"Dia_Paz_2015_3\"\n\t\t\t\tdata-description=\"\"\n\t\t\t\tdata-image-slug=\"dia_paz_2015_3\"\n\t\t\t\tclass=\"ngg-fancybox\" rel=\"d601819d121de5b39b2f6eccf7769770\">\n\t\t\t\t<img\n\t\t\t\t\ttitle=\"Dia_Paz_2015_3\"\n\t\t\t\t\talt=\"Dia_Paz_2015_3\"\n\t\t\t\t\tsrc=\"https:\/\/blogsaverroes.juntadeandalucia.es\/iesbulyana\/wp-content\/uploads\/sites\/797\/nggallery\/dia_paz_2015\/thumbs\/thumbs_Dia_Paz_2015_3.jpg\"\n\t\t\t\t\twidth=\"120\"\n\t\t\t\t\theight=\"90\"\n\t\t\t\t\tstyle=\"max-width:100%;\"\n\t\t\t\t\/>\n\t\t\t<\/a>\n\t\t<\/div>\n\t\t\t\t\t\t\t<\/div>\n\t\t\t\n\t\t\n\t\t\t\t<div id=\"ngg-image-3\" class=\"ngg-gallery-thumbnail-box\"\n\t\t\t\t\t\t\t\t\t\t\t>\n\t\t\t\t\t\t<div class=\"ngg-gallery-thumbnail\">\n\t\t\t<a href=\"https:\/\/blogsaverroes.juntadeandalucia.es\/iesbulyana\/wp-content\/uploads\/sites\/797\/nggallery\/dia_paz_2015\/Dia_Paz_2015_4.jpg\"\n\t\t\t\ttitle=\"\"\n\t\t\t\tdata-src=\"https:\/\/blogsaverroes.juntadeandalucia.es\/iesbulyana\/wp-content\/uploads\/sites\/797\/nggallery\/dia_paz_2015\/Dia_Paz_2015_4.jpg\"\n\t\t\t\tdata-thumbnail=\"https:\/\/blogsaverroes.juntadeandalucia.es\/iesbulyana\/wp-content\/uploads\/sites\/797\/nggallery\/dia_paz_2015\/thumbs\/thumbs_Dia_Paz_2015_4.jpg\"\n\t\t\t\tdata-image-id=\"57\"\n\t\t\t\tdata-title=\"Dia_Paz_2015_4\"\n\t\t\t\tdata-description=\"\"\n\t\t\t\tdata-image-slug=\"dia_paz_2015_4\"\n\t\t\t\tclass=\"ngg-fancybox\" rel=\"d601819d121de5b39b2f6eccf7769770\">\n\t\t\t\t<img\n\t\t\t\t\ttitle=\"Dia_Paz_2015_4\"\n\t\t\t\t\talt=\"Dia_Paz_2015_4\"\n\t\t\t\t\tsrc=\"https:\/\/blogsaverroes.juntadeandalucia.es\/iesbulyana\/wp-content\/uploads\/sites\/797\/nggallery\/dia_paz_2015\/thumbs\/thumbs_Dia_Paz_2015_4.jpg\"\n\t\t\t\t\twidth=\"120\"\n\t\t\t\t\theight=\"90\"\n\t\t\t\t\tstyle=\"max-width:100%;\"\n\t\t\t\t\/>\n\t\t\t<\/a>\n\t\t<\/div>\n\t\t\t\t\t\t\t<\/div>\n\t\t\t\n\t\t\n\t\t\t\t<div id=\"ngg-image-4\" class=\"ngg-gallery-thumbnail-box\"\n\t\t\t\t\t\t\t\t\t\t\t>\n\t\t\t\t\t\t<div class=\"ngg-gallery-thumbnail\">\n\t\t\t<a href=\"https:\/\/blogsaverroes.juntadeandalucia.es\/iesbulyana\/wp-content\/uploads\/sites\/797\/nggallery\/dia_paz_2015\/Dia_Paz_2015_5.jpg\"\n\t\t\t\ttitle=\"\"\n\t\t\t\tdata-src=\"https:\/\/blogsaverroes.juntadeandalucia.es\/iesbulyana\/wp-content\/uploads\/sites\/797\/nggallery\/dia_paz_2015\/Dia_Paz_2015_5.jpg\"\n\t\t\t\tdata-thumbnail=\"https:\/\/blogsaverroes.juntadeandalucia.es\/iesbulyana\/wp-content\/uploads\/sites\/797\/nggallery\/dia_paz_2015\/thumbs\/thumbs_Dia_Paz_2015_5.jpg\"\n\t\t\t\tdata-image-id=\"58\"\n\t\t\t\tdata-title=\"Dia_Paz_2015_5\"\n\t\t\t\tdata-description=\"\"\n\t\t\t\tdata-image-slug=\"dia_paz_2015_5\"\n\t\t\t\tclass=\"ngg-fancybox\" rel=\"d601819d121de5b39b2f6eccf7769770\">\n\t\t\t\t<img\n\t\t\t\t\ttitle=\"Dia_Paz_2015_5\"\n\t\t\t\t\talt=\"Dia_Paz_2015_5\"\n\t\t\t\t\tsrc=\"https:\/\/blogsaverroes.juntadeandalucia.es\/iesbulyana\/wp-content\/uploads\/sites\/797\/nggallery\/dia_paz_2015\/thumbs\/thumbs_Dia_Paz_2015_5.jpg\"\n\t\t\t\t\twidth=\"120\"\n\t\t\t\t\theight=\"90\"\n\t\t\t\t\tstyle=\"max-width:100%;\"\n\t\t\t\t\/>\n\t\t\t<\/a>\n\t\t<\/div>\n\t\t\t\t\t\t\t<\/div>\n\t\t\t\n\t\t\n\t\t\t\t<div id=\"ngg-image-5\" class=\"ngg-gallery-thumbnail-box\"\n\t\t\t\t\t\t\t\t\t\t\t>\n\t\t\t\t\t\t<div class=\"ngg-gallery-thumbnail\">\n\t\t\t<a href=\"https:\/\/blogsaverroes.juntadeandalucia.es\/iesbulyana\/wp-content\/uploads\/sites\/797\/nggallery\/dia_paz_2015\/Dia_Paz_2015_6.jpg\"\n\t\t\t\ttitle=\"\"\n\t\t\t\tdata-src=\"https:\/\/blogsaverroes.juntadeandalucia.es\/iesbulyana\/wp-content\/uploads\/sites\/797\/nggallery\/dia_paz_2015\/Dia_Paz_2015_6.jpg\"\n\t\t\t\tdata-thumbnail=\"https:\/\/blogsaverroes.juntadeandalucia.es\/iesbulyana\/wp-content\/uploads\/sites\/797\/nggallery\/dia_paz_2015\/thumbs\/thumbs_Dia_Paz_2015_6.jpg\"\n\t\t\t\tdata-image-id=\"59\"\n\t\t\t\tdata-title=\"Dia_Paz_2015_6\"\n\t\t\t\tdata-description=\"\"\n\t\t\t\tdata-image-slug=\"dia_paz_2015_6\"\n\t\t\t\tclass=\"ngg-fancybox\" rel=\"d601819d121de5b39b2f6eccf7769770\">\n\t\t\t\t<img\n\t\t\t\t\ttitle=\"Dia_Paz_2015_6\"\n\t\t\t\t\talt=\"Dia_Paz_2015_6\"\n\t\t\t\t\tsrc=\"https:\/\/blogsaverroes.juntadeandalucia.es\/iesbulyana\/wp-content\/uploads\/sites\/797\/nggallery\/dia_paz_2015\/thumbs\/thumbs_Dia_Paz_2015_6.jpg\"\n\t\t\t\t\twidth=\"120\"\n\t\t\t\t\theight=\"90\"\n\t\t\t\t\tstyle=\"max-width:100%;\"\n\t\t\t\t\/>\n\t\t\t<\/a>\n\t\t<\/div>\n\t\t\t\t\t\t\t<\/div>\n\t\t\t\n\t\t\n\t\t\t\t<div id=\"ngg-image-6\" class=\"ngg-gallery-thumbnail-box\"\n\t\t\t\t\t\t\t\t\t\t\t>\n\t\t\t\t\t\t<div class=\"ngg-gallery-thumbnail\">\n\t\t\t<a href=\"https:\/\/blogsaverroes.juntadeandalucia.es\/iesbulyana\/wp-content\/uploads\/sites\/797\/nggallery\/dia_paz_2015\/Dia_Paz_2015_7.jpg\"\n\t\t\t\ttitle=\"\"\n\t\t\t\tdata-src=\"https:\/\/blogsaverroes.juntadeandalucia.es\/iesbulyana\/wp-content\/uploads\/sites\/797\/nggallery\/dia_paz_2015\/Dia_Paz_2015_7.jpg\"\n\t\t\t\tdata-thumbnail=\"https:\/\/blogsaverroes.juntadeandalucia.es\/iesbulyana\/wp-content\/uploads\/sites\/797\/nggallery\/dia_paz_2015\/thumbs\/thumbs_Dia_Paz_2015_7.jpg\"\n\t\t\t\tdata-image-id=\"60\"\n\t\t\t\tdata-title=\"Dia_Paz_2015_7\"\n\t\t\t\tdata-description=\"\"\n\t\t\t\tdata-image-slug=\"dia_paz_2015_7\"\n\t\t\t\tclass=\"ngg-fancybox\" rel=\"d601819d121de5b39b2f6eccf7769770\">\n\t\t\t\t<img\n\t\t\t\t\ttitle=\"Dia_Paz_2015_7\"\n\t\t\t\t\talt=\"Dia_Paz_2015_7\"\n\t\t\t\t\tsrc=\"https:\/\/blogsaverroes.juntadeandalucia.es\/iesbulyana\/wp-content\/uploads\/sites\/797\/nggallery\/dia_paz_2015\/thumbs\/thumbs_Dia_Paz_2015_7.jpg\"\n\t\t\t\t\twidth=\"120\"\n\t\t\t\t\theight=\"90\"\n\t\t\t\t\tstyle=\"max-width:100%;\"\n\t\t\t\t\/>\n\t\t\t<\/a>\n\t\t<\/div>\n\t\t\t\t\t\t\t<\/div>\n\t\t\t\n\t\t\n\t\t\n\t\t<!-- Pagination -->\n\t\t<div class='ngg-clear'><\/div>\t<\/div>\n<\/p>\n","protected":false},"excerpt":{"rendered":"<p>Con motivo del D\u00eda de la Paz se realizaron diversas actividades en el IES. Una de ellas consisti\u00f3 en que cada alumno escribiese una frase en torno al tema de la paz, y posteriormente la colgase en el \u00ab\u00c1rbol de la Paz\u00bb, construido por el AMPA del IES Bulyana. [Mostrar presentaci\u00f3n de diapositivas]<\/p>\n","protected":false},"author":2220,"featured_media":2597,"comment_status":"open","ping_status":"open","sticky":false,"template":"","format":"standard","meta":{"_exactmetrics_skip_tracking":false,"_exactmetrics_sitenote_active":false,"_exactmetrics_sitenote_note":"","_exactmetrics_sitenote_category":0,"ngg_post_thumbnail":0,"footnotes":""},"categories":[5991,1696,20003],"tags":[],"aioseo_notices":[],"_links":{"self":[{"href":"https:\/\/blogsaverroes.juntadeandalucia.es\/iesbulyana\/index.php?rest_route=\/wp\/v2\/posts\/2576"}],"collection":[{"href":"https:\/\/blogsaverroes.juntadeandalucia.es\/iesbulyana\/index.php?rest_route=\/wp\/v2\/posts"}],"about":[{"href":"https:\/\/blogsaverroes.juntadeandalucia.es\/iesbulyana\/index.php?rest_route=\/wp\/v2\/types\/post"}],"author":[{"embeddable":true,"href":"https:\/\/blogsaverroes.juntadeandalucia.es\/iesbulyana\/index.php?rest_route=\/wp\/v2\/users\/2220"}],"replies":[{"embeddable":true,"href":"https:\/\/blogsaverroes.juntadeandalucia.es\/iesbulyana\/index.php?rest_route=%2Fwp%2Fv2%2Fcomments&post=2576"}],"version-history":[{"count":3,"href":"https:\/\/blogsaverroes.juntadeandalucia.es\/iesbulyana\/index.php?rest_route=\/wp\/v2\/posts\/2576\/revisions"}],"predecessor-version":[{"id":2602,"href":"https:\/\/blogsaverroes.juntadeandalucia.es\/iesbulyana\/index.php?rest_route=\/wp\/v2\/posts\/2576\/revisions\/2602"}],"wp:featuredmedia":[{"embeddable":true,"href":"https:\/\/blogsaverroes.juntadeandalucia.es\/iesbulyana\/index.php?rest_route=\/wp\/v2\/media\/2597"}],"wp:attachment":[{"href":"https:\/\/blogsaverroes.juntadeandalucia.es\/iesbulyana\/index.php?rest_route=%2Fwp%2Fv2%2Fmedia&parent=2576"}],"wp:term":[{"taxonomy":"category","embeddable":true,"href":"https:\/\/blogsaverroes.juntadeandalucia.es\/iesbulyana\/index.php?rest_route=%2Fwp%2Fv2%2Fcategories&post=2576"},{"taxonomy":"post_tag","embeddable":true,"href":"https:\/\/blogsaverroes.juntadeandalucia.es\/iesbulyana\/index.php?rest_route=%2Fwp%2Fv2%2Ftags&post=2576"}],"curies":[{"name":"wp","href":"https:\/\/api.w.org\/{rel}","templated":true}]}}