{"id":2629,"date":"2013-05-20T01:43:30","date_gmt":"2013-05-19T23:43:30","guid":{"rendered":"http:\/\/blogsaverroes.juntadeandalucia.es\/iesbulyana\/?p=2629"},"modified":"2016-05-10T10:59:07","modified_gmt":"2016-05-10T08:59:07","slug":"el-ies-bulyana-en-la-xiii-olimpiada-matematica-guadalentin","status":"publish","type":"post","link":"https:\/\/blogsaverroes.juntadeandalucia.es\/iesbulyana\/?p=2629","title":{"rendered":"El IES Bulyana en la XIII Olimpiada Matem\u00e1tica \u00abGuadalent\u00edn\u00bb"},"content":{"rendered":"<p>El pasado jueves, 16 de mayo, cinco de nuestros alumnos (Beatriz Huertas, Paula L\u00f3pez y Lorena S\u00e1nchez de 1\u00baA; Marta Marruecos y Daniel del Moral de 2\u00baA) participaron por primara vez en la XIII Olimpiada Matem\u00e1tica, que se celebr\u00f3 en el IES Guadalent\u00edn de Pozo Alc\u00f3n (Ja\u00e9n). Participaban m\u00e1s de 90 centros educativos con m\u00e1s de 500 alumnos en total. Cuatro categor\u00edas (tercer ciclo de Primaria, primer ciclo de la ESO, segundo ciclo de la ESO y Bachillerato) y 6 premios en cada una de ellas. Aunque no trajeron premios, volvieron con la buena experiencia de participar en un certamen que tiene cada a\u00f1o m\u00e1s prestigio a nivel andaluz.<\/p>\n<p><!-- index.php -->\n<div\n\tclass=\"ngg-galleryoverview\n\t ngg-ajax-pagination-none\t\"\n\tid=\"ngg-gallery-e37e4b6185018f8d85256f093da470db-1\">\n\n\t\t<div class=\"slideshowlink\">\n\t\t<a href='https:\/\/blogsaverroes.juntadeandalucia.es\/iesbulyana\/index.php\/nggallery\/slideshow?p=2629'>[Mostrar presentaci\u00f3n de diapositivas]<\/a>\n\n\t<\/div>\n\t\t\t<!-- Thumbnails -->\n\t\t\t\t<div id=\"ngg-image-0\" class=\"ngg-gallery-thumbnail-box\"\n\t\t\t\t\t\t\t\t\t\t\t>\n\t\t\t\t\t\t<div class=\"ngg-gallery-thumbnail\">\n\t\t\t<a href=\"https:\/\/blogsaverroes.juntadeandalucia.es\/iesbulyana\/wp-content\/uploads\/sites\/797\/nggallery\/xiii_olimpiada_guadalentin\/XIII_Olimpiada_Guadalentin.jpg\"\n\t\t\t\ttitle=\"\"\n\t\t\t\tdata-src=\"https:\/\/blogsaverroes.juntadeandalucia.es\/iesbulyana\/wp-content\/uploads\/sites\/797\/nggallery\/xiii_olimpiada_guadalentin\/XIII_Olimpiada_Guadalentin.jpg\"\n\t\t\t\tdata-thumbnail=\"https:\/\/blogsaverroes.juntadeandalucia.es\/iesbulyana\/wp-content\/uploads\/sites\/797\/nggallery\/xiii_olimpiada_guadalentin\/thumbs\/thumbs_XIII_Olimpiada_Guadalentin.jpg\"\n\t\t\t\tdata-image-id=\"71\"\n\t\t\t\tdata-title=\"XIII_Olimpiada_Guadalentin\"\n\t\t\t\tdata-description=\"\"\n\t\t\t\tdata-image-slug=\"xiii_olimpiada_guadalentin\"\n\t\t\t\tclass=\"ngg-fancybox\" rel=\"e37e4b6185018f8d85256f093da470db\">\n\t\t\t\t<img\n\t\t\t\t\ttitle=\"XIII_Olimpiada_Guadalentin\"\n\t\t\t\t\talt=\"XIII_Olimpiada_Guadalentin\"\n\t\t\t\t\tsrc=\"https:\/\/blogsaverroes.juntadeandalucia.es\/iesbulyana\/wp-content\/uploads\/sites\/797\/nggallery\/xiii_olimpiada_guadalentin\/thumbs\/thumbs_XIII_Olimpiada_Guadalentin.jpg\"\n\t\t\t\t\twidth=\"120\"\n\t\t\t\t\theight=\"90\"\n\t\t\t\t\tstyle=\"max-width:100%;\"\n\t\t\t\t\/>\n\t\t\t<\/a>\n\t\t<\/div>\n\t\t\t\t\t\t\t<\/div>\n\t\t\t\n\t\t\n\t\t\t\t<div id=\"ngg-image-1\" class=\"ngg-gallery-thumbnail-box\"\n\t\t\t\t\t\t\t\t\t\t\t>\n\t\t\t\t\t\t<div class=\"ngg-gallery-thumbnail\">\n\t\t\t<a href=\"https:\/\/blogsaverroes.juntadeandalucia.es\/iesbulyana\/wp-content\/uploads\/sites\/797\/nggallery\/xiii_olimpiada_guadalentin\/XIII_Olimpiada_Guadalentin_2.jpg\"\n\t\t\t\ttitle=\"\"\n\t\t\t\tdata-src=\"https:\/\/blogsaverroes.juntadeandalucia.es\/iesbulyana\/wp-content\/uploads\/sites\/797\/nggallery\/xiii_olimpiada_guadalentin\/XIII_Olimpiada_Guadalentin_2.jpg\"\n\t\t\t\tdata-thumbnail=\"https:\/\/blogsaverroes.juntadeandalucia.es\/iesbulyana\/wp-content\/uploads\/sites\/797\/nggallery\/xiii_olimpiada_guadalentin\/thumbs\/thumbs_XIII_Olimpiada_Guadalentin_2.jpg\"\n\t\t\t\tdata-image-id=\"72\"\n\t\t\t\tdata-title=\"XIII_Olimpiada_Guadalentin_2\"\n\t\t\t\tdata-description=\"\"\n\t\t\t\tdata-image-slug=\"xiii_olimpiada_guadalentin_2\"\n\t\t\t\tclass=\"ngg-fancybox\" rel=\"e37e4b6185018f8d85256f093da470db\">\n\t\t\t\t<img\n\t\t\t\t\ttitle=\"XIII_Olimpiada_Guadalentin_2\"\n\t\t\t\t\talt=\"XIII_Olimpiada_Guadalentin_2\"\n\t\t\t\t\tsrc=\"https:\/\/blogsaverroes.juntadeandalucia.es\/iesbulyana\/wp-content\/uploads\/sites\/797\/nggallery\/xiii_olimpiada_guadalentin\/thumbs\/thumbs_XIII_Olimpiada_Guadalentin_2.jpg\"\n\t\t\t\t\twidth=\"120\"\n\t\t\t\t\theight=\"90\"\n\t\t\t\t\tstyle=\"max-width:100%;\"\n\t\t\t\t\/>\n\t\t\t<\/a>\n\t\t<\/div>\n\t\t\t\t\t\t\t<\/div>\n\t\t\t\n\t\t\n\t\t\t\t<div id=\"ngg-image-2\" class=\"ngg-gallery-thumbnail-box\"\n\t\t\t\t\t\t\t\t\t\t\t>\n\t\t\t\t\t\t<div class=\"ngg-gallery-thumbnail\">\n\t\t\t<a href=\"https:\/\/blogsaverroes.juntadeandalucia.es\/iesbulyana\/wp-content\/uploads\/sites\/797\/nggallery\/xiii_olimpiada_guadalentin\/XIII_Olimpiada_Guadalentin_3.jpg\"\n\t\t\t\ttitle=\"\"\n\t\t\t\tdata-src=\"https:\/\/blogsaverroes.juntadeandalucia.es\/iesbulyana\/wp-content\/uploads\/sites\/797\/nggallery\/xiii_olimpiada_guadalentin\/XIII_Olimpiada_Guadalentin_3.jpg\"\n\t\t\t\tdata-thumbnail=\"https:\/\/blogsaverroes.juntadeandalucia.es\/iesbulyana\/wp-content\/uploads\/sites\/797\/nggallery\/xiii_olimpiada_guadalentin\/thumbs\/thumbs_XIII_Olimpiada_Guadalentin_3.jpg\"\n\t\t\t\tdata-image-id=\"73\"\n\t\t\t\tdata-title=\"XIII_Olimpiada_Guadalentin_3\"\n\t\t\t\tdata-description=\"\"\n\t\t\t\tdata-image-slug=\"xiii_olimpiada_guadalentin_3\"\n\t\t\t\tclass=\"ngg-fancybox\" rel=\"e37e4b6185018f8d85256f093da470db\">\n\t\t\t\t<img\n\t\t\t\t\ttitle=\"XIII_Olimpiada_Guadalentin_3\"\n\t\t\t\t\talt=\"XIII_Olimpiada_Guadalentin_3\"\n\t\t\t\t\tsrc=\"https:\/\/blogsaverroes.juntadeandalucia.es\/iesbulyana\/wp-content\/uploads\/sites\/797\/nggallery\/xiii_olimpiada_guadalentin\/thumbs\/thumbs_XIII_Olimpiada_Guadalentin_3.jpg\"\n\t\t\t\t\twidth=\"120\"\n\t\t\t\t\theight=\"90\"\n\t\t\t\t\tstyle=\"max-width:100%;\"\n\t\t\t\t\/>\n\t\t\t<\/a>\n\t\t<\/div>\n\t\t\t\t\t\t\t<\/div>\n\t\t\t\n\t\t\n\t\t\t\t<div id=\"ngg-image-3\" class=\"ngg-gallery-thumbnail-box\"\n\t\t\t\t\t\t\t\t\t\t\t>\n\t\t\t\t\t\t<div class=\"ngg-gallery-thumbnail\">\n\t\t\t<a href=\"https:\/\/blogsaverroes.juntadeandalucia.es\/iesbulyana\/wp-content\/uploads\/sites\/797\/nggallery\/xiii_olimpiada_guadalentin\/XIII_Olimpiada_Guadalentin_4.jpg\"\n\t\t\t\ttitle=\"\"\n\t\t\t\tdata-src=\"https:\/\/blogsaverroes.juntadeandalucia.es\/iesbulyana\/wp-content\/uploads\/sites\/797\/nggallery\/xiii_olimpiada_guadalentin\/XIII_Olimpiada_Guadalentin_4.jpg\"\n\t\t\t\tdata-thumbnail=\"https:\/\/blogsaverroes.juntadeandalucia.es\/iesbulyana\/wp-content\/uploads\/sites\/797\/nggallery\/xiii_olimpiada_guadalentin\/thumbs\/thumbs_XIII_Olimpiada_Guadalentin_4.jpg\"\n\t\t\t\tdata-image-id=\"74\"\n\t\t\t\tdata-title=\"XIII_Olimpiada_Guadalentin_4\"\n\t\t\t\tdata-description=\"\"\n\t\t\t\tdata-image-slug=\"xiii_olimpiada_guadalentin_4\"\n\t\t\t\tclass=\"ngg-fancybox\" rel=\"e37e4b6185018f8d85256f093da470db\">\n\t\t\t\t<img\n\t\t\t\t\ttitle=\"XIII_Olimpiada_Guadalentin_4\"\n\t\t\t\t\talt=\"XIII_Olimpiada_Guadalentin_4\"\n\t\t\t\t\tsrc=\"https:\/\/blogsaverroes.juntadeandalucia.es\/iesbulyana\/wp-content\/uploads\/sites\/797\/nggallery\/xiii_olimpiada_guadalentin\/thumbs\/thumbs_XIII_Olimpiada_Guadalentin_4.jpg\"\n\t\t\t\t\twidth=\"120\"\n\t\t\t\t\theight=\"90\"\n\t\t\t\t\tstyle=\"max-width:100%;\"\n\t\t\t\t\/>\n\t\t\t<\/a>\n\t\t<\/div>\n\t\t\t\t\t\t\t<\/div>\n\t\t\t\n\t\t\n\t\t\n\t\t<!-- Pagination -->\n\t\t<div class='ngg-clear'><\/div>\t<\/div>\n<\/p>\n","protected":false},"excerpt":{"rendered":"<p>El pasado jueves, 16 de mayo, cinco de nuestros alumnos (Beatriz Huertas, Paula L\u00f3pez y Lorena S\u00e1nchez de 1\u00baA; Marta Marruecos y Daniel del Moral de 2\u00baA) participaron por primara vez en la XIII Olimpiada Matem\u00e1tica, que se celebr\u00f3 en el IES Guadalent\u00edn de Pozo Alc\u00f3n (Ja\u00e9n). Participaban m\u00e1s de 90 centros educativos con m\u00e1s &hellip; <\/p>\n<p><a class=\"more-link btn\" href=\"https:\/\/blogsaverroes.juntadeandalucia.es\/iesbulyana\/?p=2629\">Seguir leyendo<\/a><\/p>\n","protected":false},"author":2220,"featured_media":2649,"comment_status":"open","ping_status":"open","sticky":false,"template":"","format":"standard","meta":{"_exactmetrics_skip_tracking":false,"_exactmetrics_sitenote_active":false,"_exactmetrics_sitenote_note":"","_exactmetrics_sitenote_category":0,"ngg_post_thumbnail":0,"footnotes":""},"categories":[5991,3774,25506],"tags":[],"aioseo_notices":[],"_links":{"self":[{"href":"https:\/\/blogsaverroes.juntadeandalucia.es\/iesbulyana\/index.php?rest_route=\/wp\/v2\/posts\/2629"}],"collection":[{"href":"https:\/\/blogsaverroes.juntadeandalucia.es\/iesbulyana\/index.php?rest_route=\/wp\/v2\/posts"}],"about":[{"href":"https:\/\/blogsaverroes.juntadeandalucia.es\/iesbulyana\/index.php?rest_route=\/wp\/v2\/types\/post"}],"author":[{"embeddable":true,"href":"https:\/\/blogsaverroes.juntadeandalucia.es\/iesbulyana\/index.php?rest_route=\/wp\/v2\/users\/2220"}],"replies":[{"embeddable":true,"href":"https:\/\/blogsaverroes.juntadeandalucia.es\/iesbulyana\/index.php?rest_route=%2Fwp%2Fv2%2Fcomments&post=2629"}],"version-history":[{"count":2,"href":"https:\/\/blogsaverroes.juntadeandalucia.es\/iesbulyana\/index.php?rest_route=\/wp\/v2\/posts\/2629\/revisions"}],"predecessor-version":[{"id":3067,"href":"https:\/\/blogsaverroes.juntadeandalucia.es\/iesbulyana\/index.php?rest_route=\/wp\/v2\/posts\/2629\/revisions\/3067"}],"wp:featuredmedia":[{"embeddable":true,"href":"https:\/\/blogsaverroes.juntadeandalucia.es\/iesbulyana\/index.php?rest_route=\/wp\/v2\/media\/2649"}],"wp:attachment":[{"href":"https:\/\/blogsaverroes.juntadeandalucia.es\/iesbulyana\/index.php?rest_route=%2Fwp%2Fv2%2Fmedia&parent=2629"}],"wp:term":[{"taxonomy":"category","embeddable":true,"href":"https:\/\/blogsaverroes.juntadeandalucia.es\/iesbulyana\/index.php?rest_route=%2Fwp%2Fv2%2Fcategories&post=2629"},{"taxonomy":"post_tag","embeddable":true,"href":"https:\/\/blogsaverroes.juntadeandalucia.es\/iesbulyana\/index.php?rest_route=%2Fwp%2Fv2%2Ftags&post=2629"}],"curies":[{"name":"wp","href":"https:\/\/api.w.org\/{rel}","templated":true}]}}