{"id":2655,"date":"2013-05-22T01:59:03","date_gmt":"2013-05-21T23:59:03","guid":{"rendered":"http:\/\/blogsaverroes.juntadeandalucia.es\/iesbulyana\/?p=2655"},"modified":"2016-05-10T10:58:58","modified_gmt":"2016-05-10T08:58:58","slug":"dia-del-libro-maraton-de-lectura","status":"publish","type":"post","link":"https:\/\/blogsaverroes.juntadeandalucia.es\/iesbulyana\/?p=2655","title":{"rendered":"D\u00eda del Libro: Marat\u00f3n de Lectura"},"content":{"rendered":"<p>El pasado viernes 19 de abril, nuestro centro particip\u00f3 en esta actividad organizada por la Delegaci\u00f3n Territorial de Educaci\u00f3n.<\/p>\n<p>Seis miembros de nuestro alumnado participaron el viernes 19 de abril en el Marat\u00f3n de Lectura que, bajo el lema \u201cMicro-relatos y relatos: Mil a\u00f1os de Literatura en Granada\u201d, tuvo lugar en la Delegaci\u00f3n de Educaci\u00f3n. El alumnado seleccionado, formado por Julia Jim\u00e9nez (1\u00baESO A), Lorena S\u00e1nchez (1\u00baESO B), Daniel del Moral (2\u00baESO A), Jos\u00e9 Manuel Fern\u00e1ndez (2\u00baESO B), Mar\u00eda Garc\u00eda y Mar\u00eda Gonz\u00e1lez (3\u00baESO), particip\u00f3 realizando la lectura de la \u201cLeyenda de las tres hermosas princesas\u201d, texto incluido en los Cuentos de la Alambra, de Washington Irving.<\/p>\n<p><!-- index.php -->\n<div\n\tclass=\"ngg-galleryoverview\n\t ngg-ajax-pagination-none\t\"\n\tid=\"ngg-gallery-152f95bbbf017a80052a9024337ae708-1\">\n\n\t\t<div class=\"slideshowlink\">\n\t\t<a href='https:\/\/blogsaverroes.juntadeandalucia.es\/iesbulyana\/index.php\/nggallery\/slideshow?p=2655'>[Mostrar presentaci\u00f3n de diapositivas]<\/a>\n\n\t<\/div>\n\t\t\t<!-- Thumbnails -->\n\t\t\t\t<div id=\"ngg-image-0\" class=\"ngg-gallery-thumbnail-box\"\n\t\t\t\t\t\t\t\t\t\t\t>\n\t\t\t\t\t\t<div class=\"ngg-gallery-thumbnail\">\n\t\t\t<a href=\"https:\/\/blogsaverroes.juntadeandalucia.es\/iesbulyana\/wp-content\/uploads\/sites\/797\/nggallery\/dia_libro_2013\/dia_libro_2013.jpg\"\n\t\t\t\ttitle=\"\"\n\t\t\t\tdata-src=\"https:\/\/blogsaverroes.juntadeandalucia.es\/iesbulyana\/wp-content\/uploads\/sites\/797\/nggallery\/dia_libro_2013\/dia_libro_2013.jpg\"\n\t\t\t\tdata-thumbnail=\"https:\/\/blogsaverroes.juntadeandalucia.es\/iesbulyana\/wp-content\/uploads\/sites\/797\/nggallery\/dia_libro_2013\/thumbs\/thumbs_dia_libro_2013.jpg\"\n\t\t\t\tdata-image-id=\"75\"\n\t\t\t\tdata-title=\"dia_libro_2013\"\n\t\t\t\tdata-description=\"\"\n\t\t\t\tdata-image-slug=\"dia_libro_2013\"\n\t\t\t\tclass=\"ngg-fancybox\" rel=\"152f95bbbf017a80052a9024337ae708\">\n\t\t\t\t<img\n\t\t\t\t\ttitle=\"dia_libro_2013\"\n\t\t\t\t\talt=\"dia_libro_2013\"\n\t\t\t\t\tsrc=\"https:\/\/blogsaverroes.juntadeandalucia.es\/iesbulyana\/wp-content\/uploads\/sites\/797\/nggallery\/dia_libro_2013\/thumbs\/thumbs_dia_libro_2013.jpg\"\n\t\t\t\t\twidth=\"120\"\n\t\t\t\t\theight=\"90\"\n\t\t\t\t\tstyle=\"max-width:100%;\"\n\t\t\t\t\/>\n\t\t\t<\/a>\n\t\t<\/div>\n\t\t\t\t\t\t\t<\/div>\n\t\t\t\n\t\t\n\t\t\t\t<div id=\"ngg-image-1\" class=\"ngg-gallery-thumbnail-box\"\n\t\t\t\t\t\t\t\t\t\t\t>\n\t\t\t\t\t\t<div class=\"ngg-gallery-thumbnail\">\n\t\t\t<a href=\"https:\/\/blogsaverroes.juntadeandalucia.es\/iesbulyana\/wp-content\/uploads\/sites\/797\/nggallery\/dia_libro_2013\/dia_libro_2013_2.jpg\"\n\t\t\t\ttitle=\"\"\n\t\t\t\tdata-src=\"https:\/\/blogsaverroes.juntadeandalucia.es\/iesbulyana\/wp-content\/uploads\/sites\/797\/nggallery\/dia_libro_2013\/dia_libro_2013_2.jpg\"\n\t\t\t\tdata-thumbnail=\"https:\/\/blogsaverroes.juntadeandalucia.es\/iesbulyana\/wp-content\/uploads\/sites\/797\/nggallery\/dia_libro_2013\/thumbs\/thumbs_dia_libro_2013_2.jpg\"\n\t\t\t\tdata-image-id=\"76\"\n\t\t\t\tdata-title=\"dia_libro_2013_2\"\n\t\t\t\tdata-description=\"\"\n\t\t\t\tdata-image-slug=\"dia_libro_2013_2\"\n\t\t\t\tclass=\"ngg-fancybox\" rel=\"152f95bbbf017a80052a9024337ae708\">\n\t\t\t\t<img\n\t\t\t\t\ttitle=\"dia_libro_2013_2\"\n\t\t\t\t\talt=\"dia_libro_2013_2\"\n\t\t\t\t\tsrc=\"https:\/\/blogsaverroes.juntadeandalucia.es\/iesbulyana\/wp-content\/uploads\/sites\/797\/nggallery\/dia_libro_2013\/thumbs\/thumbs_dia_libro_2013_2.jpg\"\n\t\t\t\t\twidth=\"120\"\n\t\t\t\t\theight=\"90\"\n\t\t\t\t\tstyle=\"max-width:100%;\"\n\t\t\t\t\/>\n\t\t\t<\/a>\n\t\t<\/div>\n\t\t\t\t\t\t\t<\/div>\n\t\t\t\n\t\t\n\t\t\t\t<div id=\"ngg-image-2\" class=\"ngg-gallery-thumbnail-box\"\n\t\t\t\t\t\t\t\t\t\t\t>\n\t\t\t\t\t\t<div class=\"ngg-gallery-thumbnail\">\n\t\t\t<a href=\"https:\/\/blogsaverroes.juntadeandalucia.es\/iesbulyana\/wp-content\/uploads\/sites\/797\/nggallery\/dia_libro_2013\/dia_libro_2013_3.jpg\"\n\t\t\t\ttitle=\"\"\n\t\t\t\tdata-src=\"https:\/\/blogsaverroes.juntadeandalucia.es\/iesbulyana\/wp-content\/uploads\/sites\/797\/nggallery\/dia_libro_2013\/dia_libro_2013_3.jpg\"\n\t\t\t\tdata-thumbnail=\"https:\/\/blogsaverroes.juntadeandalucia.es\/iesbulyana\/wp-content\/uploads\/sites\/797\/nggallery\/dia_libro_2013\/thumbs\/thumbs_dia_libro_2013_3.jpg\"\n\t\t\t\tdata-image-id=\"77\"\n\t\t\t\tdata-title=\"dia_libro_2013_3\"\n\t\t\t\tdata-description=\"\"\n\t\t\t\tdata-image-slug=\"dia_libro_2013_3\"\n\t\t\t\tclass=\"ngg-fancybox\" rel=\"152f95bbbf017a80052a9024337ae708\">\n\t\t\t\t<img\n\t\t\t\t\ttitle=\"dia_libro_2013_3\"\n\t\t\t\t\talt=\"dia_libro_2013_3\"\n\t\t\t\t\tsrc=\"https:\/\/blogsaverroes.juntadeandalucia.es\/iesbulyana\/wp-content\/uploads\/sites\/797\/nggallery\/dia_libro_2013\/thumbs\/thumbs_dia_libro_2013_3.jpg\"\n\t\t\t\t\twidth=\"120\"\n\t\t\t\t\theight=\"90\"\n\t\t\t\t\tstyle=\"max-width:100%;\"\n\t\t\t\t\/>\n\t\t\t<\/a>\n\t\t<\/div>\n\t\t\t\t\t\t\t<\/div>\n\t\t\t\n\t\t\n\t\t\t\t<div id=\"ngg-image-3\" class=\"ngg-gallery-thumbnail-box\"\n\t\t\t\t\t\t\t\t\t\t\t>\n\t\t\t\t\t\t<div class=\"ngg-gallery-thumbnail\">\n\t\t\t<a href=\"https:\/\/blogsaverroes.juntadeandalucia.es\/iesbulyana\/wp-content\/uploads\/sites\/797\/nggallery\/dia_libro_2013\/dia_libro_2013_4.jpg\"\n\t\t\t\ttitle=\"\"\n\t\t\t\tdata-src=\"https:\/\/blogsaverroes.juntadeandalucia.es\/iesbulyana\/wp-content\/uploads\/sites\/797\/nggallery\/dia_libro_2013\/dia_libro_2013_4.jpg\"\n\t\t\t\tdata-thumbnail=\"https:\/\/blogsaverroes.juntadeandalucia.es\/iesbulyana\/wp-content\/uploads\/sites\/797\/nggallery\/dia_libro_2013\/thumbs\/thumbs_dia_libro_2013_4.jpg\"\n\t\t\t\tdata-image-id=\"78\"\n\t\t\t\tdata-title=\"dia_libro_2013_4\"\n\t\t\t\tdata-description=\"\"\n\t\t\t\tdata-image-slug=\"dia_libro_2013_4\"\n\t\t\t\tclass=\"ngg-fancybox\" rel=\"152f95bbbf017a80052a9024337ae708\">\n\t\t\t\t<img\n\t\t\t\t\ttitle=\"dia_libro_2013_4\"\n\t\t\t\t\talt=\"dia_libro_2013_4\"\n\t\t\t\t\tsrc=\"https:\/\/blogsaverroes.juntadeandalucia.es\/iesbulyana\/wp-content\/uploads\/sites\/797\/nggallery\/dia_libro_2013\/thumbs\/thumbs_dia_libro_2013_4.jpg\"\n\t\t\t\t\twidth=\"120\"\n\t\t\t\t\theight=\"90\"\n\t\t\t\t\tstyle=\"max-width:100%;\"\n\t\t\t\t\/>\n\t\t\t<\/a>\n\t\t<\/div>\n\t\t\t\t\t\t\t<\/div>\n\t\t\t\n\t\t\n\t\t\t\t<div id=\"ngg-image-4\" class=\"ngg-gallery-thumbnail-box\"\n\t\t\t\t\t\t\t\t\t\t\t>\n\t\t\t\t\t\t<div class=\"ngg-gallery-thumbnail\">\n\t\t\t<a href=\"https:\/\/blogsaverroes.juntadeandalucia.es\/iesbulyana\/wp-content\/uploads\/sites\/797\/nggallery\/dia_libro_2013\/dia_libro_2013_5.jpg\"\n\t\t\t\ttitle=\"\"\n\t\t\t\tdata-src=\"https:\/\/blogsaverroes.juntadeandalucia.es\/iesbulyana\/wp-content\/uploads\/sites\/797\/nggallery\/dia_libro_2013\/dia_libro_2013_5.jpg\"\n\t\t\t\tdata-thumbnail=\"https:\/\/blogsaverroes.juntadeandalucia.es\/iesbulyana\/wp-content\/uploads\/sites\/797\/nggallery\/dia_libro_2013\/thumbs\/thumbs_dia_libro_2013_5.jpg\"\n\t\t\t\tdata-image-id=\"79\"\n\t\t\t\tdata-title=\"dia_libro_2013_5\"\n\t\t\t\tdata-description=\"\"\n\t\t\t\tdata-image-slug=\"dia_libro_2013_5\"\n\t\t\t\tclass=\"ngg-fancybox\" rel=\"152f95bbbf017a80052a9024337ae708\">\n\t\t\t\t<img\n\t\t\t\t\ttitle=\"dia_libro_2013_5\"\n\t\t\t\t\talt=\"dia_libro_2013_5\"\n\t\t\t\t\tsrc=\"https:\/\/blogsaverroes.juntadeandalucia.es\/iesbulyana\/wp-content\/uploads\/sites\/797\/nggallery\/dia_libro_2013\/thumbs\/thumbs_dia_libro_2013_5.jpg\"\n\t\t\t\t\twidth=\"120\"\n\t\t\t\t\theight=\"90\"\n\t\t\t\t\tstyle=\"max-width:100%;\"\n\t\t\t\t\/>\n\t\t\t<\/a>\n\t\t<\/div>\n\t\t\t\t\t\t\t<\/div>\n\t\t\t\n\t\t\n\t\t\n\t\t<!-- Pagination -->\n\t\t<div class='ngg-clear'><\/div>\t<\/div>\n<\/p>\n","protected":false},"excerpt":{"rendered":"<p>El pasado viernes 19 de abril, nuestro centro particip\u00f3 en esta actividad organizada por la Delegaci\u00f3n Territorial de Educaci\u00f3n. Seis miembros de nuestro alumnado participaron el viernes 19 de abril en el Marat\u00f3n de Lectura que, bajo el lema \u201cMicro-relatos y relatos: Mil a\u00f1os de Literatura en Granada\u201d, tuvo lugar en la Delegaci\u00f3n de Educaci\u00f3n. &hellip; <\/p>\n<p><a class=\"more-link btn\" href=\"https:\/\/blogsaverroes.juntadeandalucia.es\/iesbulyana\/?p=2655\">Seguir leyendo<\/a><\/p>\n","protected":false},"author":2220,"featured_media":2657,"comment_status":"open","ping_status":"open","sticky":false,"template":"","format":"standard","meta":{"_exactmetrics_skip_tracking":false,"_exactmetrics_sitenote_active":false,"_exactmetrics_sitenote_note":"","_exactmetrics_sitenote_category":0,"ngg_post_thumbnail":0,"footnotes":""},"categories":[5991,213,3774,25505],"tags":[],"aioseo_notices":[],"_links":{"self":[{"href":"https:\/\/blogsaverroes.juntadeandalucia.es\/iesbulyana\/index.php?rest_route=\/wp\/v2\/posts\/2655"}],"collection":[{"href":"https:\/\/blogsaverroes.juntadeandalucia.es\/iesbulyana\/index.php?rest_route=\/wp\/v2\/posts"}],"about":[{"href":"https:\/\/blogsaverroes.juntadeandalucia.es\/iesbulyana\/index.php?rest_route=\/wp\/v2\/types\/post"}],"author":[{"embeddable":true,"href":"https:\/\/blogsaverroes.juntadeandalucia.es\/iesbulyana\/index.php?rest_route=\/wp\/v2\/users\/2220"}],"replies":[{"embeddable":true,"href":"https:\/\/blogsaverroes.juntadeandalucia.es\/iesbulyana\/index.php?rest_route=%2Fwp%2Fv2%2Fcomments&post=2655"}],"version-history":[{"count":2,"href":"https:\/\/blogsaverroes.juntadeandalucia.es\/iesbulyana\/index.php?rest_route=\/wp\/v2\/posts\/2655\/revisions"}],"predecessor-version":[{"id":3066,"href":"https:\/\/blogsaverroes.juntadeandalucia.es\/iesbulyana\/index.php?rest_route=\/wp\/v2\/posts\/2655\/revisions\/3066"}],"wp:featuredmedia":[{"embeddable":true,"href":"https:\/\/blogsaverroes.juntadeandalucia.es\/iesbulyana\/index.php?rest_route=\/wp\/v2\/media\/2657"}],"wp:attachment":[{"href":"https:\/\/blogsaverroes.juntadeandalucia.es\/iesbulyana\/index.php?rest_route=%2Fwp%2Fv2%2Fmedia&parent=2655"}],"wp:term":[{"taxonomy":"category","embeddable":true,"href":"https:\/\/blogsaverroes.juntadeandalucia.es\/iesbulyana\/index.php?rest_route=%2Fwp%2Fv2%2Fcategories&post=2655"},{"taxonomy":"post_tag","embeddable":true,"href":"https:\/\/blogsaverroes.juntadeandalucia.es\/iesbulyana\/index.php?rest_route=%2Fwp%2Fv2%2Ftags&post=2655"}],"curies":[{"name":"wp","href":"https:\/\/api.w.org\/{rel}","templated":true}]}}