{"id":2675,"date":"2016-01-26T08:33:10","date_gmt":"2016-01-26T07:33:10","guid":{"rendered":"http:\/\/blogsaverroes.juntadeandalucia.es\/iesbulyana\/?p=2675"},"modified":"2016-02-01T09:28:10","modified_gmt":"2016-02-01T08:28:10","slug":"encuentro-de-familias-lectoras","status":"publish","type":"post","link":"https:\/\/blogsaverroes.juntadeandalucia.es\/iesbulyana\/?p=2675","title":{"rendered":"MERIENDA LECTORA EN TORNO A RELATOS DE LO INESPERADO DE ROALD DAHL"},"content":{"rendered":"<p>El pasado d\u00eda 18 de enero pasamos un rato agradable comentando algunos de los relatos de Roald Dahl. Esperamos que despu\u00e9s de ella hayan quedado ganas de leer otras obras suyas. En este trimestre, a petici\u00f3n del alumnado,\u00a0 pasaremos a leer un aut\u00e9ntico best seller dentro del g\u00e9nero young adult: <i>Bajo la misma estrella<\/i>. El encuentro para comentar esta obra ser\u00e1 el pr\u00f3ximo 7 de marzo.<\/p>\n<p><a href=\"http:\/\/blogsaverroes.juntadeandalucia.es\/iesbulyana\/files\/2016\/01\/2-familias-lectoras.jpg\"><img loading=\"lazy\" decoding=\"async\" class=\"aligncenter wp-image-2676 size-medium\" src=\"http:\/\/blogsaverroes.juntadeandalucia.es\/iesbulyana\/files\/2016\/01\/2-familias-lectoras-250x300.jpg\" alt=\"2 familias lectoras\" width=\"250\" height=\"300\" srcset=\"https:\/\/blogsaverroes.juntadeandalucia.es\/iesbulyana\/files\/2016\/01\/2-familias-lectoras-250x300.jpg 250w, https:\/\/blogsaverroes.juntadeandalucia.es\/iesbulyana\/files\/2016\/01\/2-familias-lectoras.jpg 709w\" sizes=\"(max-width: 250px) 100vw, 250px\" \/><\/a><\/p>\n","protected":false},"excerpt":{"rendered":"<p>El pasado d\u00eda 18 de enero pasamos un rato agradable comentando algunos de los relatos de Roald Dahl. Esperamos que despu\u00e9s de ella hayan quedado ganas de leer otras obras suyas. En este trimestre, a petici\u00f3n del alumnado,\u00a0 pasaremos a leer un aut\u00e9ntico best seller dentro del g\u00e9nero young adult: Bajo la misma estrella. El &hellip; <\/p>\n<p><a class=\"more-link btn\" href=\"https:\/\/blogsaverroes.juntadeandalucia.es\/iesbulyana\/?p=2675\">Seguir leyendo<\/a><\/p>\n","protected":false},"author":2220,"featured_media":2676,"comment_status":"open","ping_status":"open","sticky":false,"template":"","format":"standard","meta":{"_exactmetrics_skip_tracking":false,"_exactmetrics_sitenote_active":false,"_exactmetrics_sitenote_note":"","_exactmetrics_sitenote_category":0,"ngg_post_thumbnail":0,"footnotes":""},"categories":[464102,33096],"tags":[],"aioseo_notices":[],"_links":{"self":[{"href":"https:\/\/blogsaverroes.juntadeandalucia.es\/iesbulyana\/index.php?rest_route=\/wp\/v2\/posts\/2675"}],"collection":[{"href":"https:\/\/blogsaverroes.juntadeandalucia.es\/iesbulyana\/index.php?rest_route=\/wp\/v2\/posts"}],"about":[{"href":"https:\/\/blogsaverroes.juntadeandalucia.es\/iesbulyana\/index.php?rest_route=\/wp\/v2\/types\/post"}],"author":[{"embeddable":true,"href":"https:\/\/blogsaverroes.juntadeandalucia.es\/iesbulyana\/index.php?rest_route=\/wp\/v2\/users\/2220"}],"replies":[{"embeddable":true,"href":"https:\/\/blogsaverroes.juntadeandalucia.es\/iesbulyana\/index.php?rest_route=%2Fwp%2Fv2%2Fcomments&post=2675"}],"version-history":[{"count":2,"href":"https:\/\/blogsaverroes.juntadeandalucia.es\/iesbulyana\/index.php?rest_route=\/wp\/v2\/posts\/2675\/revisions"}],"predecessor-version":[{"id":2710,"href":"https:\/\/blogsaverroes.juntadeandalucia.es\/iesbulyana\/index.php?rest_route=\/wp\/v2\/posts\/2675\/revisions\/2710"}],"wp:featuredmedia":[{"embeddable":true,"href":"https:\/\/blogsaverroes.juntadeandalucia.es\/iesbulyana\/index.php?rest_route=\/wp\/v2\/media\/2676"}],"wp:attachment":[{"href":"https:\/\/blogsaverroes.juntadeandalucia.es\/iesbulyana\/index.php?rest_route=%2Fwp%2Fv2%2Fmedia&parent=2675"}],"wp:term":[{"taxonomy":"category","embeddable":true,"href":"https:\/\/blogsaverroes.juntadeandalucia.es\/iesbulyana\/index.php?rest_route=%2Fwp%2Fv2%2Fcategories&post=2675"},{"taxonomy":"post_tag","embeddable":true,"href":"https:\/\/blogsaverroes.juntadeandalucia.es\/iesbulyana\/index.php?rest_route=%2Fwp%2Fv2%2Ftags&post=2675"}],"curies":[{"name":"wp","href":"https:\/\/api.w.org\/{rel}","templated":true}]}}