{"id":3154,"date":"2016-05-18T09:08:50","date_gmt":"2016-05-18T07:08:50","guid":{"rendered":"http:\/\/blogsaverroes.juntadeandalucia.es\/iesbulyana\/?p=3154"},"modified":"2016-05-24T09:09:55","modified_gmt":"2016-05-24T07:09:55","slug":"3154","status":"publish","type":"post","link":"https:\/\/blogsaverroes.juntadeandalucia.es\/iesbulyana\/?p=3154","title":{"rendered":"Visita al Parque de las Ciencias"},"content":{"rendered":"<p>El pasado martes 17 los alumnos de 3\u00ba y 4\u00ba ESO, disfrutamos de una ma\u00f1ana estupenda en el Parque de las Ciencias de Granada.<br \/>\nVisitamos algunas exposiciones como la de \u201cS.O.S. La Ciencia de Prevenir\u201d y realizamos talleres sobre la cultura de la prevenci\u00f3n. Adem\u00e1s de poner en practica nuestros conocimientos de qu\u00edmica calculando la cantidad de vitamina C que tiene un zumo.<br \/>\nUna jornada especial y una forma de aprender diferente.<\/p>\n\n\t\t<style type=\"text\/css\">\n\t\t\t#gallery-1 {\n\t\t\t\tmargin: auto;\n\t\t\t}\n\t\t\t#gallery-1 .gallery-item {\n\t\t\t\tfloat: left;\n\t\t\t\tmargin-top: 10px;\n\t\t\t\ttext-align: center;\n\t\t\t\twidth: 33%;\n\t\t\t}\n\t\t\t#gallery-1 img {\n\t\t\t\tborder: 2px solid #cfcfcf;\n\t\t\t}\n\t\t\t#gallery-1 .gallery-caption {\n\t\t\t\tmargin-left: 0;\n\t\t\t}\n\t\t\t\/* see gallery_shortcode() in wp-includes\/media.php *\/\n\t\t<\/style>\n\t\t<div id='gallery-1' class='gallery galleryid-3154 gallery-columns-3 gallery-size-medium'><dl class='gallery-item'>\n\t\t\t<dt class='gallery-icon landscape'>\n\t\t\t\t<a href='https:\/\/blogsaverroes.juntadeandalucia.es\/iesbulyana\/files\/2016\/05\/IMG_20160517_130823.jpg'><img loading=\"lazy\" decoding=\"async\" width=\"300\" height=\"225\" src=\"https:\/\/blogsaverroes.juntadeandalucia.es\/iesbulyana\/files\/2016\/05\/IMG_20160517_130823-300x225.jpg\" class=\"attachment-medium size-medium\" alt=\"\" srcset=\"https:\/\/blogsaverroes.juntadeandalucia.es\/iesbulyana\/files\/2016\/05\/IMG_20160517_130823-300x225.jpg 300w, https:\/\/blogsaverroes.juntadeandalucia.es\/iesbulyana\/files\/2016\/05\/IMG_20160517_130823-1024x768.jpg 1024w, https:\/\/blogsaverroes.juntadeandalucia.es\/iesbulyana\/files\/2016\/05\/IMG_20160517_130823.jpg 1600w\" sizes=\"(max-width: 300px) 100vw, 300px\" \/><\/a>\n\t\t\t<\/dt><\/dl><dl class='gallery-item'>\n\t\t\t<dt class='gallery-icon landscape'>\n\t\t\t\t<a href='https:\/\/blogsaverroes.juntadeandalucia.es\/iesbulyana\/files\/2016\/05\/IMG_20160517_133427.jpg'><img loading=\"lazy\" decoding=\"async\" width=\"300\" height=\"225\" src=\"https:\/\/blogsaverroes.juntadeandalucia.es\/iesbulyana\/files\/2016\/05\/IMG_20160517_133427-300x225.jpg\" class=\"attachment-medium size-medium\" alt=\"\" srcset=\"https:\/\/blogsaverroes.juntadeandalucia.es\/iesbulyana\/files\/2016\/05\/IMG_20160517_133427-300x225.jpg 300w, https:\/\/blogsaverroes.juntadeandalucia.es\/iesbulyana\/files\/2016\/05\/IMG_20160517_133427-1024x768.jpg 1024w, https:\/\/blogsaverroes.juntadeandalucia.es\/iesbulyana\/files\/2016\/05\/IMG_20160517_133427.jpg 1600w\" sizes=\"(max-width: 300px) 100vw, 300px\" \/><\/a>\n\t\t\t<\/dt><\/dl><dl class='gallery-item'>\n\t\t\t<dt class='gallery-icon landscape'>\n\t\t\t\t<a href='https:\/\/blogsaverroes.juntadeandalucia.es\/iesbulyana\/files\/2016\/05\/IMG_20160517_113855.jpg'><img loading=\"lazy\" decoding=\"async\" width=\"300\" height=\"225\" src=\"https:\/\/blogsaverroes.juntadeandalucia.es\/iesbulyana\/files\/2016\/05\/IMG_20160517_113855-300x225.jpg\" class=\"attachment-medium size-medium\" alt=\"\" srcset=\"https:\/\/blogsaverroes.juntadeandalucia.es\/iesbulyana\/files\/2016\/05\/IMG_20160517_113855-300x225.jpg 300w, https:\/\/blogsaverroes.juntadeandalucia.es\/iesbulyana\/files\/2016\/05\/IMG_20160517_113855-1024x768.jpg 1024w, https:\/\/blogsaverroes.juntadeandalucia.es\/iesbulyana\/files\/2016\/05\/IMG_20160517_113855.jpg 1600w\" sizes=\"(max-width: 300px) 100vw, 300px\" \/><\/a>\n\t\t\t<\/dt><\/dl><br style=\"clear: both\" \/><dl class='gallery-item'>\n\t\t\t<dt class='gallery-icon landscape'>\n\t\t\t\t<a href='https:\/\/blogsaverroes.juntadeandalucia.es\/iesbulyana\/files\/2016\/05\/IMG_20160517_134558.jpg'><img loading=\"lazy\" decoding=\"async\" width=\"300\" height=\"225\" src=\"https:\/\/blogsaverroes.juntadeandalucia.es\/iesbulyana\/files\/2016\/05\/IMG_20160517_134558-300x225.jpg\" class=\"attachment-medium size-medium\" alt=\"\" srcset=\"https:\/\/blogsaverroes.juntadeandalucia.es\/iesbulyana\/files\/2016\/05\/IMG_20160517_134558-300x225.jpg 300w, https:\/\/blogsaverroes.juntadeandalucia.es\/iesbulyana\/files\/2016\/05\/IMG_20160517_134558-1024x768.jpg 1024w, https:\/\/blogsaverroes.juntadeandalucia.es\/iesbulyana\/files\/2016\/05\/IMG_20160517_134558.jpg 1600w\" sizes=\"(max-width: 300px) 100vw, 300px\" \/><\/a>\n\t\t\t<\/dt><\/dl><dl class='gallery-item'>\n\t\t\t<dt class='gallery-icon landscape'>\n\t\t\t\t<a href='https:\/\/blogsaverroes.juntadeandalucia.es\/iesbulyana\/files\/2016\/05\/IMG_20160517_130830.jpg'><img loading=\"lazy\" decoding=\"async\" width=\"300\" height=\"225\" src=\"https:\/\/blogsaverroes.juntadeandalucia.es\/iesbulyana\/files\/2016\/05\/IMG_20160517_130830-300x225.jpg\" class=\"attachment-medium size-medium\" alt=\"\" srcset=\"https:\/\/blogsaverroes.juntadeandalucia.es\/iesbulyana\/files\/2016\/05\/IMG_20160517_130830-300x225.jpg 300w, https:\/\/blogsaverroes.juntadeandalucia.es\/iesbulyana\/files\/2016\/05\/IMG_20160517_130830-1024x768.jpg 1024w, https:\/\/blogsaverroes.juntadeandalucia.es\/iesbulyana\/files\/2016\/05\/IMG_20160517_130830.jpg 1600w\" sizes=\"(max-width: 300px) 100vw, 300px\" \/><\/a>\n\t\t\t<\/dt><\/dl><dl class='gallery-item'>\n\t\t\t<dt class='gallery-icon landscape'>\n\t\t\t\t<a href='https:\/\/blogsaverroes.juntadeandalucia.es\/iesbulyana\/files\/2016\/05\/IMG_20160517_133451.jpg'><img loading=\"lazy\" decoding=\"async\" width=\"300\" height=\"225\" src=\"https:\/\/blogsaverroes.juntadeandalucia.es\/iesbulyana\/files\/2016\/05\/IMG_20160517_133451-300x225.jpg\" class=\"attachment-medium size-medium\" alt=\"\" srcset=\"https:\/\/blogsaverroes.juntadeandalucia.es\/iesbulyana\/files\/2016\/05\/IMG_20160517_133451-300x225.jpg 300w, https:\/\/blogsaverroes.juntadeandalucia.es\/iesbulyana\/files\/2016\/05\/IMG_20160517_133451-1024x768.jpg 1024w, https:\/\/blogsaverroes.juntadeandalucia.es\/iesbulyana\/files\/2016\/05\/IMG_20160517_133451.jpg 1600w\" sizes=\"(max-width: 300px) 100vw, 300px\" \/><\/a>\n\t\t\t<\/dt><\/dl><br style=\"clear: both\" \/>\n\t\t<\/div>\n\n","protected":false},"excerpt":{"rendered":"<p>El pasado martes 17 los alumnos de 3\u00ba y 4\u00ba ESO, disfrutamos de una ma\u00f1ana estupenda en el Parque de las Ciencias de Granada. Visitamos algunas exposiciones como la de \u201cS.O.S. La Ciencia de Prevenir\u201d y realizamos talleres sobre la cultura de la prevenci\u00f3n. Adem\u00e1s de poner en practica nuestros conocimientos de qu\u00edmica calculando la &hellip; <\/p>\n<p><a class=\"more-link btn\" href=\"https:\/\/blogsaverroes.juntadeandalucia.es\/iesbulyana\/?p=3154\">Seguir leyendo<\/a><\/p>\n","protected":false},"author":2220,"featured_media":3156,"comment_status":"open","ping_status":"open","sticky":false,"template":"","format":"standard","meta":{"_exactmetrics_skip_tracking":false,"_exactmetrics_sitenote_active":false,"_exactmetrics_sitenote_note":"","_exactmetrics_sitenote_category":0,"ngg_post_thumbnail":0,"footnotes":""},"categories":[5991,464103,3774,526],"tags":[],"aioseo_notices":[],"_links":{"self":[{"href":"https:\/\/blogsaverroes.juntadeandalucia.es\/iesbulyana\/index.php?rest_route=\/wp\/v2\/posts\/3154"}],"collection":[{"href":"https:\/\/blogsaverroes.juntadeandalucia.es\/iesbulyana\/index.php?rest_route=\/wp\/v2\/posts"}],"about":[{"href":"https:\/\/blogsaverroes.juntadeandalucia.es\/iesbulyana\/index.php?rest_route=\/wp\/v2\/types\/post"}],"author":[{"embeddable":true,"href":"https:\/\/blogsaverroes.juntadeandalucia.es\/iesbulyana\/index.php?rest_route=\/wp\/v2\/users\/2220"}],"replies":[{"embeddable":true,"href":"https:\/\/blogsaverroes.juntadeandalucia.es\/iesbulyana\/index.php?rest_route=%2Fwp%2Fv2%2Fcomments&post=3154"}],"version-history":[{"count":2,"href":"https:\/\/blogsaverroes.juntadeandalucia.es\/iesbulyana\/index.php?rest_route=\/wp\/v2\/posts\/3154\/revisions"}],"predecessor-version":[{"id":3158,"href":"https:\/\/blogsaverroes.juntadeandalucia.es\/iesbulyana\/index.php?rest_route=\/wp\/v2\/posts\/3154\/revisions\/3158"}],"wp:featuredmedia":[{"embeddable":true,"href":"https:\/\/blogsaverroes.juntadeandalucia.es\/iesbulyana\/index.php?rest_route=\/wp\/v2\/media\/3156"}],"wp:attachment":[{"href":"https:\/\/blogsaverroes.juntadeandalucia.es\/iesbulyana\/index.php?rest_route=%2Fwp%2Fv2%2Fmedia&parent=3154"}],"wp:term":[{"taxonomy":"category","embeddable":true,"href":"https:\/\/blogsaverroes.juntadeandalucia.es\/iesbulyana\/index.php?rest_route=%2Fwp%2Fv2%2Fcategories&post=3154"},{"taxonomy":"post_tag","embeddable":true,"href":"https:\/\/blogsaverroes.juntadeandalucia.es\/iesbulyana\/index.php?rest_route=%2Fwp%2Fv2%2Ftags&post=3154"}],"curies":[{"name":"wp","href":"https:\/\/api.w.org\/{rel}","templated":true}]}}