{"id":3243,"date":"2016-06-06T12:17:52","date_gmt":"2016-06-06T10:17:52","guid":{"rendered":"http:\/\/blogsaverroes.juntadeandalucia.es\/iesbulyana\/?p=3243"},"modified":"2016-06-06T20:25:43","modified_gmt":"2016-06-06T18:25:43","slug":"visita-al-parque-de-las-ciencias-2","status":"publish","type":"post","link":"https:\/\/blogsaverroes.juntadeandalucia.es\/iesbulyana\/?p=3243","title":{"rendered":"Visita al Parque de las Ciencias"},"content":{"rendered":"<p>El pasado mi\u00e9rcoles 1 de junio, nuestros alumnos de 4\u00ba ESO visitaron de nuevo el Parque de las Ciencias de Andaluc\u00eda. Esta vez con motivo de la celebraci\u00f3n de la duod\u00e9cima edici\u00f3n del Congreso Internacional \u201cLight and Color in Nature\u201d, en el que expertos de todo el mundo abordar\u00e1n fen\u00f3menos como los espejismos y los colores del cielo, las auroras y los copos de nieve o los colores estructurales en plumas, alas de insectos y escamas de peces, entre otros muchos<b>.<\/b><\/p>\n<p>El Dpto. Educaci\u00f3n del Parque de las Ciencias y el Dpto. \u00d3ptica de la UGR organizaron un d\u00eda especial con talleres sobre \u00f3ptica. Tambi\u00e9n asistimos a la sesi\u00f3n de planetario \u201cMas de un bill\u00f3n de soles\u201d y a dos interesantes charlas en ingl\u00e9s sobre fen\u00f3menos \u00f3pticos en la atm\u00f3sfera y en la naturaleza impartidos por <b>Robert Greenler<\/b> de la Universidad de Wisconsin, y por <b>Joseph Shaw<\/b> de la Universidad Estatal de Montana.<\/p>\n<p>Desde esta p\u00e1gina, queremos agradecer al Departamento de Educaci\u00f3n del Parque de las Ciencias la invitaci\u00f3n a participar de este evento, el trato que nos brindaron y todo lo que nos ense\u00f1aron sobre la luz y su interacci\u00f3n con la materia.<\/p>\n<p>Gonzalo, Guadalupe, Jorge y Lola mil gracias por una experiencia \u201cbrillante\u201d en el Parque de las Ciencias de Andaluc\u00eda.<\/p>\n\n\t\t<style type=\"text\/css\">\n\t\t\t#gallery-1 {\n\t\t\t\tmargin: auto;\n\t\t\t}\n\t\t\t#gallery-1 .gallery-item {\n\t\t\t\tfloat: left;\n\t\t\t\tmargin-top: 10px;\n\t\t\t\ttext-align: center;\n\t\t\t\twidth: 50%;\n\t\t\t}\n\t\t\t#gallery-1 img {\n\t\t\t\tborder: 2px solid #cfcfcf;\n\t\t\t}\n\t\t\t#gallery-1 .gallery-caption {\n\t\t\t\tmargin-left: 0;\n\t\t\t}\n\t\t\t\/* see gallery_shortcode() in wp-includes\/media.php *\/\n\t\t<\/style>\n\t\t<div id='gallery-1' class='gallery galleryid-3243 gallery-columns-2 gallery-size-thumbnail'><dl class='gallery-item'>\n\t\t\t<dt class='gallery-icon landscape'>\n\t\t\t\t<a href='https:\/\/blogsaverroes.juntadeandalucia.es\/iesbulyana\/?attachment_id=3244'><img loading=\"lazy\" decoding=\"async\" width=\"150\" height=\"150\" src=\"https:\/\/blogsaverroes.juntadeandalucia.es\/iesbulyana\/files\/2016\/06\/Visita1-150x150.jpg\" class=\"attachment-thumbnail size-thumbnail\" alt=\"\" srcset=\"https:\/\/blogsaverroes.juntadeandalucia.es\/iesbulyana\/files\/2016\/06\/Visita1-150x150.jpg 150w, https:\/\/blogsaverroes.juntadeandalucia.es\/iesbulyana\/files\/2016\/06\/Visita1-100x100.jpg 100w, https:\/\/blogsaverroes.juntadeandalucia.es\/iesbulyana\/files\/2016\/06\/Visita1-160x160.jpg 160w\" sizes=\"(max-width: 150px) 100vw, 150px\" \/><\/a>\n\t\t\t<\/dt><\/dl><dl class='gallery-item'>\n\t\t\t<dt class='gallery-icon portrait'>\n\t\t\t\t<a href='https:\/\/blogsaverroes.juntadeandalucia.es\/iesbulyana\/?attachment_id=3265'><img loading=\"lazy\" decoding=\"async\" width=\"150\" height=\"150\" src=\"https:\/\/blogsaverroes.juntadeandalucia.es\/iesbulyana\/files\/2016\/06\/Visita0-150x150.jpg\" class=\"attachment-thumbnail size-thumbnail\" alt=\"\" srcset=\"https:\/\/blogsaverroes.juntadeandalucia.es\/iesbulyana\/files\/2016\/06\/Visita0-150x150.jpg 150w, https:\/\/blogsaverroes.juntadeandalucia.es\/iesbulyana\/files\/2016\/06\/Visita0-100x100.jpg 100w, https:\/\/blogsaverroes.juntadeandalucia.es\/iesbulyana\/files\/2016\/06\/Visita0-160x160.jpg 160w\" sizes=\"(max-width: 150px) 100vw, 150px\" \/><\/a>\n\t\t\t<\/dt><\/dl><br style=\"clear: both\" \/><dl class='gallery-item'>\n\t\t\t<dt class='gallery-icon landscape'>\n\t\t\t\t<a href='https:\/\/blogsaverroes.juntadeandalucia.es\/iesbulyana\/?attachment_id=3247'><img loading=\"lazy\" decoding=\"async\" width=\"150\" height=\"150\" src=\"https:\/\/blogsaverroes.juntadeandalucia.es\/iesbulyana\/files\/2016\/06\/Visita4-150x150.jpg\" class=\"attachment-thumbnail size-thumbnail\" alt=\"\" srcset=\"https:\/\/blogsaverroes.juntadeandalucia.es\/iesbulyana\/files\/2016\/06\/Visita4-150x150.jpg 150w, https:\/\/blogsaverroes.juntadeandalucia.es\/iesbulyana\/files\/2016\/06\/Visita4-100x100.jpg 100w, https:\/\/blogsaverroes.juntadeandalucia.es\/iesbulyana\/files\/2016\/06\/Visita4-160x160.jpg 160w\" sizes=\"(max-width: 150px) 100vw, 150px\" \/><\/a>\n\t\t\t<\/dt><\/dl><dl class='gallery-item'>\n\t\t\t<dt class='gallery-icon portrait'>\n\t\t\t\t<a href='https:\/\/blogsaverroes.juntadeandalucia.es\/iesbulyana\/?attachment_id=3245'><img loading=\"lazy\" decoding=\"async\" width=\"150\" height=\"150\" src=\"https:\/\/blogsaverroes.juntadeandalucia.es\/iesbulyana\/files\/2016\/06\/Visita2-150x150.jpg\" class=\"attachment-thumbnail size-thumbnail\" alt=\"\" srcset=\"https:\/\/blogsaverroes.juntadeandalucia.es\/iesbulyana\/files\/2016\/06\/Visita2-150x150.jpg 150w, https:\/\/blogsaverroes.juntadeandalucia.es\/iesbulyana\/files\/2016\/06\/Visita2-100x100.jpg 100w, https:\/\/blogsaverroes.juntadeandalucia.es\/iesbulyana\/files\/2016\/06\/Visita2-160x160.jpg 160w\" sizes=\"(max-width: 150px) 100vw, 150px\" \/><\/a>\n\t\t\t<\/dt><\/dl><br style=\"clear: both\" \/><dl class='gallery-item'>\n\t\t\t<dt class='gallery-icon portrait'>\n\t\t\t\t<a href='https:\/\/blogsaverroes.juntadeandalucia.es\/iesbulyana\/?attachment_id=3246'><img loading=\"lazy\" decoding=\"async\" width=\"150\" height=\"150\" src=\"https:\/\/blogsaverroes.juntadeandalucia.es\/iesbulyana\/files\/2016\/06\/Visita3-150x150.jpg\" class=\"attachment-thumbnail size-thumbnail\" alt=\"\" srcset=\"https:\/\/blogsaverroes.juntadeandalucia.es\/iesbulyana\/files\/2016\/06\/Visita3-150x150.jpg 150w, https:\/\/blogsaverroes.juntadeandalucia.es\/iesbulyana\/files\/2016\/06\/Visita3-100x100.jpg 100w, https:\/\/blogsaverroes.juntadeandalucia.es\/iesbulyana\/files\/2016\/06\/Visita3-160x160.jpg 160w\" sizes=\"(max-width: 150px) 100vw, 150px\" \/><\/a>\n\t\t\t<\/dt><\/dl>\n\t\t\t<br style='clear: both' \/>\n\t\t<\/div>\n\n","protected":false},"excerpt":{"rendered":"<p>El pasado mi\u00e9rcoles 1 de junio, nuestros alumnos de 4\u00ba ESO visitaron de nuevo el Parque de las Ciencias de Andaluc\u00eda. Esta vez con motivo de la celebraci\u00f3n de la duod\u00e9cima edici\u00f3n del Congreso Internacional \u201cLight and Color in Nature\u201d, en el que expertos de todo el mundo abordar\u00e1n fen\u00f3menos como los espejismos y los &hellip; <\/p>\n<p><a class=\"more-link btn\" href=\"https:\/\/blogsaverroes.juntadeandalucia.es\/iesbulyana\/?p=3243\">Seguir leyendo<\/a><\/p>\n","protected":false},"author":3633,"featured_media":3265,"comment_status":"open","ping_status":"open","sticky":false,"template":"","format":"standard","meta":{"_exactmetrics_skip_tracking":false,"_exactmetrics_sitenote_active":false,"_exactmetrics_sitenote_note":"","_exactmetrics_sitenote_category":0,"ngg_post_thumbnail":0,"footnotes":""},"categories":[5991,464103,3774,526],"tags":[],"aioseo_notices":[],"_links":{"self":[{"href":"https:\/\/blogsaverroes.juntadeandalucia.es\/iesbulyana\/index.php?rest_route=\/wp\/v2\/posts\/3243"}],"collection":[{"href":"https:\/\/blogsaverroes.juntadeandalucia.es\/iesbulyana\/index.php?rest_route=\/wp\/v2\/posts"}],"about":[{"href":"https:\/\/blogsaverroes.juntadeandalucia.es\/iesbulyana\/index.php?rest_route=\/wp\/v2\/types\/post"}],"author":[{"embeddable":true,"href":"https:\/\/blogsaverroes.juntadeandalucia.es\/iesbulyana\/index.php?rest_route=\/wp\/v2\/users\/3633"}],"replies":[{"embeddable":true,"href":"https:\/\/blogsaverroes.juntadeandalucia.es\/iesbulyana\/index.php?rest_route=%2Fwp%2Fv2%2Fcomments&post=3243"}],"version-history":[{"count":3,"href":"https:\/\/blogsaverroes.juntadeandalucia.es\/iesbulyana\/index.php?rest_route=\/wp\/v2\/posts\/3243\/revisions"}],"predecessor-version":[{"id":3267,"href":"https:\/\/blogsaverroes.juntadeandalucia.es\/iesbulyana\/index.php?rest_route=\/wp\/v2\/posts\/3243\/revisions\/3267"}],"wp:featuredmedia":[{"embeddable":true,"href":"https:\/\/blogsaverroes.juntadeandalucia.es\/iesbulyana\/index.php?rest_route=\/wp\/v2\/media\/3265"}],"wp:attachment":[{"href":"https:\/\/blogsaverroes.juntadeandalucia.es\/iesbulyana\/index.php?rest_route=%2Fwp%2Fv2%2Fmedia&parent=3243"}],"wp:term":[{"taxonomy":"category","embeddable":true,"href":"https:\/\/blogsaverroes.juntadeandalucia.es\/iesbulyana\/index.php?rest_route=%2Fwp%2Fv2%2Fcategories&post=3243"},{"taxonomy":"post_tag","embeddable":true,"href":"https:\/\/blogsaverroes.juntadeandalucia.es\/iesbulyana\/index.php?rest_route=%2Fwp%2Fv2%2Ftags&post=3243"}],"curies":[{"name":"wp","href":"https:\/\/api.w.org\/{rel}","templated":true}]}}