{"id":4153,"date":"2016-10-20T19:09:30","date_gmt":"2016-10-20T17:09:30","guid":{"rendered":"http:\/\/blogsaverroes.juntadeandalucia.es\/iesbulyana\/?p=4153"},"modified":"2016-10-20T19:09:30","modified_gmt":"2016-10-20T17:09:30","slug":"actividad-sobre-la-piel","status":"publish","type":"post","link":"https:\/\/blogsaverroes.juntadeandalucia.es\/iesbulyana\/?p=4153","title":{"rendered":"Actividad sobre la piel"},"content":{"rendered":"<p>Hoy d\u00eda 20 de Octubre los alumnos de 4\u00ba han participado en una actividad sobre la piel organizada en el parque de las ciencias. En dicha actividad se ha hablado sobre protecci\u00f3n de la piel, cosm\u00e9ticos protectores, biolog\u00eda de la piel, terapias con piel artificial, incidencia del sol en el envejecimiento y enfermedades de la piel, etc. Aprovechando la actividad hemos visitado otras exposiciones del parque como Cuerpo Humano o SOS as\u00ed como una sesi\u00f3n de planetario sobre Evoluci\u00f3n. Han aprendido mucho a la vez que se divert\u00edan.<\/p>\n<p>Nuestra felicitaci\u00f3n al Dpto de Educaci\u00f3n del Parque de las Ciencias por la organizaci\u00f3n del evento.<\/p>\n\n\t\t<style type=\"text\/css\">\n\t\t\t#gallery-1 {\n\t\t\t\tmargin: auto;\n\t\t\t}\n\t\t\t#gallery-1 .gallery-item {\n\t\t\t\tfloat: left;\n\t\t\t\tmargin-top: 10px;\n\t\t\t\ttext-align: center;\n\t\t\t\twidth: 25%;\n\t\t\t}\n\t\t\t#gallery-1 img {\n\t\t\t\tborder: 2px solid #cfcfcf;\n\t\t\t}\n\t\t\t#gallery-1 .gallery-caption {\n\t\t\t\tmargin-left: 0;\n\t\t\t}\n\t\t\t\/* see gallery_shortcode() in wp-includes\/media.php *\/\n\t\t<\/style>\n\t\t<div id='gallery-1' class='gallery galleryid-4153 gallery-columns-4 gallery-size-thumbnail'><dl class='gallery-item'>\n\t\t\t<dt class='gallery-icon landscape'>\n\t\t\t\t<a href='https:\/\/blogsaverroes.juntadeandalucia.es\/iesbulyana\/?attachment_id=4154'><img loading=\"lazy\" decoding=\"async\" width=\"150\" height=\"150\" src=\"https:\/\/blogsaverroes.juntadeandalucia.es\/iesbulyana\/files\/2016\/10\/Piel1-150x150.jpg\" class=\"attachment-thumbnail size-thumbnail\" alt=\"\" srcset=\"https:\/\/blogsaverroes.juntadeandalucia.es\/iesbulyana\/files\/2016\/10\/Piel1-150x150.jpg 150w, https:\/\/blogsaverroes.juntadeandalucia.es\/iesbulyana\/files\/2016\/10\/Piel1-100x100.jpg 100w, https:\/\/blogsaverroes.juntadeandalucia.es\/iesbulyana\/files\/2016\/10\/Piel1-160x160.jpg 160w\" sizes=\"(max-width: 150px) 100vw, 150px\" \/><\/a>\n\t\t\t<\/dt><\/dl><dl class='gallery-item'>\n\t\t\t<dt class='gallery-icon landscape'>\n\t\t\t\t<a href='https:\/\/blogsaverroes.juntadeandalucia.es\/iesbulyana\/?attachment_id=4155'><img loading=\"lazy\" decoding=\"async\" width=\"150\" height=\"150\" src=\"https:\/\/blogsaverroes.juntadeandalucia.es\/iesbulyana\/files\/2016\/10\/Piel2-150x150.jpg\" class=\"attachment-thumbnail size-thumbnail\" alt=\"\" srcset=\"https:\/\/blogsaverroes.juntadeandalucia.es\/iesbulyana\/files\/2016\/10\/Piel2-150x150.jpg 150w, https:\/\/blogsaverroes.juntadeandalucia.es\/iesbulyana\/files\/2016\/10\/Piel2-100x100.jpg 100w, https:\/\/blogsaverroes.juntadeandalucia.es\/iesbulyana\/files\/2016\/10\/Piel2-160x160.jpg 160w\" sizes=\"(max-width: 150px) 100vw, 150px\" \/><\/a>\n\t\t\t<\/dt><\/dl><dl class='gallery-item'>\n\t\t\t<dt class='gallery-icon landscape'>\n\t\t\t\t<a href='https:\/\/blogsaverroes.juntadeandalucia.es\/iesbulyana\/?attachment_id=4156'><img loading=\"lazy\" decoding=\"async\" width=\"150\" height=\"150\" src=\"https:\/\/blogsaverroes.juntadeandalucia.es\/iesbulyana\/files\/2016\/10\/Piel3-150x150.jpg\" class=\"attachment-thumbnail size-thumbnail\" alt=\"\" srcset=\"https:\/\/blogsaverroes.juntadeandalucia.es\/iesbulyana\/files\/2016\/10\/Piel3-150x150.jpg 150w, https:\/\/blogsaverroes.juntadeandalucia.es\/iesbulyana\/files\/2016\/10\/Piel3-100x100.jpg 100w, https:\/\/blogsaverroes.juntadeandalucia.es\/iesbulyana\/files\/2016\/10\/Piel3-160x160.jpg 160w\" sizes=\"(max-width: 150px) 100vw, 150px\" \/><\/a>\n\t\t\t<\/dt><\/dl><dl class='gallery-item'>\n\t\t\t<dt class='gallery-icon landscape'>\n\t\t\t\t<a href='https:\/\/blogsaverroes.juntadeandalucia.es\/iesbulyana\/?attachment_id=4157'><img loading=\"lazy\" decoding=\"async\" width=\"150\" height=\"150\" src=\"https:\/\/blogsaverroes.juntadeandalucia.es\/iesbulyana\/files\/2016\/10\/Piel4-150x150.jpg\" class=\"attachment-thumbnail size-thumbnail\" alt=\"\" srcset=\"https:\/\/blogsaverroes.juntadeandalucia.es\/iesbulyana\/files\/2016\/10\/Piel4-150x150.jpg 150w, https:\/\/blogsaverroes.juntadeandalucia.es\/iesbulyana\/files\/2016\/10\/Piel4-100x100.jpg 100w, https:\/\/blogsaverroes.juntadeandalucia.es\/iesbulyana\/files\/2016\/10\/Piel4-160x160.jpg 160w\" sizes=\"(max-width: 150px) 100vw, 150px\" \/><\/a>\n\t\t\t<\/dt><\/dl><br style=\"clear: both\" \/>\n\t\t<\/div>\n\n","protected":false},"excerpt":{"rendered":"<p>Hoy d\u00eda 20 de Octubre los alumnos de 4\u00ba han participado en una actividad sobre la piel organizada en el parque de las ciencias. En dicha actividad se ha hablado sobre protecci\u00f3n de la piel, cosm\u00e9ticos protectores, biolog\u00eda de la piel, terapias con piel artificial, incidencia del sol en el envejecimiento y enfermedades de la &hellip; <\/p>\n<p><a class=\"more-link btn\" href=\"https:\/\/blogsaverroes.juntadeandalucia.es\/iesbulyana\/?p=4153\">Seguir leyendo<\/a><\/p>\n","protected":false},"author":2220,"featured_media":4154,"comment_status":"open","ping_status":"open","sticky":false,"template":"","format":"standard","meta":{"_exactmetrics_skip_tracking":false,"_exactmetrics_sitenote_active":false,"_exactmetrics_sitenote_note":"","_exactmetrics_sitenote_category":0,"ngg_post_thumbnail":0,"footnotes":""},"categories":[5991,464103,3774,25506,526],"tags":[],"aioseo_notices":[],"_links":{"self":[{"href":"https:\/\/blogsaverroes.juntadeandalucia.es\/iesbulyana\/index.php?rest_route=\/wp\/v2\/posts\/4153"}],"collection":[{"href":"https:\/\/blogsaverroes.juntadeandalucia.es\/iesbulyana\/index.php?rest_route=\/wp\/v2\/posts"}],"about":[{"href":"https:\/\/blogsaverroes.juntadeandalucia.es\/iesbulyana\/index.php?rest_route=\/wp\/v2\/types\/post"}],"author":[{"embeddable":true,"href":"https:\/\/blogsaverroes.juntadeandalucia.es\/iesbulyana\/index.php?rest_route=\/wp\/v2\/users\/2220"}],"replies":[{"embeddable":true,"href":"https:\/\/blogsaverroes.juntadeandalucia.es\/iesbulyana\/index.php?rest_route=%2Fwp%2Fv2%2Fcomments&post=4153"}],"version-history":[{"count":1,"href":"https:\/\/blogsaverroes.juntadeandalucia.es\/iesbulyana\/index.php?rest_route=\/wp\/v2\/posts\/4153\/revisions"}],"predecessor-version":[{"id":4158,"href":"https:\/\/blogsaverroes.juntadeandalucia.es\/iesbulyana\/index.php?rest_route=\/wp\/v2\/posts\/4153\/revisions\/4158"}],"wp:featuredmedia":[{"embeddable":true,"href":"https:\/\/blogsaverroes.juntadeandalucia.es\/iesbulyana\/index.php?rest_route=\/wp\/v2\/media\/4154"}],"wp:attachment":[{"href":"https:\/\/blogsaverroes.juntadeandalucia.es\/iesbulyana\/index.php?rest_route=%2Fwp%2Fv2%2Fmedia&parent=4153"}],"wp:term":[{"taxonomy":"category","embeddable":true,"href":"https:\/\/blogsaverroes.juntadeandalucia.es\/iesbulyana\/index.php?rest_route=%2Fwp%2Fv2%2Fcategories&post=4153"},{"taxonomy":"post_tag","embeddable":true,"href":"https:\/\/blogsaverroes.juntadeandalucia.es\/iesbulyana\/index.php?rest_route=%2Fwp%2Fv2%2Ftags&post=4153"}],"curies":[{"name":"wp","href":"https:\/\/api.w.org\/{rel}","templated":true}]}}