{"id":4401,"date":"2017-01-30T11:59:27","date_gmt":"2017-01-30T10:59:27","guid":{"rendered":"http:\/\/blogsaverroes.juntadeandalucia.es\/iesbulyana\/?p=4401"},"modified":"2017-02-02T11:51:37","modified_gmt":"2017-02-02T10:51:37","slug":"dia-de-la-paz-2","status":"publish","type":"post","link":"https:\/\/blogsaverroes.juntadeandalucia.es\/iesbulyana\/?p=4401","title":{"rendered":"D\u00eda de la Paz"},"content":{"rendered":"<p><a href=\"http:\/\/blogsaverroes.juntadeandalucia.es\/iesbulyana\/files\/2017\/02\/DIA_PAZ_2017.png\"><img loading=\"lazy\" decoding=\"async\" class=\"alignright wp-image-4414 size-medium\" src=\"http:\/\/blogsaverroes.juntadeandalucia.es\/iesbulyana\/files\/2017\/02\/DIA_PAZ_2017-169x300.png\" alt=\"DIA_PAZ_2017\" width=\"169\" height=\"300\" srcset=\"https:\/\/blogsaverroes.juntadeandalucia.es\/iesbulyana\/files\/2017\/02\/DIA_PAZ_2017-169x300.png 169w, https:\/\/blogsaverroes.juntadeandalucia.es\/iesbulyana\/files\/2017\/02\/DIA_PAZ_2017-576x1024.png 576w, https:\/\/blogsaverroes.juntadeandalucia.es\/iesbulyana\/files\/2017\/02\/DIA_PAZ_2017-14x24.png 14w, https:\/\/blogsaverroes.juntadeandalucia.es\/iesbulyana\/files\/2017\/02\/DIA_PAZ_2017-20x36.png 20w, https:\/\/blogsaverroes.juntadeandalucia.es\/iesbulyana\/files\/2017\/02\/DIA_PAZ_2017-27x48.png 27w, https:\/\/blogsaverroes.juntadeandalucia.es\/iesbulyana\/files\/2017\/02\/DIA_PAZ_2017.png 900w\" sizes=\"(max-width: 169px) 100vw, 169px\" \/><\/a>Esta ma\u00f1ana se ha conmemorado el D\u00eda de la Paz en el IES Bulyana con la lectura de un poema, y una suelta de palomas simb\u00f3lica.<\/p>\n<p style=\"padding-left: 60px\"><em>Manifiesto<\/em><\/p>\n<p><em> En defensa del cardo y de la ortiga,<\/em><br \/>\n<em> en defensa del burro y su rebuzno<\/em><br \/>\n<em> y de su condici\u00f3n intrascendente,<\/em><\/p>\n<p><em> a favor de los bosques y su antiguo<\/em><br \/>\n<em> modo de ser, a favor de la piedra<\/em><br \/>\n<em> que el invierno cubri\u00f3 de oscuro musgo,<\/em><\/p>\n<p><em> para que vivan peces en las aguas,<\/em><br \/>\n<em> p\u00e1jaros en el aire, rododendros<\/em><br \/>\n<em> en los jardines, luces en la noche,<\/em><\/p>\n<p><em> y los hombres se olviden de la prisa<\/em><br \/>\n<em> con que van a la nada y no se enteran,<\/em><br \/>\n<em> v\u00edctimas de un progreso establecido,<\/em><\/p>\n<p><em> para que todo cobre otro sentido<\/em><br \/>\n<em> una vez asumido el sinsentido<\/em><br \/>\n<em> que es todo, y concentrados en su paso<\/em><\/p>\n<p><em> veamos sin dolor pasar el tiempo<\/em><br \/>\n<em> y vivamos minutos, horas, d\u00edas,<\/em><br \/>\n<em> bocanadas de ser, riqueza \u00fanica,<\/em><\/p>\n<p><em> para que todo vuelva a ser s\u00ed mismo,<\/em><br \/>\n<em> lo que pas\u00f3, lo que es, lo que perdura,<\/em><br \/>\n<em> lo que no deja huella de su paso,<\/em><\/p>\n<p><em> para que no d\u00e9 miedo tener hijos<\/em><br \/>\n<em> ni dejar de tenerlos, y el amor<\/em><br \/>\n<em> vuelva a ser verdadero, a ser inmenso,<\/em><\/p>\n<p><em> para poder tomar el sol y el aire<\/em><br \/>\n<em> y sentarse en la hierba con la gente<\/em><br \/>\n<em> y ponerse a charlar largo y tendido,<\/em><\/p>\n<p><em> a favor del cansancio y del descanso,<\/em><br \/>\n<em> a favor de los ciclos naturales<\/em><br \/>\n<em> y de la rebeld\u00eda ante los ciclos,<\/em><\/p>\n<p><em> por los colores y por los sonidos,<\/em><br \/>\n<em> por los gustos, los tactos, los olores,<\/em><br \/>\n<em> por el juego y el sue\u00f1o, y los amigos,<\/em><\/p>\n<p><em> en defensa de lo que se ha perdido,<\/em><br \/>\n<em> de la paz verdadera, del sosiego,<\/em><br \/>\n<em> de la palabra limpia y del silencio.<\/em><\/p>\n<p><em> \u00a0 \u00a0 \u00a0 \u00a0 \u00a0 \u00a0 \u00a0 \u00a0 \u00a0 \u00a0 (Jes\u00fas Mun\u00e1rriz, de<span class=\"m_1245522229003107716apple-converted-space\">\u00a0<\/span>Esos tus ojos, 1981)<\/em><\/p>\n<p>&nbsp;<\/p>\n\n\t\t<style type=\"text\/css\">\n\t\t\t#gallery-1 {\n\t\t\t\tmargin: auto;\n\t\t\t}\n\t\t\t#gallery-1 .gallery-item {\n\t\t\t\tfloat: left;\n\t\t\t\tmargin-top: 10px;\n\t\t\t\ttext-align: center;\n\t\t\t\twidth: 33%;\n\t\t\t}\n\t\t\t#gallery-1 img {\n\t\t\t\tborder: 2px solid #cfcfcf;\n\t\t\t}\n\t\t\t#gallery-1 .gallery-caption {\n\t\t\t\tmargin-left: 0;\n\t\t\t}\n\t\t\t\/* see gallery_shortcode() in wp-includes\/media.php *\/\n\t\t<\/style>\n\t\t<div id='gallery-1' class='gallery galleryid-4401 gallery-columns-3 gallery-size-thumbnail'><dl class='gallery-item'>\n\t\t\t<dt class='gallery-icon landscape'>\n\t\t\t\t<a href='https:\/\/blogsaverroes.juntadeandalucia.es\/iesbulyana\/?attachment_id=4411'><img loading=\"lazy\" decoding=\"async\" width=\"150\" height=\"150\" src=\"https:\/\/blogsaverroes.juntadeandalucia.es\/iesbulyana\/files\/2017\/02\/Dia_Paz6_2017-150x150.jpg\" class=\"attachment-thumbnail size-thumbnail\" alt=\"\" srcset=\"https:\/\/blogsaverroes.juntadeandalucia.es\/iesbulyana\/files\/2017\/02\/Dia_Paz6_2017-150x150.jpg 150w, https:\/\/blogsaverroes.juntadeandalucia.es\/iesbulyana\/files\/2017\/02\/Dia_Paz6_2017-100x100.jpg 100w, https:\/\/blogsaverroes.juntadeandalucia.es\/iesbulyana\/files\/2017\/02\/Dia_Paz6_2017-160x160.jpg 160w\" sizes=\"(max-width: 150px) 100vw, 150px\" \/><\/a>\n\t\t\t<\/dt><\/dl><dl class='gallery-item'>\n\t\t\t<dt class='gallery-icon landscape'>\n\t\t\t\t<a href='https:\/\/blogsaverroes.juntadeandalucia.es\/iesbulyana\/?attachment_id=4404'><img loading=\"lazy\" decoding=\"async\" width=\"150\" height=\"150\" src=\"https:\/\/blogsaverroes.juntadeandalucia.es\/iesbulyana\/files\/2017\/01\/Dia_Paz2_2017-150x150.jpg\" class=\"attachment-thumbnail size-thumbnail\" alt=\"\" srcset=\"https:\/\/blogsaverroes.juntadeandalucia.es\/iesbulyana\/files\/2017\/01\/Dia_Paz2_2017-150x150.jpg 150w, https:\/\/blogsaverroes.juntadeandalucia.es\/iesbulyana\/files\/2017\/01\/Dia_Paz2_2017-100x100.jpg 100w, https:\/\/blogsaverroes.juntadeandalucia.es\/iesbulyana\/files\/2017\/01\/Dia_Paz2_2017-160x160.jpg 160w\" sizes=\"(max-width: 150px) 100vw, 150px\" \/><\/a>\n\t\t\t<\/dt><\/dl><dl class='gallery-item'>\n\t\t\t<dt class='gallery-icon landscape'>\n\t\t\t\t<a href='https:\/\/blogsaverroes.juntadeandalucia.es\/iesbulyana\/?attachment_id=4406'><img loading=\"lazy\" decoding=\"async\" width=\"150\" height=\"150\" src=\"https:\/\/blogsaverroes.juntadeandalucia.es\/iesbulyana\/files\/2017\/01\/Dia_Paz4_2017-150x150.jpg\" class=\"attachment-thumbnail size-thumbnail\" alt=\"\" srcset=\"https:\/\/blogsaverroes.juntadeandalucia.es\/iesbulyana\/files\/2017\/01\/Dia_Paz4_2017-150x150.jpg 150w, https:\/\/blogsaverroes.juntadeandalucia.es\/iesbulyana\/files\/2017\/01\/Dia_Paz4_2017-100x100.jpg 100w, https:\/\/blogsaverroes.juntadeandalucia.es\/iesbulyana\/files\/2017\/01\/Dia_Paz4_2017-160x160.jpg 160w\" sizes=\"(max-width: 150px) 100vw, 150px\" \/><\/a>\n\t\t\t<\/dt><\/dl><br style=\"clear: both\" \/><dl class='gallery-item'>\n\t\t\t<dt class='gallery-icon landscape'>\n\t\t\t\t<a href='https:\/\/blogsaverroes.juntadeandalucia.es\/iesbulyana\/?attachment_id=4410'><img loading=\"lazy\" decoding=\"async\" width=\"150\" height=\"150\" src=\"https:\/\/blogsaverroes.juntadeandalucia.es\/iesbulyana\/files\/2017\/02\/Dia_Paz5_2017-150x150.jpg\" class=\"attachment-thumbnail size-thumbnail\" alt=\"\" srcset=\"https:\/\/blogsaverroes.juntadeandalucia.es\/iesbulyana\/files\/2017\/02\/Dia_Paz5_2017-150x150.jpg 150w, https:\/\/blogsaverroes.juntadeandalucia.es\/iesbulyana\/files\/2017\/02\/Dia_Paz5_2017-100x100.jpg 100w, https:\/\/blogsaverroes.juntadeandalucia.es\/iesbulyana\/files\/2017\/02\/Dia_Paz5_2017-160x160.jpg 160w\" sizes=\"(max-width: 150px) 100vw, 150px\" \/><\/a>\n\t\t\t<\/dt><\/dl><dl class='gallery-item'>\n\t\t\t<dt class='gallery-icon landscape'>\n\t\t\t\t<a href='https:\/\/blogsaverroes.juntadeandalucia.es\/iesbulyana\/?attachment_id=4412'><img loading=\"lazy\" decoding=\"async\" width=\"150\" height=\"150\" src=\"https:\/\/blogsaverroes.juntadeandalucia.es\/iesbulyana\/files\/2017\/02\/Dia_Paz7_2017-150x150.jpg\" class=\"attachment-thumbnail size-thumbnail\" alt=\"\" srcset=\"https:\/\/blogsaverroes.juntadeandalucia.es\/iesbulyana\/files\/2017\/02\/Dia_Paz7_2017-150x150.jpg 150w, https:\/\/blogsaverroes.juntadeandalucia.es\/iesbulyana\/files\/2017\/02\/Dia_Paz7_2017-100x100.jpg 100w, https:\/\/blogsaverroes.juntadeandalucia.es\/iesbulyana\/files\/2017\/02\/Dia_Paz7_2017-160x160.jpg 160w\" sizes=\"(max-width: 150px) 100vw, 150px\" \/><\/a>\n\t\t\t<\/dt><\/dl><dl class='gallery-item'>\n\t\t\t<dt class='gallery-icon landscape'>\n\t\t\t\t<a href='https:\/\/blogsaverroes.juntadeandalucia.es\/iesbulyana\/?attachment_id=4403'><img loading=\"lazy\" decoding=\"async\" width=\"150\" height=\"150\" src=\"https:\/\/blogsaverroes.juntadeandalucia.es\/iesbulyana\/files\/2017\/01\/Dia_Paz_2017-150x150.jpg\" class=\"attachment-thumbnail size-thumbnail\" alt=\"\" srcset=\"https:\/\/blogsaverroes.juntadeandalucia.es\/iesbulyana\/files\/2017\/01\/Dia_Paz_2017-150x150.jpg 150w, https:\/\/blogsaverroes.juntadeandalucia.es\/iesbulyana\/files\/2017\/01\/Dia_Paz_2017-100x100.jpg 100w, https:\/\/blogsaverroes.juntadeandalucia.es\/iesbulyana\/files\/2017\/01\/Dia_Paz_2017-160x160.jpg 160w\" sizes=\"(max-width: 150px) 100vw, 150px\" \/><\/a>\n\t\t\t<\/dt><\/dl><br style=\"clear: both\" \/><dl class='gallery-item'>\n\t\t\t<dt class='gallery-icon landscape'>\n\t\t\t\t<a href='https:\/\/blogsaverroes.juntadeandalucia.es\/iesbulyana\/?attachment_id=4405'><img loading=\"lazy\" decoding=\"async\" width=\"150\" height=\"150\" src=\"https:\/\/blogsaverroes.juntadeandalucia.es\/iesbulyana\/files\/2017\/01\/Dia_Paz3_2017-150x150.jpg\" class=\"attachment-thumbnail size-thumbnail\" alt=\"\" srcset=\"https:\/\/blogsaverroes.juntadeandalucia.es\/iesbulyana\/files\/2017\/01\/Dia_Paz3_2017-150x150.jpg 150w, https:\/\/blogsaverroes.juntadeandalucia.es\/iesbulyana\/files\/2017\/01\/Dia_Paz3_2017-100x100.jpg 100w, https:\/\/blogsaverroes.juntadeandalucia.es\/iesbulyana\/files\/2017\/01\/Dia_Paz3_2017-160x160.jpg 160w\" sizes=\"(max-width: 150px) 100vw, 150px\" \/><\/a>\n\t\t\t<\/dt><\/dl>\n\t\t\t<br style='clear: both' \/>\n\t\t<\/div>\n\n<p>&nbsp;<\/p>\n","protected":false},"excerpt":{"rendered":"<p>Esta ma\u00f1ana se ha conmemorado el D\u00eda de la Paz en el IES Bulyana con la lectura de un poema, y una suelta de palomas simb\u00f3lica. Manifiesto En defensa del cardo y de la ortiga, en defensa del burro y su rebuzno y de su condici\u00f3n intrascendente, a favor de los bosques y su antiguo &hellip; <\/p>\n<p><a class=\"more-link btn\" href=\"https:\/\/blogsaverroes.juntadeandalucia.es\/iesbulyana\/?p=4401\">Seguir leyendo<\/a><\/p>\n","protected":false},"author":2220,"featured_media":4406,"comment_status":"open","ping_status":"open","sticky":false,"template":"","format":"standard","meta":{"_exactmetrics_skip_tracking":false,"_exactmetrics_sitenote_active":false,"_exactmetrics_sitenote_note":"","_exactmetrics_sitenote_category":0,"ngg_post_thumbnail":0,"footnotes":""},"categories":[5991,526],"tags":[],"aioseo_notices":[],"_links":{"self":[{"href":"https:\/\/blogsaverroes.juntadeandalucia.es\/iesbulyana\/index.php?rest_route=\/wp\/v2\/posts\/4401"}],"collection":[{"href":"https:\/\/blogsaverroes.juntadeandalucia.es\/iesbulyana\/index.php?rest_route=\/wp\/v2\/posts"}],"about":[{"href":"https:\/\/blogsaverroes.juntadeandalucia.es\/iesbulyana\/index.php?rest_route=\/wp\/v2\/types\/post"}],"author":[{"embeddable":true,"href":"https:\/\/blogsaverroes.juntadeandalucia.es\/iesbulyana\/index.php?rest_route=\/wp\/v2\/users\/2220"}],"replies":[{"embeddable":true,"href":"https:\/\/blogsaverroes.juntadeandalucia.es\/iesbulyana\/index.php?rest_route=%2Fwp%2Fv2%2Fcomments&post=4401"}],"version-history":[{"count":6,"href":"https:\/\/blogsaverroes.juntadeandalucia.es\/iesbulyana\/index.php?rest_route=\/wp\/v2\/posts\/4401\/revisions"}],"predecessor-version":[{"id":4415,"href":"https:\/\/blogsaverroes.juntadeandalucia.es\/iesbulyana\/index.php?rest_route=\/wp\/v2\/posts\/4401\/revisions\/4415"}],"wp:featuredmedia":[{"embeddable":true,"href":"https:\/\/blogsaverroes.juntadeandalucia.es\/iesbulyana\/index.php?rest_route=\/wp\/v2\/media\/4406"}],"wp:attachment":[{"href":"https:\/\/blogsaverroes.juntadeandalucia.es\/iesbulyana\/index.php?rest_route=%2Fwp%2Fv2%2Fmedia&parent=4401"}],"wp:term":[{"taxonomy":"category","embeddable":true,"href":"https:\/\/blogsaverroes.juntadeandalucia.es\/iesbulyana\/index.php?rest_route=%2Fwp%2Fv2%2Fcategories&post=4401"},{"taxonomy":"post_tag","embeddable":true,"href":"https:\/\/blogsaverroes.juntadeandalucia.es\/iesbulyana\/index.php?rest_route=%2Fwp%2Fv2%2Ftags&post=4401"}],"curies":[{"name":"wp","href":"https:\/\/api.w.org\/{rel}","templated":true}]}}