{"id":4682,"date":"2017-06-09T09:28:35","date_gmt":"2017-06-09T07:28:35","guid":{"rendered":"http:\/\/blogsaverroes.juntadeandalucia.es\/iesbulyana\/?p=4682"},"modified":"2017-06-09T09:28:35","modified_gmt":"2017-06-09T07:28:35","slug":"visita-al-alfar-romano-de-cartuja","status":"publish","type":"post","link":"https:\/\/blogsaverroes.juntadeandalucia.es\/iesbulyana\/?p=4682","title":{"rendered":"Visita al Alfar romano de Cartuja"},"content":{"rendered":"<p>El pasado viernes d\u00eda 2 de mayo, el alumnado de 1\u00ba de ESO de nuestro centro visit\u00f3 el yacimiento arqueol\u00f3gico del Alfar romano del campus universitario de La Cartuja, donde tuvo la oportunidad de aprender c\u00f3mo se puede conocer la historia antigua de nuestra tierra a trav\u00e9s de la arqueolog\u00eda y realizar un peque\u00f1o taller de alfarer\u00eda.<br \/>\nTambi\u00e9n se visit\u00f3 el Colegio M\u00e1ximo, sede actual de las facultades de Documentaci\u00f3n y Biblioteconom\u00eda y de Odontolog\u00eda. All\u00ed se realiz\u00f3 un taller de patrones y simetr\u00eda partiendo de las&nbsp; cer\u00e1micas que decoran la capilla del edificio.<br \/>\nFue una bonita actividad que brind\u00f3 la posibilidad de conocer nuestro patrimonio cultural y valorar su importancia.<\/p>\n\n\t\t<style type=\"text\/css\">\n\t\t\t#gallery-1 {\n\t\t\t\tmargin: auto;\n\t\t\t}\n\t\t\t#gallery-1 .gallery-item {\n\t\t\t\tfloat: left;\n\t\t\t\tmargin-top: 10px;\n\t\t\t\ttext-align: center;\n\t\t\t\twidth: 50%;\n\t\t\t}\n\t\t\t#gallery-1 img {\n\t\t\t\tborder: 2px solid #cfcfcf;\n\t\t\t}\n\t\t\t#gallery-1 .gallery-caption {\n\t\t\t\tmargin-left: 0;\n\t\t\t}\n\t\t\t\/* see gallery_shortcode() in wp-includes\/media.php *\/\n\t\t<\/style>\n\t\t<div id='gallery-1' class='gallery galleryid-4682 gallery-columns-2 gallery-size-medium'><dl class='gallery-item'>\n\t\t\t<dt class='gallery-icon landscape'>\n\t\t\t\t<a href='https:\/\/blogsaverroes.juntadeandalucia.es\/iesbulyana\/?attachment_id=4683'><img loading=\"lazy\" decoding=\"async\" width=\"300\" height=\"300\" src=\"https:\/\/blogsaverroes.juntadeandalucia.es\/iesbulyana\/files\/2017\/06\/Alfar-300x300.jpg\" class=\"attachment-medium size-medium\" alt=\"\" srcset=\"https:\/\/blogsaverroes.juntadeandalucia.es\/iesbulyana\/files\/2017\/06\/Alfar-300x300.jpg 300w, https:\/\/blogsaverroes.juntadeandalucia.es\/iesbulyana\/files\/2017\/06\/Alfar-150x150.jpg 150w, https:\/\/blogsaverroes.juntadeandalucia.es\/iesbulyana\/files\/2017\/06\/Alfar-768x768.jpg 768w, https:\/\/blogsaverroes.juntadeandalucia.es\/iesbulyana\/files\/2017\/06\/Alfar-1024x1024.jpg 1024w, https:\/\/blogsaverroes.juntadeandalucia.es\/iesbulyana\/files\/2017\/06\/Alfar-100x100.jpg 100w, https:\/\/blogsaverroes.juntadeandalucia.es\/iesbulyana\/files\/2017\/06\/Alfar-160x160.jpg 160w, https:\/\/blogsaverroes.juntadeandalucia.es\/iesbulyana\/files\/2017\/06\/Alfar-24x24.jpg 24w, https:\/\/blogsaverroes.juntadeandalucia.es\/iesbulyana\/files\/2017\/06\/Alfar-36x36.jpg 36w, https:\/\/blogsaverroes.juntadeandalucia.es\/iesbulyana\/files\/2017\/06\/Alfar-48x48.jpg 48w, https:\/\/blogsaverroes.juntadeandalucia.es\/iesbulyana\/files\/2017\/06\/Alfar.jpg 1600w\" sizes=\"(max-width: 300px) 100vw, 300px\" \/><\/a>\n\t\t\t<\/dt><\/dl><dl class='gallery-item'>\n\t\t\t<dt class='gallery-icon portrait'>\n\t\t\t\t<a href='https:\/\/blogsaverroes.juntadeandalucia.es\/iesbulyana\/?attachment_id=4684'><img loading=\"lazy\" decoding=\"async\" width=\"225\" height=\"300\" src=\"https:\/\/blogsaverroes.juntadeandalucia.es\/iesbulyana\/files\/2017\/06\/Alfar2-225x300.jpg\" class=\"attachment-medium size-medium\" alt=\"\" srcset=\"https:\/\/blogsaverroes.juntadeandalucia.es\/iesbulyana\/files\/2017\/06\/Alfar2-225x300.jpg 225w, https:\/\/blogsaverroes.juntadeandalucia.es\/iesbulyana\/files\/2017\/06\/Alfar2-768x1024.jpg 768w, https:\/\/blogsaverroes.juntadeandalucia.es\/iesbulyana\/files\/2017\/06\/Alfar2-18x24.jpg 18w, https:\/\/blogsaverroes.juntadeandalucia.es\/iesbulyana\/files\/2017\/06\/Alfar2-27x36.jpg 27w, https:\/\/blogsaverroes.juntadeandalucia.es\/iesbulyana\/files\/2017\/06\/Alfar2-36x48.jpg 36w, https:\/\/blogsaverroes.juntadeandalucia.es\/iesbulyana\/files\/2017\/06\/Alfar2.jpg 1200w\" sizes=\"(max-width: 225px) 100vw, 225px\" \/><\/a>\n\t\t\t<\/dt><\/dl><br style=\"clear: both\" \/>\n\t\t<\/div>\n\n","protected":false},"excerpt":{"rendered":"<p>El pasado viernes d\u00eda 2 de mayo, el alumnado de 1\u00ba de ESO de nuestro centro visit\u00f3 el yacimiento arqueol\u00f3gico del Alfar romano del campus universitario de La Cartuja, donde tuvo la oportunidad de aprender c\u00f3mo se puede conocer la historia antigua de nuestra tierra a trav\u00e9s de la arqueolog\u00eda y realizar un peque\u00f1o taller &hellip; <\/p>\n<p><a class=\"more-link btn\" href=\"https:\/\/blogsaverroes.juntadeandalucia.es\/iesbulyana\/?p=4682\">Seguir leyendo<\/a><\/p>\n","protected":false},"author":2220,"featured_media":4683,"comment_status":"open","ping_status":"open","sticky":false,"template":"","format":"standard","meta":{"_exactmetrics_skip_tracking":false,"_exactmetrics_sitenote_active":false,"_exactmetrics_sitenote_note":"","_exactmetrics_sitenote_category":0,"ngg_post_thumbnail":0,"footnotes":""},"categories":[5991,3774,25503,526],"tags":[],"aioseo_notices":[],"_links":{"self":[{"href":"https:\/\/blogsaverroes.juntadeandalucia.es\/iesbulyana\/index.php?rest_route=\/wp\/v2\/posts\/4682"}],"collection":[{"href":"https:\/\/blogsaverroes.juntadeandalucia.es\/iesbulyana\/index.php?rest_route=\/wp\/v2\/posts"}],"about":[{"href":"https:\/\/blogsaverroes.juntadeandalucia.es\/iesbulyana\/index.php?rest_route=\/wp\/v2\/types\/post"}],"author":[{"embeddable":true,"href":"https:\/\/blogsaverroes.juntadeandalucia.es\/iesbulyana\/index.php?rest_route=\/wp\/v2\/users\/2220"}],"replies":[{"embeddable":true,"href":"https:\/\/blogsaverroes.juntadeandalucia.es\/iesbulyana\/index.php?rest_route=%2Fwp%2Fv2%2Fcomments&post=4682"}],"version-history":[{"count":1,"href":"https:\/\/blogsaverroes.juntadeandalucia.es\/iesbulyana\/index.php?rest_route=\/wp\/v2\/posts\/4682\/revisions"}],"predecessor-version":[{"id":4685,"href":"https:\/\/blogsaverroes.juntadeandalucia.es\/iesbulyana\/index.php?rest_route=\/wp\/v2\/posts\/4682\/revisions\/4685"}],"wp:featuredmedia":[{"embeddable":true,"href":"https:\/\/blogsaverroes.juntadeandalucia.es\/iesbulyana\/index.php?rest_route=\/wp\/v2\/media\/4683"}],"wp:attachment":[{"href":"https:\/\/blogsaverroes.juntadeandalucia.es\/iesbulyana\/index.php?rest_route=%2Fwp%2Fv2%2Fmedia&parent=4682"}],"wp:term":[{"taxonomy":"category","embeddable":true,"href":"https:\/\/blogsaverroes.juntadeandalucia.es\/iesbulyana\/index.php?rest_route=%2Fwp%2Fv2%2Fcategories&post=4682"},{"taxonomy":"post_tag","embeddable":true,"href":"https:\/\/blogsaverroes.juntadeandalucia.es\/iesbulyana\/index.php?rest_route=%2Fwp%2Fv2%2Ftags&post=4682"}],"curies":[{"name":"wp","href":"https:\/\/api.w.org\/{rel}","templated":true}]}}