{"id":5136,"date":"2019-02-22T13:08:35","date_gmt":"2019-02-22T12:08:35","guid":{"rendered":"https:\/\/blogsaverroes.juntadeandalucia.es\/iesbulyana\/?p=5136"},"modified":"2019-04-22T13:30:48","modified_gmt":"2019-04-22T11:30:48","slug":"resultados-concurso-de-fotografia-matematica-2019","status":"publish","type":"post","link":"https:\/\/blogsaverroes.juntadeandalucia.es\/iesbulyana\/?p=5136","title":{"rendered":"Resultados Concurso de Fotograf\u00eda Matem\u00e1tica 2019"},"content":{"rendered":"<p>La edici\u00f3n de este a\u00f1o del Concurso de Fotograf\u00eda Matem\u00e1tica estaba dedicado al tri\u00e1ngulo.<\/p>\n<h2>Ganadores<\/h2>\n<p>De entre las fotograf\u00edas presentadas por los alumnos las finalistas han sido:<\/p>\n\n\t\t<style type=\"text\/css\">\n\t\t\t#gallery-1 {\n\t\t\t\tmargin: auto;\n\t\t\t}\n\t\t\t#gallery-1 .gallery-item {\n\t\t\t\tfloat: left;\n\t\t\t\tmargin-top: 10px;\n\t\t\t\ttext-align: center;\n\t\t\t\twidth: 33%;\n\t\t\t}\n\t\t\t#gallery-1 img {\n\t\t\t\tborder: 2px solid #cfcfcf;\n\t\t\t}\n\t\t\t#gallery-1 .gallery-caption {\n\t\t\t\tmargin-left: 0;\n\t\t\t}\n\t\t\t\/* see gallery_shortcode() in wp-includes\/media.php *\/\n\t\t<\/style>\n\t\t<div id='gallery-1' class='gallery galleryid-5136 gallery-columns-3 gallery-size-thumbnail'><dl class='gallery-item'>\n\t\t\t<dt class='gallery-icon landscape'>\n\t\t\t\t<a href='https:\/\/blogsaverroes.juntadeandalucia.es\/iesbulyana\/files\/2019\/04\/Concurso_Foto_Mat_2019_1.jpg'><img loading=\"lazy\" decoding=\"async\" width=\"150\" height=\"150\" src=\"https:\/\/blogsaverroes.juntadeandalucia.es\/iesbulyana\/files\/2019\/04\/Concurso_Foto_Mat_2019_1-150x150.jpg\" class=\"attachment-thumbnail size-thumbnail\" alt=\"\" srcset=\"https:\/\/blogsaverroes.juntadeandalucia.es\/iesbulyana\/files\/2019\/04\/Concurso_Foto_Mat_2019_1-150x150.jpg 150w, https:\/\/blogsaverroes.juntadeandalucia.es\/iesbulyana\/files\/2019\/04\/Concurso_Foto_Mat_2019_1-100x100.jpg 100w, https:\/\/blogsaverroes.juntadeandalucia.es\/iesbulyana\/files\/2019\/04\/Concurso_Foto_Mat_2019_1-160x160.jpg 160w, https:\/\/blogsaverroes.juntadeandalucia.es\/iesbulyana\/files\/2019\/04\/Concurso_Foto_Mat_2019_1-320x320.jpg 320w\" sizes=\"(max-width: 150px) 100vw, 150px\" \/><\/a>\n\t\t\t<\/dt><\/dl><dl class='gallery-item'>\n\t\t\t<dt class='gallery-icon landscape'>\n\t\t\t\t<a href='https:\/\/blogsaverroes.juntadeandalucia.es\/iesbulyana\/files\/2019\/04\/Concurso_Foto_Mat_2019_2.jpg'><img loading=\"lazy\" decoding=\"async\" width=\"150\" height=\"150\" src=\"https:\/\/blogsaverroes.juntadeandalucia.es\/iesbulyana\/files\/2019\/04\/Concurso_Foto_Mat_2019_2-150x150.jpg\" class=\"attachment-thumbnail size-thumbnail\" alt=\"\" srcset=\"https:\/\/blogsaverroes.juntadeandalucia.es\/iesbulyana\/files\/2019\/04\/Concurso_Foto_Mat_2019_2-150x150.jpg 150w, https:\/\/blogsaverroes.juntadeandalucia.es\/iesbulyana\/files\/2019\/04\/Concurso_Foto_Mat_2019_2-100x100.jpg 100w, https:\/\/blogsaverroes.juntadeandalucia.es\/iesbulyana\/files\/2019\/04\/Concurso_Foto_Mat_2019_2-160x160.jpg 160w, https:\/\/blogsaverroes.juntadeandalucia.es\/iesbulyana\/files\/2019\/04\/Concurso_Foto_Mat_2019_2-320x320.jpg 320w\" sizes=\"(max-width: 150px) 100vw, 150px\" \/><\/a>\n\t\t\t<\/dt><\/dl><dl class='gallery-item'>\n\t\t\t<dt class='gallery-icon landscape'>\n\t\t\t\t<a href='https:\/\/blogsaverroes.juntadeandalucia.es\/iesbulyana\/files\/2019\/04\/Concurso_Foto_Mat_2019_3.jpg'><img loading=\"lazy\" decoding=\"async\" width=\"150\" height=\"150\" src=\"https:\/\/blogsaverroes.juntadeandalucia.es\/iesbulyana\/files\/2019\/04\/Concurso_Foto_Mat_2019_3-150x150.jpg\" class=\"attachment-thumbnail size-thumbnail\" alt=\"\" srcset=\"https:\/\/blogsaverroes.juntadeandalucia.es\/iesbulyana\/files\/2019\/04\/Concurso_Foto_Mat_2019_3-150x150.jpg 150w, https:\/\/blogsaverroes.juntadeandalucia.es\/iesbulyana\/files\/2019\/04\/Concurso_Foto_Mat_2019_3-100x100.jpg 100w, https:\/\/blogsaverroes.juntadeandalucia.es\/iesbulyana\/files\/2019\/04\/Concurso_Foto_Mat_2019_3-160x160.jpg 160w, https:\/\/blogsaverroes.juntadeandalucia.es\/iesbulyana\/files\/2019\/04\/Concurso_Foto_Mat_2019_3-320x320.jpg 320w\" sizes=\"(max-width: 150px) 100vw, 150px\" \/><\/a>\n\t\t\t<\/dt><\/dl><br style=\"clear: both\" \/><dl class='gallery-item'>\n\t\t\t<dt class='gallery-icon portrait'>\n\t\t\t\t<a href='https:\/\/blogsaverroes.juntadeandalucia.es\/iesbulyana\/files\/2019\/04\/Concurso_Foto_Mat_2019_4.jpg'><img loading=\"lazy\" decoding=\"async\" width=\"150\" height=\"150\" src=\"https:\/\/blogsaverroes.juntadeandalucia.es\/iesbulyana\/files\/2019\/04\/Concurso_Foto_Mat_2019_4-150x150.jpg\" class=\"attachment-thumbnail size-thumbnail\" alt=\"\" srcset=\"https:\/\/blogsaverroes.juntadeandalucia.es\/iesbulyana\/files\/2019\/04\/Concurso_Foto_Mat_2019_4-150x150.jpg 150w, https:\/\/blogsaverroes.juntadeandalucia.es\/iesbulyana\/files\/2019\/04\/Concurso_Foto_Mat_2019_4-100x100.jpg 100w, https:\/\/blogsaverroes.juntadeandalucia.es\/iesbulyana\/files\/2019\/04\/Concurso_Foto_Mat_2019_4-160x160.jpg 160w, https:\/\/blogsaverroes.juntadeandalucia.es\/iesbulyana\/files\/2019\/04\/Concurso_Foto_Mat_2019_4-320x320.jpg 320w\" sizes=\"(max-width: 150px) 100vw, 150px\" \/><\/a>\n\t\t\t<\/dt><\/dl><dl class='gallery-item'>\n\t\t\t<dt class='gallery-icon portrait'>\n\t\t\t\t<a href='https:\/\/blogsaverroes.juntadeandalucia.es\/iesbulyana\/files\/2019\/04\/Concurso_Foto_Mat_2019_5.jpg'><img loading=\"lazy\" decoding=\"async\" width=\"150\" height=\"150\" src=\"https:\/\/blogsaverroes.juntadeandalucia.es\/iesbulyana\/files\/2019\/04\/Concurso_Foto_Mat_2019_5-150x150.jpg\" class=\"attachment-thumbnail size-thumbnail\" alt=\"\" aria-describedby=\"gallery-1-5141\" srcset=\"https:\/\/blogsaverroes.juntadeandalucia.es\/iesbulyana\/files\/2019\/04\/Concurso_Foto_Mat_2019_5-150x150.jpg 150w, https:\/\/blogsaverroes.juntadeandalucia.es\/iesbulyana\/files\/2019\/04\/Concurso_Foto_Mat_2019_5-100x100.jpg 100w, https:\/\/blogsaverroes.juntadeandalucia.es\/iesbulyana\/files\/2019\/04\/Concurso_Foto_Mat_2019_5-160x160.jpg 160w, https:\/\/blogsaverroes.juntadeandalucia.es\/iesbulyana\/files\/2019\/04\/Concurso_Foto_Mat_2019_5-320x320.jpg 320w\" sizes=\"(max-width: 150px) 100vw, 150px\" \/><\/a>\n\t\t\t<\/dt>\n\t\t\t\t<dd class='wp-caption-text gallery-caption' id='gallery-1-5141'>\n\t\t\t\tSegundo Premio ESO &#8211; Julia Garrido 1\u00baESO\n\t\t\t\t<\/dd><\/dl><dl class='gallery-item'>\n\t\t\t<dt class='gallery-icon landscape'>\n\t\t\t\t<a href='https:\/\/blogsaverroes.juntadeandalucia.es\/iesbulyana\/files\/2019\/04\/Concurso_Foto_Mat_2019_6.jpg'><img loading=\"lazy\" decoding=\"async\" width=\"150\" height=\"150\" src=\"https:\/\/blogsaverroes.juntadeandalucia.es\/iesbulyana\/files\/2019\/04\/Concurso_Foto_Mat_2019_6-150x150.jpg\" class=\"attachment-thumbnail size-thumbnail\" alt=\"\" srcset=\"https:\/\/blogsaverroes.juntadeandalucia.es\/iesbulyana\/files\/2019\/04\/Concurso_Foto_Mat_2019_6-150x150.jpg 150w, https:\/\/blogsaverroes.juntadeandalucia.es\/iesbulyana\/files\/2019\/04\/Concurso_Foto_Mat_2019_6-100x100.jpg 100w, https:\/\/blogsaverroes.juntadeandalucia.es\/iesbulyana\/files\/2019\/04\/Concurso_Foto_Mat_2019_6-160x160.jpg 160w, https:\/\/blogsaverroes.juntadeandalucia.es\/iesbulyana\/files\/2019\/04\/Concurso_Foto_Mat_2019_6-320x320.jpg 320w\" sizes=\"(max-width: 150px) 100vw, 150px\" \/><\/a>\n\t\t\t<\/dt><\/dl><br style=\"clear: both\" \/><dl class='gallery-item'>\n\t\t\t<dt class='gallery-icon portrait'>\n\t\t\t\t<a href='https:\/\/blogsaverroes.juntadeandalucia.es\/iesbulyana\/files\/2019\/04\/Concurso_Foto_Mat_2019_7.jpg'><img loading=\"lazy\" decoding=\"async\" width=\"150\" height=\"150\" src=\"https:\/\/blogsaverroes.juntadeandalucia.es\/iesbulyana\/files\/2019\/04\/Concurso_Foto_Mat_2019_7-150x150.jpg\" class=\"attachment-thumbnail size-thumbnail\" alt=\"\" srcset=\"https:\/\/blogsaverroes.juntadeandalucia.es\/iesbulyana\/files\/2019\/04\/Concurso_Foto_Mat_2019_7-150x150.jpg 150w, https:\/\/blogsaverroes.juntadeandalucia.es\/iesbulyana\/files\/2019\/04\/Concurso_Foto_Mat_2019_7-100x100.jpg 100w, https:\/\/blogsaverroes.juntadeandalucia.es\/iesbulyana\/files\/2019\/04\/Concurso_Foto_Mat_2019_7-160x160.jpg 160w, https:\/\/blogsaverroes.juntadeandalucia.es\/iesbulyana\/files\/2019\/04\/Concurso_Foto_Mat_2019_7-320x320.jpg 320w\" sizes=\"(max-width: 150px) 100vw, 150px\" \/><\/a>\n\t\t\t<\/dt><\/dl><dl class='gallery-item'>\n\t\t\t<dt class='gallery-icon portrait'>\n\t\t\t\t<a href='https:\/\/blogsaverroes.juntadeandalucia.es\/iesbulyana\/files\/2019\/04\/Concurso_Foto_Mat_2019_8.jpg'><img loading=\"lazy\" decoding=\"async\" width=\"150\" height=\"150\" src=\"https:\/\/blogsaverroes.juntadeandalucia.es\/iesbulyana\/files\/2019\/04\/Concurso_Foto_Mat_2019_8-150x150.jpg\" class=\"attachment-thumbnail size-thumbnail\" alt=\"\" srcset=\"https:\/\/blogsaverroes.juntadeandalucia.es\/iesbulyana\/files\/2019\/04\/Concurso_Foto_Mat_2019_8-150x150.jpg 150w, https:\/\/blogsaverroes.juntadeandalucia.es\/iesbulyana\/files\/2019\/04\/Concurso_Foto_Mat_2019_8-100x100.jpg 100w, https:\/\/blogsaverroes.juntadeandalucia.es\/iesbulyana\/files\/2019\/04\/Concurso_Foto_Mat_2019_8-160x160.jpg 160w, https:\/\/blogsaverroes.juntadeandalucia.es\/iesbulyana\/files\/2019\/04\/Concurso_Foto_Mat_2019_8-320x320.jpg 320w\" sizes=\"(max-width: 150px) 100vw, 150px\" \/><\/a>\n\t\t\t<\/dt><\/dl><dl class='gallery-item'>\n\t\t\t<dt class='gallery-icon portrait'>\n\t\t\t\t<a href='https:\/\/blogsaverroes.juntadeandalucia.es\/iesbulyana\/files\/2019\/04\/Concurso_Foto_Mat_2019_9.jpg'><img loading=\"lazy\" decoding=\"async\" width=\"150\" height=\"150\" src=\"https:\/\/blogsaverroes.juntadeandalucia.es\/iesbulyana\/files\/2019\/04\/Concurso_Foto_Mat_2019_9-150x150.jpg\" class=\"attachment-thumbnail size-thumbnail\" alt=\"\" aria-describedby=\"gallery-1-5145\" srcset=\"https:\/\/blogsaverroes.juntadeandalucia.es\/iesbulyana\/files\/2019\/04\/Concurso_Foto_Mat_2019_9-150x150.jpg 150w, https:\/\/blogsaverroes.juntadeandalucia.es\/iesbulyana\/files\/2019\/04\/Concurso_Foto_Mat_2019_9-100x100.jpg 100w, https:\/\/blogsaverroes.juntadeandalucia.es\/iesbulyana\/files\/2019\/04\/Concurso_Foto_Mat_2019_9-160x160.jpg 160w, https:\/\/blogsaverroes.juntadeandalucia.es\/iesbulyana\/files\/2019\/04\/Concurso_Foto_Mat_2019_9-320x320.jpg 320w\" sizes=\"(max-width: 150px) 100vw, 150px\" \/><\/a>\n\t\t\t<\/dt>\n\t\t\t\t<dd class='wp-caption-text gallery-caption' id='gallery-1-5145'>\n\t\t\t\tPrimer Premio Primaria &#8211; Nerea y Noa\n\t\t\t\t<\/dd><\/dl><br style=\"clear: both\" \/><dl class='gallery-item'>\n\t\t\t<dt class='gallery-icon landscape'>\n\t\t\t\t<a href='https:\/\/blogsaverroes.juntadeandalucia.es\/iesbulyana\/files\/2019\/04\/Concurso_Foto_Mat_2019_10.jpg'><img loading=\"lazy\" decoding=\"async\" width=\"150\" height=\"150\" src=\"https:\/\/blogsaverroes.juntadeandalucia.es\/iesbulyana\/files\/2019\/04\/Concurso_Foto_Mat_2019_10-150x150.jpg\" class=\"attachment-thumbnail size-thumbnail\" alt=\"\" srcset=\"https:\/\/blogsaverroes.juntadeandalucia.es\/iesbulyana\/files\/2019\/04\/Concurso_Foto_Mat_2019_10-150x150.jpg 150w, https:\/\/blogsaverroes.juntadeandalucia.es\/iesbulyana\/files\/2019\/04\/Concurso_Foto_Mat_2019_10-100x100.jpg 100w, https:\/\/blogsaverroes.juntadeandalucia.es\/iesbulyana\/files\/2019\/04\/Concurso_Foto_Mat_2019_10-160x160.jpg 160w, https:\/\/blogsaverroes.juntadeandalucia.es\/iesbulyana\/files\/2019\/04\/Concurso_Foto_Mat_2019_10-320x320.jpg 320w\" sizes=\"(max-width: 150px) 100vw, 150px\" \/><\/a>\n\t\t\t<\/dt><\/dl><dl class='gallery-item'>\n\t\t\t<dt class='gallery-icon landscape'>\n\t\t\t\t<a href='https:\/\/blogsaverroes.juntadeandalucia.es\/iesbulyana\/files\/2019\/04\/Concurso_Foto_Mat_2019_12.jpg'><img loading=\"lazy\" decoding=\"async\" width=\"150\" height=\"150\" src=\"https:\/\/blogsaverroes.juntadeandalucia.es\/iesbulyana\/files\/2019\/04\/Concurso_Foto_Mat_2019_12-150x150.jpg\" class=\"attachment-thumbnail size-thumbnail\" alt=\"\" aria-describedby=\"gallery-1-5148\" srcset=\"https:\/\/blogsaverroes.juntadeandalucia.es\/iesbulyana\/files\/2019\/04\/Concurso_Foto_Mat_2019_12-150x150.jpg 150w, https:\/\/blogsaverroes.juntadeandalucia.es\/iesbulyana\/files\/2019\/04\/Concurso_Foto_Mat_2019_12-100x100.jpg 100w, https:\/\/blogsaverroes.juntadeandalucia.es\/iesbulyana\/files\/2019\/04\/Concurso_Foto_Mat_2019_12-160x160.jpg 160w, https:\/\/blogsaverroes.juntadeandalucia.es\/iesbulyana\/files\/2019\/04\/Concurso_Foto_Mat_2019_12-320x320.jpg 320w\" sizes=\"(max-width: 150px) 100vw, 150px\" \/><\/a>\n\t\t\t<\/dt>\n\t\t\t\t<dd class='wp-caption-text gallery-caption' id='gallery-1-5148'>\n\t\t\t\tPrimer Premio ESO &#8211; Paola Heredia 3\u00baESO\n\t\t\t\t<\/dd><\/dl><dl class='gallery-item'>\n\t\t\t<dt class='gallery-icon landscape'>\n\t\t\t\t<a href='https:\/\/blogsaverroes.juntadeandalucia.es\/iesbulyana\/files\/2019\/04\/Concurso_Foto_Mat_2019_13.jpg'><img loading=\"lazy\" decoding=\"async\" width=\"150\" height=\"150\" src=\"https:\/\/blogsaverroes.juntadeandalucia.es\/iesbulyana\/files\/2019\/04\/Concurso_Foto_Mat_2019_13-150x150.jpg\" class=\"attachment-thumbnail size-thumbnail\" alt=\"\" srcset=\"https:\/\/blogsaverroes.juntadeandalucia.es\/iesbulyana\/files\/2019\/04\/Concurso_Foto_Mat_2019_13-150x150.jpg 150w, https:\/\/blogsaverroes.juntadeandalucia.es\/iesbulyana\/files\/2019\/04\/Concurso_Foto_Mat_2019_13-100x100.jpg 100w, https:\/\/blogsaverroes.juntadeandalucia.es\/iesbulyana\/files\/2019\/04\/Concurso_Foto_Mat_2019_13-160x160.jpg 160w, https:\/\/blogsaverroes.juntadeandalucia.es\/iesbulyana\/files\/2019\/04\/Concurso_Foto_Mat_2019_13-320x320.jpg 320w\" sizes=\"(max-width: 150px) 100vw, 150px\" \/><\/a>\n\t\t\t<\/dt><\/dl><br style=\"clear: both\" \/><dl class='gallery-item'>\n\t\t\t<dt class='gallery-icon portrait'>\n\t\t\t\t<a href='https:\/\/blogsaverroes.juntadeandalucia.es\/iesbulyana\/files\/2019\/04\/Concurso_Foto_Mat_2019_14.jpg'><img loading=\"lazy\" decoding=\"async\" width=\"150\" height=\"150\" src=\"https:\/\/blogsaverroes.juntadeandalucia.es\/iesbulyana\/files\/2019\/04\/Concurso_Foto_Mat_2019_14-150x150.jpg\" class=\"attachment-thumbnail size-thumbnail\" alt=\"\" srcset=\"https:\/\/blogsaverroes.juntadeandalucia.es\/iesbulyana\/files\/2019\/04\/Concurso_Foto_Mat_2019_14-150x150.jpg 150w, https:\/\/blogsaverroes.juntadeandalucia.es\/iesbulyana\/files\/2019\/04\/Concurso_Foto_Mat_2019_14-100x100.jpg 100w, https:\/\/blogsaverroes.juntadeandalucia.es\/iesbulyana\/files\/2019\/04\/Concurso_Foto_Mat_2019_14-160x160.jpg 160w, https:\/\/blogsaverroes.juntadeandalucia.es\/iesbulyana\/files\/2019\/04\/Concurso_Foto_Mat_2019_14-320x320.jpg 320w\" sizes=\"(max-width: 150px) 100vw, 150px\" \/><\/a>\n\t\t\t<\/dt><\/dl>\n\t\t\t<br style='clear: both' \/>\n\t\t<\/div>\n\n","protected":false},"excerpt":{"rendered":"<p>La edici\u00f3n de este a\u00f1o del Concurso de Fotograf\u00eda Matem\u00e1tica estaba dedicado al tri\u00e1ngulo. Ganadores De entre las fotograf\u00edas presentadas por los alumnos las finalistas han sido:<\/p>\n","protected":false},"author":2220,"featured_media":5148,"comment_status":"open","ping_status":"open","sticky":false,"template":"","format":"standard","meta":{"_exactmetrics_skip_tracking":false,"_exactmetrics_sitenote_active":false,"_exactmetrics_sitenote_note":"","_exactmetrics_sitenote_category":0,"ngg_post_thumbnail":0,"footnotes":""},"categories":[5991,3774,25506,526],"tags":[],"aioseo_notices":[],"_links":{"self":[{"href":"https:\/\/blogsaverroes.juntadeandalucia.es\/iesbulyana\/index.php?rest_route=\/wp\/v2\/posts\/5136"}],"collection":[{"href":"https:\/\/blogsaverroes.juntadeandalucia.es\/iesbulyana\/index.php?rest_route=\/wp\/v2\/posts"}],"about":[{"href":"https:\/\/blogsaverroes.juntadeandalucia.es\/iesbulyana\/index.php?rest_route=\/wp\/v2\/types\/post"}],"author":[{"embeddable":true,"href":"https:\/\/blogsaverroes.juntadeandalucia.es\/iesbulyana\/index.php?rest_route=\/wp\/v2\/users\/2220"}],"replies":[{"embeddable":true,"href":"https:\/\/blogsaverroes.juntadeandalucia.es\/iesbulyana\/index.php?rest_route=%2Fwp%2Fv2%2Fcomments&post=5136"}],"version-history":[{"count":2,"href":"https:\/\/blogsaverroes.juntadeandalucia.es\/iesbulyana\/index.php?rest_route=\/wp\/v2\/posts\/5136\/revisions"}],"predecessor-version":[{"id":5152,"href":"https:\/\/blogsaverroes.juntadeandalucia.es\/iesbulyana\/index.php?rest_route=\/wp\/v2\/posts\/5136\/revisions\/5152"}],"wp:featuredmedia":[{"embeddable":true,"href":"https:\/\/blogsaverroes.juntadeandalucia.es\/iesbulyana\/index.php?rest_route=\/wp\/v2\/media\/5148"}],"wp:attachment":[{"href":"https:\/\/blogsaverroes.juntadeandalucia.es\/iesbulyana\/index.php?rest_route=%2Fwp%2Fv2%2Fmedia&parent=5136"}],"wp:term":[{"taxonomy":"category","embeddable":true,"href":"https:\/\/blogsaverroes.juntadeandalucia.es\/iesbulyana\/index.php?rest_route=%2Fwp%2Fv2%2Fcategories&post=5136"},{"taxonomy":"post_tag","embeddable":true,"href":"https:\/\/blogsaverroes.juntadeandalucia.es\/iesbulyana\/index.php?rest_route=%2Fwp%2Fv2%2Ftags&post=5136"}],"curies":[{"name":"wp","href":"https:\/\/api.w.org\/{rel}","templated":true}]}}