{"id":5191,"date":"2019-10-08T15:25:50","date_gmt":"2019-10-08T13:25:50","guid":{"rendered":"https:\/\/blogsaverroes.juntadeandalucia.es\/iesbulyana\/?p=5191"},"modified":"2019-10-17T13:16:58","modified_gmt":"2019-10-17T11:16:58","slug":"whatsapp","status":"publish","type":"post","link":"https:\/\/blogsaverroes.juntadeandalucia.es\/iesbulyana\/?p=5191","title":{"rendered":""},"content":{"rendered":"<p>Desde el Dpto. Orientaci\u00f3n se informa a los padres y madres de lo siguiente:<br \/>\n&#8211; Como wasapear en los grupos de wap: \u201clo que no se le dice a una persona en la cara no se le dice por wap\u201d. Ver otras recomendaciones en el <a href=\"https:\/\/equipotecnicoorientaciongranada.com\/2017\/01\/27\/familias-que-wasapean-en-paz\/\" target=\"_blank\" rel=\"noopener noreferrer\">enlace<\/a> o en la imagen.<br \/>\n&#8211; Art\u00edculos 155 y 145 del C\u00f3digo Civil espa\u00f1ol sobre los deberes de padres e hijos.<\/p>\n<p>Art\u00edculo 155 del C\u00f3digo Civil: \u201cLos HIJOS DEBEN OBEDECER A SUS PADRES mientras permanezcan bajo su potestad, y RESPETARLES siempre. Los hijos deben contribuir equitativamente, seg\u00fan sus posibilidades, al levantamiento de las cargas de la familia mientras convivan con ella\u201d.<\/p>\n<p>Art\u00edculo 154 : \u00abLos hijos no emancipados est\u00e1n bajo la potestad de los padres. La PATRIA PROTESTAD se ejercer\u00e1 siempre en beneficio de los hijos, de acuerdo con su personalidad, y con respeto a su integridad f\u00edsica y psicol\u00f3gica. Esta potestad comprende los siguientes DEBERES y facultades: VELAR por ellos, tenerlos en su COMPA\u00d1\u00cdA, ALIMENTARLOS, EDUCARLOS y procurarles una FORMACI\u00d3N INTEGRAL, y REPRESENTARLOS y ADMINISTRAR sus bienes\u00bb<\/p>\n<p>Tambi\u00e9n pueden consultarse en el enlace <a href=\"https:\/\/www.granadablogs.com\/juezcalatayud\/2017\/05\/el-regalo-de-comunion-era-el-articulo-155-del-codigo-civil-y-no-el-154-aunque-tambien-valdria\/\"> https:\/\/www.granadablogs.com\/juezcalatayud\/2017\/05\/el-regalo-de-comunion-era-el-articulo-155-del-codigo-civil-y-no-el-154-aunque-tambien-valdria\/<\/a><\/p>\n<p><a href=\"https:\/\/blogsaverroes.juntadeandalucia.es\/iesbulyana\/2019\/10\/08\/5191\/whatsapp\/\" rel=\"attachment wp-att-5195\"><img loading=\"lazy\" decoding=\"async\" class=\"alignnone size-large wp-image-5195\" src=\"https:\/\/blogsaverroes.juntadeandalucia.es\/iesbulyana\/files\/2019\/10\/WhatsApp-716x1024.jpeg\" alt=\"\" width=\"716\" height=\"1024\" srcset=\"https:\/\/blogsaverroes.juntadeandalucia.es\/iesbulyana\/files\/2019\/10\/WhatsApp-716x1024.jpeg 716w, https:\/\/blogsaverroes.juntadeandalucia.es\/iesbulyana\/files\/2019\/10\/WhatsApp-210x300.jpeg 210w, https:\/\/blogsaverroes.juntadeandalucia.es\/iesbulyana\/files\/2019\/10\/WhatsApp-17x24.jpeg 17w, https:\/\/blogsaverroes.juntadeandalucia.es\/iesbulyana\/files\/2019\/10\/WhatsApp-25x36.jpeg 25w, https:\/\/blogsaverroes.juntadeandalucia.es\/iesbulyana\/files\/2019\/10\/WhatsApp-34x48.jpeg 34w, https:\/\/blogsaverroes.juntadeandalucia.es\/iesbulyana\/files\/2019\/10\/WhatsApp.jpeg 750w\" sizes=\"(max-width: 716px) 100vw, 716px\" \/><\/a><\/p>\n","protected":false},"excerpt":{"rendered":"<p>Desde el Dpto. Orientaci\u00f3n se informa a los padres y madres de lo siguiente: &#8211; Como wasapear en los grupos de wap: \u201clo que no se le dice a una persona en la cara no se le dice por wap\u201d. Ver otras recomendaciones en el enlace o en la imagen. &#8211; Art\u00edculos 155 y 145 &hellip; <\/p>\n<p><a class=\"more-link btn\" href=\"https:\/\/blogsaverroes.juntadeandalucia.es\/iesbulyana\/?p=5191\">Seguir leyendo<\/a><\/p>\n","protected":false},"author":2220,"featured_media":5195,"comment_status":"open","ping_status":"open","sticky":false,"template":"","format":"standard","meta":{"_exactmetrics_skip_tracking":false,"_exactmetrics_sitenote_active":false,"_exactmetrics_sitenote_note":"","_exactmetrics_sitenote_category":0,"ngg_post_thumbnail":0,"footnotes":""},"categories":[3774,526,25510],"tags":[],"aioseo_notices":[],"_links":{"self":[{"href":"https:\/\/blogsaverroes.juntadeandalucia.es\/iesbulyana\/index.php?rest_route=\/wp\/v2\/posts\/5191"}],"collection":[{"href":"https:\/\/blogsaverroes.juntadeandalucia.es\/iesbulyana\/index.php?rest_route=\/wp\/v2\/posts"}],"about":[{"href":"https:\/\/blogsaverroes.juntadeandalucia.es\/iesbulyana\/index.php?rest_route=\/wp\/v2\/types\/post"}],"author":[{"embeddable":true,"href":"https:\/\/blogsaverroes.juntadeandalucia.es\/iesbulyana\/index.php?rest_route=\/wp\/v2\/users\/2220"}],"replies":[{"embeddable":true,"href":"https:\/\/blogsaverroes.juntadeandalucia.es\/iesbulyana\/index.php?rest_route=%2Fwp%2Fv2%2Fcomments&post=5191"}],"version-history":[{"count":4,"href":"https:\/\/blogsaverroes.juntadeandalucia.es\/iesbulyana\/index.php?rest_route=\/wp\/v2\/posts\/5191\/revisions"}],"predecessor-version":[{"id":5196,"href":"https:\/\/blogsaverroes.juntadeandalucia.es\/iesbulyana\/index.php?rest_route=\/wp\/v2\/posts\/5191\/revisions\/5196"}],"wp:featuredmedia":[{"embeddable":true,"href":"https:\/\/blogsaverroes.juntadeandalucia.es\/iesbulyana\/index.php?rest_route=\/wp\/v2\/media\/5195"}],"wp:attachment":[{"href":"https:\/\/blogsaverroes.juntadeandalucia.es\/iesbulyana\/index.php?rest_route=%2Fwp%2Fv2%2Fmedia&parent=5191"}],"wp:term":[{"taxonomy":"category","embeddable":true,"href":"https:\/\/blogsaverroes.juntadeandalucia.es\/iesbulyana\/index.php?rest_route=%2Fwp%2Fv2%2Fcategories&post=5191"},{"taxonomy":"post_tag","embeddable":true,"href":"https:\/\/blogsaverroes.juntadeandalucia.es\/iesbulyana\/index.php?rest_route=%2Fwp%2Fv2%2Ftags&post=5191"}],"curies":[{"name":"wp","href":"https:\/\/api.w.org\/{rel}","templated":true}]}}