{"id":5250,"date":"2019-10-28T14:11:48","date_gmt":"2019-10-28T13:11:48","guid":{"rendered":"https:\/\/blogsaverroes.juntadeandalucia.es\/iesbulyana\/?p=5250"},"modified":"2019-10-28T14:11:48","modified_gmt":"2019-10-28T13:11:48","slug":"preparando-halloween","status":"publish","type":"post","link":"https:\/\/blogsaverroes.juntadeandalucia.es\/iesbulyana\/?p=5250","title":{"rendered":"Preparando Halloween"},"content":{"rendered":"<p>Comenzamos la semana del terror en el instituto, decorando el hall. Se encargan de ello los alumnos y alumnas del Ciclo Formativo de Grado Medio de Actividades Comerciales.<\/p>\n<p>Cuando todo est\u00e9 listo, os lo ense\u00f1aremos para que tembl\u00e9is de miedo.<\/p>\n\n\t\t<style type=\"text\/css\">\n\t\t\t#gallery-1 {\n\t\t\t\tmargin: auto;\n\t\t\t}\n\t\t\t#gallery-1 .gallery-item {\n\t\t\t\tfloat: left;\n\t\t\t\tmargin-top: 10px;\n\t\t\t\ttext-align: center;\n\t\t\t\twidth: 33%;\n\t\t\t}\n\t\t\t#gallery-1 img {\n\t\t\t\tborder: 2px solid #cfcfcf;\n\t\t\t}\n\t\t\t#gallery-1 .gallery-caption {\n\t\t\t\tmargin-left: 0;\n\t\t\t}\n\t\t\t\/* see gallery_shortcode() in wp-includes\/media.php *\/\n\t\t<\/style>\n\t\t<div id='gallery-1' class='gallery galleryid-5250 gallery-columns-3 gallery-size-medium'><dl class='gallery-item'>\n\t\t\t<dt class='gallery-icon portrait'>\n\t\t\t\t<a href='https:\/\/blogsaverroes.juntadeandalucia.es\/iesbulyana\/?attachment_id=5251'><img loading=\"lazy\" decoding=\"async\" width=\"225\" height=\"300\" src=\"https:\/\/blogsaverroes.juntadeandalucia.es\/iesbulyana\/files\/2019\/10\/Preparacion_Halloween_1-225x300.jpg\" class=\"attachment-medium size-medium\" alt=\"\" srcset=\"https:\/\/blogsaverroes.juntadeandalucia.es\/iesbulyana\/files\/2019\/10\/Preparacion_Halloween_1-225x300.jpg 225w, https:\/\/blogsaverroes.juntadeandalucia.es\/iesbulyana\/files\/2019\/10\/Preparacion_Halloween_1-768x1024.jpg 768w, https:\/\/blogsaverroes.juntadeandalucia.es\/iesbulyana\/files\/2019\/10\/Preparacion_Halloween_1-18x24.jpg 18w, https:\/\/blogsaverroes.juntadeandalucia.es\/iesbulyana\/files\/2019\/10\/Preparacion_Halloween_1-27x36.jpg 27w, https:\/\/blogsaverroes.juntadeandalucia.es\/iesbulyana\/files\/2019\/10\/Preparacion_Halloween_1-36x48.jpg 36w, https:\/\/blogsaverroes.juntadeandalucia.es\/iesbulyana\/files\/2019\/10\/Preparacion_Halloween_1.jpg 1200w\" sizes=\"(max-width: 225px) 100vw, 225px\" \/><\/a>\n\t\t\t<\/dt><\/dl><dl class='gallery-item'>\n\t\t\t<dt class='gallery-icon landscape'>\n\t\t\t\t<a href='https:\/\/blogsaverroes.juntadeandalucia.es\/iesbulyana\/?attachment_id=5252'><img loading=\"lazy\" decoding=\"async\" width=\"300\" height=\"225\" src=\"https:\/\/blogsaverroes.juntadeandalucia.es\/iesbulyana\/files\/2019\/10\/Preparacion_Halloween_2-300x225.jpg\" class=\"attachment-medium size-medium\" alt=\"\" srcset=\"https:\/\/blogsaverroes.juntadeandalucia.es\/iesbulyana\/files\/2019\/10\/Preparacion_Halloween_2-300x225.jpg 300w, https:\/\/blogsaverroes.juntadeandalucia.es\/iesbulyana\/files\/2019\/10\/Preparacion_Halloween_2-768x576.jpg 768w, https:\/\/blogsaverroes.juntadeandalucia.es\/iesbulyana\/files\/2019\/10\/Preparacion_Halloween_2-1024x768.jpg 1024w, https:\/\/blogsaverroes.juntadeandalucia.es\/iesbulyana\/files\/2019\/10\/Preparacion_Halloween_2-24x18.jpg 24w, https:\/\/blogsaverroes.juntadeandalucia.es\/iesbulyana\/files\/2019\/10\/Preparacion_Halloween_2-36x27.jpg 36w, https:\/\/blogsaverroes.juntadeandalucia.es\/iesbulyana\/files\/2019\/10\/Preparacion_Halloween_2-48x36.jpg 48w, https:\/\/blogsaverroes.juntadeandalucia.es\/iesbulyana\/files\/2019\/10\/Preparacion_Halloween_2.jpg 1600w\" sizes=\"(max-width: 300px) 100vw, 300px\" \/><\/a>\n\t\t\t<\/dt><\/dl><dl class='gallery-item'>\n\t\t\t<dt class='gallery-icon landscape'>\n\t\t\t\t<a href='https:\/\/blogsaverroes.juntadeandalucia.es\/iesbulyana\/?attachment_id=5253'><img loading=\"lazy\" decoding=\"async\" width=\"300\" height=\"225\" src=\"https:\/\/blogsaverroes.juntadeandalucia.es\/iesbulyana\/files\/2019\/10\/Preparacion_Halloween_3-300x225.jpg\" class=\"attachment-medium size-medium\" alt=\"\" srcset=\"https:\/\/blogsaverroes.juntadeandalucia.es\/iesbulyana\/files\/2019\/10\/Preparacion_Halloween_3-300x225.jpg 300w, https:\/\/blogsaverroes.juntadeandalucia.es\/iesbulyana\/files\/2019\/10\/Preparacion_Halloween_3-768x576.jpg 768w, https:\/\/blogsaverroes.juntadeandalucia.es\/iesbulyana\/files\/2019\/10\/Preparacion_Halloween_3-1024x768.jpg 1024w, https:\/\/blogsaverroes.juntadeandalucia.es\/iesbulyana\/files\/2019\/10\/Preparacion_Halloween_3-24x18.jpg 24w, https:\/\/blogsaverroes.juntadeandalucia.es\/iesbulyana\/files\/2019\/10\/Preparacion_Halloween_3-36x27.jpg 36w, https:\/\/blogsaverroes.juntadeandalucia.es\/iesbulyana\/files\/2019\/10\/Preparacion_Halloween_3-48x36.jpg 48w, https:\/\/blogsaverroes.juntadeandalucia.es\/iesbulyana\/files\/2019\/10\/Preparacion_Halloween_3.jpg 1600w\" sizes=\"(max-width: 300px) 100vw, 300px\" \/><\/a>\n\t\t\t<\/dt><\/dl><br style=\"clear: both\" \/><dl class='gallery-item'>\n\t\t\t<dt class='gallery-icon landscape'>\n\t\t\t\t<a href='https:\/\/blogsaverroes.juntadeandalucia.es\/iesbulyana\/?attachment_id=5254'><img loading=\"lazy\" decoding=\"async\" width=\"300\" height=\"225\" src=\"https:\/\/blogsaverroes.juntadeandalucia.es\/iesbulyana\/files\/2019\/10\/Preparacion_Halloween_4-300x225.jpg\" class=\"attachment-medium size-medium\" alt=\"\" srcset=\"https:\/\/blogsaverroes.juntadeandalucia.es\/iesbulyana\/files\/2019\/10\/Preparacion_Halloween_4-300x225.jpg 300w, https:\/\/blogsaverroes.juntadeandalucia.es\/iesbulyana\/files\/2019\/10\/Preparacion_Halloween_4-768x576.jpg 768w, https:\/\/blogsaverroes.juntadeandalucia.es\/iesbulyana\/files\/2019\/10\/Preparacion_Halloween_4-1024x768.jpg 1024w, https:\/\/blogsaverroes.juntadeandalucia.es\/iesbulyana\/files\/2019\/10\/Preparacion_Halloween_4-24x18.jpg 24w, https:\/\/blogsaverroes.juntadeandalucia.es\/iesbulyana\/files\/2019\/10\/Preparacion_Halloween_4-36x27.jpg 36w, https:\/\/blogsaverroes.juntadeandalucia.es\/iesbulyana\/files\/2019\/10\/Preparacion_Halloween_4-48x36.jpg 48w, https:\/\/blogsaverroes.juntadeandalucia.es\/iesbulyana\/files\/2019\/10\/Preparacion_Halloween_4.jpg 1600w\" sizes=\"(max-width: 300px) 100vw, 300px\" \/><\/a>\n\t\t\t<\/dt><\/dl><dl class='gallery-item'>\n\t\t\t<dt class='gallery-icon portrait'>\n\t\t\t\t<a href='https:\/\/blogsaverroes.juntadeandalucia.es\/iesbulyana\/?attachment_id=5255'><img loading=\"lazy\" decoding=\"async\" width=\"225\" height=\"300\" src=\"https:\/\/blogsaverroes.juntadeandalucia.es\/iesbulyana\/files\/2019\/10\/Preparacion_Halloween_5-225x300.jpg\" class=\"attachment-medium size-medium\" alt=\"\" srcset=\"https:\/\/blogsaverroes.juntadeandalucia.es\/iesbulyana\/files\/2019\/10\/Preparacion_Halloween_5-225x300.jpg 225w, https:\/\/blogsaverroes.juntadeandalucia.es\/iesbulyana\/files\/2019\/10\/Preparacion_Halloween_5-768x1024.jpg 768w, https:\/\/blogsaverroes.juntadeandalucia.es\/iesbulyana\/files\/2019\/10\/Preparacion_Halloween_5-18x24.jpg 18w, https:\/\/blogsaverroes.juntadeandalucia.es\/iesbulyana\/files\/2019\/10\/Preparacion_Halloween_5-27x36.jpg 27w, https:\/\/blogsaverroes.juntadeandalucia.es\/iesbulyana\/files\/2019\/10\/Preparacion_Halloween_5-36x48.jpg 36w, https:\/\/blogsaverroes.juntadeandalucia.es\/iesbulyana\/files\/2019\/10\/Preparacion_Halloween_5.jpg 1200w\" sizes=\"(max-width: 225px) 100vw, 225px\" \/><\/a>\n\t\t\t<\/dt><\/dl><dl class='gallery-item'>\n\t\t\t<dt class='gallery-icon portrait'>\n\t\t\t\t<a href='https:\/\/blogsaverroes.juntadeandalucia.es\/iesbulyana\/?attachment_id=5256'><img loading=\"lazy\" decoding=\"async\" width=\"225\" height=\"300\" src=\"https:\/\/blogsaverroes.juntadeandalucia.es\/iesbulyana\/files\/2019\/10\/Preparacion_Halloween_6-225x300.jpg\" class=\"attachment-medium size-medium\" alt=\"\" srcset=\"https:\/\/blogsaverroes.juntadeandalucia.es\/iesbulyana\/files\/2019\/10\/Preparacion_Halloween_6-225x300.jpg 225w, https:\/\/blogsaverroes.juntadeandalucia.es\/iesbulyana\/files\/2019\/10\/Preparacion_Halloween_6-768x1024.jpg 768w, https:\/\/blogsaverroes.juntadeandalucia.es\/iesbulyana\/files\/2019\/10\/Preparacion_Halloween_6-18x24.jpg 18w, https:\/\/blogsaverroes.juntadeandalucia.es\/iesbulyana\/files\/2019\/10\/Preparacion_Halloween_6-27x36.jpg 27w, https:\/\/blogsaverroes.juntadeandalucia.es\/iesbulyana\/files\/2019\/10\/Preparacion_Halloween_6-36x48.jpg 36w, https:\/\/blogsaverroes.juntadeandalucia.es\/iesbulyana\/files\/2019\/10\/Preparacion_Halloween_6.jpg 1200w\" sizes=\"(max-width: 225px) 100vw, 225px\" \/><\/a>\n\t\t\t<\/dt><\/dl><br style=\"clear: both\" \/><dl class='gallery-item'>\n\t\t\t<dt class='gallery-icon landscape'>\n\t\t\t\t<a href='https:\/\/blogsaverroes.juntadeandalucia.es\/iesbulyana\/?attachment_id=5257'><img loading=\"lazy\" decoding=\"async\" width=\"300\" height=\"225\" src=\"https:\/\/blogsaverroes.juntadeandalucia.es\/iesbulyana\/files\/2019\/10\/Preparacion_Halloween_7-300x225.jpg\" class=\"attachment-medium size-medium\" alt=\"\" srcset=\"https:\/\/blogsaverroes.juntadeandalucia.es\/iesbulyana\/files\/2019\/10\/Preparacion_Halloween_7-300x225.jpg 300w, https:\/\/blogsaverroes.juntadeandalucia.es\/iesbulyana\/files\/2019\/10\/Preparacion_Halloween_7-768x576.jpg 768w, https:\/\/blogsaverroes.juntadeandalucia.es\/iesbulyana\/files\/2019\/10\/Preparacion_Halloween_7-1024x768.jpg 1024w, https:\/\/blogsaverroes.juntadeandalucia.es\/iesbulyana\/files\/2019\/10\/Preparacion_Halloween_7-24x18.jpg 24w, https:\/\/blogsaverroes.juntadeandalucia.es\/iesbulyana\/files\/2019\/10\/Preparacion_Halloween_7-36x27.jpg 36w, https:\/\/blogsaverroes.juntadeandalucia.es\/iesbulyana\/files\/2019\/10\/Preparacion_Halloween_7-48x36.jpg 48w, https:\/\/blogsaverroes.juntadeandalucia.es\/iesbulyana\/files\/2019\/10\/Preparacion_Halloween_7.jpg 1600w\" sizes=\"(max-width: 300px) 100vw, 300px\" \/><\/a>\n\t\t\t<\/dt><\/dl><dl class='gallery-item'>\n\t\t\t<dt class='gallery-icon landscape'>\n\t\t\t\t<a href='https:\/\/blogsaverroes.juntadeandalucia.es\/iesbulyana\/?attachment_id=5258'><img loading=\"lazy\" decoding=\"async\" width=\"300\" height=\"225\" src=\"https:\/\/blogsaverroes.juntadeandalucia.es\/iesbulyana\/files\/2019\/10\/Preparacion_Halloween_8-300x225.jpg\" class=\"attachment-medium size-medium\" alt=\"\" srcset=\"https:\/\/blogsaverroes.juntadeandalucia.es\/iesbulyana\/files\/2019\/10\/Preparacion_Halloween_8-300x225.jpg 300w, https:\/\/blogsaverroes.juntadeandalucia.es\/iesbulyana\/files\/2019\/10\/Preparacion_Halloween_8-768x576.jpg 768w, https:\/\/blogsaverroes.juntadeandalucia.es\/iesbulyana\/files\/2019\/10\/Preparacion_Halloween_8-1024x768.jpg 1024w, https:\/\/blogsaverroes.juntadeandalucia.es\/iesbulyana\/files\/2019\/10\/Preparacion_Halloween_8-24x18.jpg 24w, https:\/\/blogsaverroes.juntadeandalucia.es\/iesbulyana\/files\/2019\/10\/Preparacion_Halloween_8-36x27.jpg 36w, https:\/\/blogsaverroes.juntadeandalucia.es\/iesbulyana\/files\/2019\/10\/Preparacion_Halloween_8-48x36.jpg 48w, https:\/\/blogsaverroes.juntadeandalucia.es\/iesbulyana\/files\/2019\/10\/Preparacion_Halloween_8.jpg 1600w\" sizes=\"(max-width: 300px) 100vw, 300px\" \/><\/a>\n\t\t\t<\/dt><\/dl><dl class='gallery-item'>\n\t\t\t<dt class='gallery-icon landscape'>\n\t\t\t\t<a href='https:\/\/blogsaverroes.juntadeandalucia.es\/iesbulyana\/?attachment_id=5259'><img loading=\"lazy\" decoding=\"async\" width=\"300\" height=\"225\" src=\"https:\/\/blogsaverroes.juntadeandalucia.es\/iesbulyana\/files\/2019\/10\/Preparacion_Halloween_9-300x225.jpg\" class=\"attachment-medium size-medium\" alt=\"\" srcset=\"https:\/\/blogsaverroes.juntadeandalucia.es\/iesbulyana\/files\/2019\/10\/Preparacion_Halloween_9-300x225.jpg 300w, https:\/\/blogsaverroes.juntadeandalucia.es\/iesbulyana\/files\/2019\/10\/Preparacion_Halloween_9-768x576.jpg 768w, https:\/\/blogsaverroes.juntadeandalucia.es\/iesbulyana\/files\/2019\/10\/Preparacion_Halloween_9-1024x768.jpg 1024w, https:\/\/blogsaverroes.juntadeandalucia.es\/iesbulyana\/files\/2019\/10\/Preparacion_Halloween_9-24x18.jpg 24w, https:\/\/blogsaverroes.juntadeandalucia.es\/iesbulyana\/files\/2019\/10\/Preparacion_Halloween_9-36x27.jpg 36w, https:\/\/blogsaverroes.juntadeandalucia.es\/iesbulyana\/files\/2019\/10\/Preparacion_Halloween_9-48x36.jpg 48w, https:\/\/blogsaverroes.juntadeandalucia.es\/iesbulyana\/files\/2019\/10\/Preparacion_Halloween_9.jpg 1600w\" sizes=\"(max-width: 300px) 100vw, 300px\" \/><\/a>\n\t\t\t<\/dt><\/dl><br style=\"clear: both\" \/>\n\t\t<\/div>\n\n","protected":false},"excerpt":{"rendered":"<p>Comenzamos la semana del terror en el instituto, decorando el hall. Se encargan de ello los alumnos y alumnas del Ciclo Formativo de Grado Medio de Actividades Comerciales. Cuando todo est\u00e9 listo, os lo ense\u00f1aremos para que tembl\u00e9is de miedo.<\/p>\n","protected":false},"author":2220,"featured_media":5252,"comment_status":"open","ping_status":"open","sticky":false,"template":"","format":"standard","meta":{"_exactmetrics_skip_tracking":false,"_exactmetrics_sitenote_active":false,"_exactmetrics_sitenote_note":"","_exactmetrics_sitenote_category":0,"ngg_post_thumbnail":0,"footnotes":""},"categories":[5991,464127,3774,526],"tags":[],"aioseo_notices":[],"_links":{"self":[{"href":"https:\/\/blogsaverroes.juntadeandalucia.es\/iesbulyana\/index.php?rest_route=\/wp\/v2\/posts\/5250"}],"collection":[{"href":"https:\/\/blogsaverroes.juntadeandalucia.es\/iesbulyana\/index.php?rest_route=\/wp\/v2\/posts"}],"about":[{"href":"https:\/\/blogsaverroes.juntadeandalucia.es\/iesbulyana\/index.php?rest_route=\/wp\/v2\/types\/post"}],"author":[{"embeddable":true,"href":"https:\/\/blogsaverroes.juntadeandalucia.es\/iesbulyana\/index.php?rest_route=\/wp\/v2\/users\/2220"}],"replies":[{"embeddable":true,"href":"https:\/\/blogsaverroes.juntadeandalucia.es\/iesbulyana\/index.php?rest_route=%2Fwp%2Fv2%2Fcomments&post=5250"}],"version-history":[{"count":1,"href":"https:\/\/blogsaverroes.juntadeandalucia.es\/iesbulyana\/index.php?rest_route=\/wp\/v2\/posts\/5250\/revisions"}],"predecessor-version":[{"id":5260,"href":"https:\/\/blogsaverroes.juntadeandalucia.es\/iesbulyana\/index.php?rest_route=\/wp\/v2\/posts\/5250\/revisions\/5260"}],"wp:featuredmedia":[{"embeddable":true,"href":"https:\/\/blogsaverroes.juntadeandalucia.es\/iesbulyana\/index.php?rest_route=\/wp\/v2\/media\/5252"}],"wp:attachment":[{"href":"https:\/\/blogsaverroes.juntadeandalucia.es\/iesbulyana\/index.php?rest_route=%2Fwp%2Fv2%2Fmedia&parent=5250"}],"wp:term":[{"taxonomy":"category","embeddable":true,"href":"https:\/\/blogsaverroes.juntadeandalucia.es\/iesbulyana\/index.php?rest_route=%2Fwp%2Fv2%2Fcategories&post=5250"},{"taxonomy":"post_tag","embeddable":true,"href":"https:\/\/blogsaverroes.juntadeandalucia.es\/iesbulyana\/index.php?rest_route=%2Fwp%2Fv2%2Ftags&post=5250"}],"curies":[{"name":"wp","href":"https:\/\/api.w.org\/{rel}","templated":true}]}}