{"id":5347,"date":"2019-11-26T13:42:31","date_gmt":"2019-11-26T12:42:31","guid":{"rendered":"https:\/\/blogsaverroes.juntadeandalucia.es\/iesbulyana\/?p=5347"},"modified":"2019-12-10T13:46:56","modified_gmt":"2019-12-10T12:46:56","slug":"el-ies-bulyana-dice-no-a-la-violencia-de-genero","status":"publish","type":"post","link":"https:\/\/blogsaverroes.juntadeandalucia.es\/iesbulyana\/?p=5347","title":{"rendered":"El IES Bulyana dice NO a la Violencia de G\u00e9nero"},"content":{"rendered":"<p>El pasado <i><b>Lunes 25 de Noviembre<\/b><\/i>, toda la comunidad educativa del IES BULYANA nos reunimos en el gimnasio para conmemorar el D\u00eda Mundial contra la Violencia de G\u00e9nero. En un acto conjunto y emotivo dijimos <b>BASTA YA<\/b> a esta lacra que nos ha dejado a lo largo de este a\u00f1o un total de 51 v\u00edctimas mortales, mujeres que ya no pueden poner voz a este problema, y por las cuales nuestros alumnos y alumnas han alzado una serie de manifiestos redactados en clase con la ayuda de sus respectivos tutores y tutoras. Tras la lectura de dichos manifiestos, son\u00f3 la canci\u00f3n que se hab\u00eda trabajado en tutor\u00eda y en las distintas clases: <i>QUE NADIE<\/i> , interpretada por Manuel Carrasco y Mal\u00fa, un canto valiente a la LIBERTAD. Por \u00faltimo, antes de concluir el acto, todo el alumnado form\u00f3 un cartel com\u00fan colocando los diferentes colgadores de puertas que ellos mismos hab\u00edan elaborado previamente coloreando y representando un eslogan contra este grave problema. Concluye as\u00ed un importante acto, que tenemos que tener presente no s\u00f3lo el 25N sino todos y cada uno de nuestros d\u00edas y en nuestros peque\u00f1os actos. \u00a1Que todos los d\u00edas sean 25 de NOVIEMBRE!<\/p>\n\n\t\t<style type=\"text\/css\">\n\t\t\t#gallery-1 {\n\t\t\t\tmargin: auto;\n\t\t\t}\n\t\t\t#gallery-1 .gallery-item {\n\t\t\t\tfloat: left;\n\t\t\t\tmargin-top: 10px;\n\t\t\t\ttext-align: center;\n\t\t\t\twidth: 33%;\n\t\t\t}\n\t\t\t#gallery-1 img {\n\t\t\t\tborder: 2px solid #cfcfcf;\n\t\t\t}\n\t\t\t#gallery-1 .gallery-caption {\n\t\t\t\tmargin-left: 0;\n\t\t\t}\n\t\t\t\/* see gallery_shortcode() in wp-includes\/media.php *\/\n\t\t<\/style>\n\t\t<div id='gallery-1' class='gallery galleryid-5347 gallery-columns-3 gallery-size-thumbnail'><dl class='gallery-item'>\n\t\t\t<dt class='gallery-icon landscape'>\n\t\t\t\t<a href='https:\/\/blogsaverroes.juntadeandalucia.es\/iesbulyana\/?attachment_id=5348'><img loading=\"lazy\" decoding=\"async\" width=\"150\" height=\"150\" src=\"https:\/\/blogsaverroes.juntadeandalucia.es\/iesbulyana\/files\/2019\/12\/Dia_Violencia_Genero_1-150x150.jpg\" class=\"attachment-thumbnail size-thumbnail\" alt=\"\" srcset=\"https:\/\/blogsaverroes.juntadeandalucia.es\/iesbulyana\/files\/2019\/12\/Dia_Violencia_Genero_1-150x150.jpg 150w, https:\/\/blogsaverroes.juntadeandalucia.es\/iesbulyana\/files\/2019\/12\/Dia_Violencia_Genero_1-100x100.jpg 100w, https:\/\/blogsaverroes.juntadeandalucia.es\/iesbulyana\/files\/2019\/12\/Dia_Violencia_Genero_1-160x160.jpg 160w, https:\/\/blogsaverroes.juntadeandalucia.es\/iesbulyana\/files\/2019\/12\/Dia_Violencia_Genero_1-320x320.jpg 320w\" sizes=\"(max-width: 150px) 100vw, 150px\" \/><\/a>\n\t\t\t<\/dt><\/dl><dl class='gallery-item'>\n\t\t\t<dt class='gallery-icon landscape'>\n\t\t\t\t<a href='https:\/\/blogsaverroes.juntadeandalucia.es\/iesbulyana\/?attachment_id=5349'><img loading=\"lazy\" decoding=\"async\" width=\"150\" height=\"150\" src=\"https:\/\/blogsaverroes.juntadeandalucia.es\/iesbulyana\/files\/2019\/12\/Dia_Violencia_Genero_2-150x150.jpg\" class=\"attachment-thumbnail size-thumbnail\" alt=\"\" srcset=\"https:\/\/blogsaverroes.juntadeandalucia.es\/iesbulyana\/files\/2019\/12\/Dia_Violencia_Genero_2-150x150.jpg 150w, https:\/\/blogsaverroes.juntadeandalucia.es\/iesbulyana\/files\/2019\/12\/Dia_Violencia_Genero_2-100x100.jpg 100w, https:\/\/blogsaverroes.juntadeandalucia.es\/iesbulyana\/files\/2019\/12\/Dia_Violencia_Genero_2-160x160.jpg 160w, https:\/\/blogsaverroes.juntadeandalucia.es\/iesbulyana\/files\/2019\/12\/Dia_Violencia_Genero_2-320x320.jpg 320w\" sizes=\"(max-width: 150px) 100vw, 150px\" \/><\/a>\n\t\t\t<\/dt><\/dl><dl class='gallery-item'>\n\t\t\t<dt class='gallery-icon landscape'>\n\t\t\t\t<a href='https:\/\/blogsaverroes.juntadeandalucia.es\/iesbulyana\/?attachment_id=5350'><img loading=\"lazy\" decoding=\"async\" width=\"150\" height=\"150\" src=\"https:\/\/blogsaverroes.juntadeandalucia.es\/iesbulyana\/files\/2019\/12\/Dia_Violencia_Genero_3-150x150.jpg\" class=\"attachment-thumbnail size-thumbnail\" alt=\"\" srcset=\"https:\/\/blogsaverroes.juntadeandalucia.es\/iesbulyana\/files\/2019\/12\/Dia_Violencia_Genero_3-150x150.jpg 150w, https:\/\/blogsaverroes.juntadeandalucia.es\/iesbulyana\/files\/2019\/12\/Dia_Violencia_Genero_3-100x100.jpg 100w, https:\/\/blogsaverroes.juntadeandalucia.es\/iesbulyana\/files\/2019\/12\/Dia_Violencia_Genero_3-160x160.jpg 160w, https:\/\/blogsaverroes.juntadeandalucia.es\/iesbulyana\/files\/2019\/12\/Dia_Violencia_Genero_3-320x320.jpg 320w\" sizes=\"(max-width: 150px) 100vw, 150px\" \/><\/a>\n\t\t\t<\/dt><\/dl><br style=\"clear: both\" \/><dl class='gallery-item'>\n\t\t\t<dt class='gallery-icon landscape'>\n\t\t\t\t<a href='https:\/\/blogsaverroes.juntadeandalucia.es\/iesbulyana\/?attachment_id=5351'><img loading=\"lazy\" decoding=\"async\" width=\"150\" height=\"150\" src=\"https:\/\/blogsaverroes.juntadeandalucia.es\/iesbulyana\/files\/2019\/12\/Dia_Violencia_Genero_4-150x150.jpg\" class=\"attachment-thumbnail size-thumbnail\" alt=\"\" srcset=\"https:\/\/blogsaverroes.juntadeandalucia.es\/iesbulyana\/files\/2019\/12\/Dia_Violencia_Genero_4-150x150.jpg 150w, https:\/\/blogsaverroes.juntadeandalucia.es\/iesbulyana\/files\/2019\/12\/Dia_Violencia_Genero_4-100x100.jpg 100w, https:\/\/blogsaverroes.juntadeandalucia.es\/iesbulyana\/files\/2019\/12\/Dia_Violencia_Genero_4-160x160.jpg 160w, https:\/\/blogsaverroes.juntadeandalucia.es\/iesbulyana\/files\/2019\/12\/Dia_Violencia_Genero_4-320x320.jpg 320w\" sizes=\"(max-width: 150px) 100vw, 150px\" \/><\/a>\n\t\t\t<\/dt><\/dl><dl class='gallery-item'>\n\t\t\t<dt class='gallery-icon landscape'>\n\t\t\t\t<a href='https:\/\/blogsaverroes.juntadeandalucia.es\/iesbulyana\/?attachment_id=5352'><img loading=\"lazy\" decoding=\"async\" width=\"150\" height=\"150\" src=\"https:\/\/blogsaverroes.juntadeandalucia.es\/iesbulyana\/files\/2019\/12\/Dia_Violencia_Genero_5-150x150.jpg\" class=\"attachment-thumbnail size-thumbnail\" alt=\"\" srcset=\"https:\/\/blogsaverroes.juntadeandalucia.es\/iesbulyana\/files\/2019\/12\/Dia_Violencia_Genero_5-150x150.jpg 150w, https:\/\/blogsaverroes.juntadeandalucia.es\/iesbulyana\/files\/2019\/12\/Dia_Violencia_Genero_5-100x100.jpg 100w, https:\/\/blogsaverroes.juntadeandalucia.es\/iesbulyana\/files\/2019\/12\/Dia_Violencia_Genero_5-160x160.jpg 160w, https:\/\/blogsaverroes.juntadeandalucia.es\/iesbulyana\/files\/2019\/12\/Dia_Violencia_Genero_5-320x320.jpg 320w\" sizes=\"(max-width: 150px) 100vw, 150px\" \/><\/a>\n\t\t\t<\/dt><\/dl><dl class='gallery-item'>\n\t\t\t<dt class='gallery-icon landscape'>\n\t\t\t\t<a href='https:\/\/blogsaverroes.juntadeandalucia.es\/iesbulyana\/?attachment_id=5353'><img loading=\"lazy\" decoding=\"async\" width=\"150\" height=\"150\" src=\"https:\/\/blogsaverroes.juntadeandalucia.es\/iesbulyana\/files\/2019\/12\/Dia_Violencia_Genero_6-150x150.jpg\" class=\"attachment-thumbnail size-thumbnail\" alt=\"\" srcset=\"https:\/\/blogsaverroes.juntadeandalucia.es\/iesbulyana\/files\/2019\/12\/Dia_Violencia_Genero_6-150x150.jpg 150w, https:\/\/blogsaverroes.juntadeandalucia.es\/iesbulyana\/files\/2019\/12\/Dia_Violencia_Genero_6-100x100.jpg 100w, https:\/\/blogsaverroes.juntadeandalucia.es\/iesbulyana\/files\/2019\/12\/Dia_Violencia_Genero_6-160x160.jpg 160w, https:\/\/blogsaverroes.juntadeandalucia.es\/iesbulyana\/files\/2019\/12\/Dia_Violencia_Genero_6-320x320.jpg 320w\" sizes=\"(max-width: 150px) 100vw, 150px\" \/><\/a>\n\t\t\t<\/dt><\/dl><br style=\"clear: both\" \/>\n\t\t<\/div>\n\n","protected":false},"excerpt":{"rendered":"<p>El pasado Lunes 25 de Noviembre, toda la comunidad educativa del IES BULYANA nos reunimos en el gimnasio para conmemorar el D\u00eda Mundial contra la Violencia de G\u00e9nero. En un acto conjunto y emotivo dijimos BASTA YA a esta lacra que nos ha dejado a lo largo de este a\u00f1o un total de 51 v\u00edctimas &hellip; <\/p>\n<p><a class=\"more-link btn\" href=\"https:\/\/blogsaverroes.juntadeandalucia.es\/iesbulyana\/?p=5347\">Seguir leyendo<\/a><\/p>\n","protected":false},"author":2220,"featured_media":5353,"comment_status":"open","ping_status":"open","sticky":false,"template":"","format":"standard","meta":{"_exactmetrics_skip_tracking":false,"_exactmetrics_sitenote_active":false,"_exactmetrics_sitenote_note":"","_exactmetrics_sitenote_category":0,"ngg_post_thumbnail":0,"footnotes":""},"categories":[5991,526,20003,33096],"tags":[],"aioseo_notices":[],"_links":{"self":[{"href":"https:\/\/blogsaverroes.juntadeandalucia.es\/iesbulyana\/index.php?rest_route=\/wp\/v2\/posts\/5347"}],"collection":[{"href":"https:\/\/blogsaverroes.juntadeandalucia.es\/iesbulyana\/index.php?rest_route=\/wp\/v2\/posts"}],"about":[{"href":"https:\/\/blogsaverroes.juntadeandalucia.es\/iesbulyana\/index.php?rest_route=\/wp\/v2\/types\/post"}],"author":[{"embeddable":true,"href":"https:\/\/blogsaverroes.juntadeandalucia.es\/iesbulyana\/index.php?rest_route=\/wp\/v2\/users\/2220"}],"replies":[{"embeddable":true,"href":"https:\/\/blogsaverroes.juntadeandalucia.es\/iesbulyana\/index.php?rest_route=%2Fwp%2Fv2%2Fcomments&post=5347"}],"version-history":[{"count":1,"href":"https:\/\/blogsaverroes.juntadeandalucia.es\/iesbulyana\/index.php?rest_route=\/wp\/v2\/posts\/5347\/revisions"}],"predecessor-version":[{"id":5354,"href":"https:\/\/blogsaverroes.juntadeandalucia.es\/iesbulyana\/index.php?rest_route=\/wp\/v2\/posts\/5347\/revisions\/5354"}],"wp:featuredmedia":[{"embeddable":true,"href":"https:\/\/blogsaverroes.juntadeandalucia.es\/iesbulyana\/index.php?rest_route=\/wp\/v2\/media\/5353"}],"wp:attachment":[{"href":"https:\/\/blogsaverroes.juntadeandalucia.es\/iesbulyana\/index.php?rest_route=%2Fwp%2Fv2%2Fmedia&parent=5347"}],"wp:term":[{"taxonomy":"category","embeddable":true,"href":"https:\/\/blogsaverroes.juntadeandalucia.es\/iesbulyana\/index.php?rest_route=%2Fwp%2Fv2%2Fcategories&post=5347"},{"taxonomy":"post_tag","embeddable":true,"href":"https:\/\/blogsaverroes.juntadeandalucia.es\/iesbulyana\/index.php?rest_route=%2Fwp%2Fv2%2Ftags&post=5347"}],"curies":[{"name":"wp","href":"https:\/\/api.w.org\/{rel}","templated":true}]}}