{"id":5509,"date":"2020-02-09T01:11:19","date_gmt":"2020-02-09T00:11:19","guid":{"rendered":"https:\/\/blogsaverroes.juntadeandalucia.es\/iesbulyana\/?p=5509"},"modified":"2020-02-09T10:06:26","modified_gmt":"2020-02-09T09:06:26","slug":"lecturas-san-valentin","status":"publish","type":"post","link":"https:\/\/blogsaverroes.juntadeandalucia.es\/iesbulyana\/?p=5509","title":{"rendered":"Recomendaciones de lecturas para el d\u00eda de San Valent\u00edn."},"content":{"rendered":"<p>Para celebrar el d\u00eda de San Valent\u00edn desde la biblioteca de nuestro centro os recomendamos algunos t\u00edtulos que os har\u00e1n vivir historias de amor, desamor, traiciones, celos&#8230;<br \/>\nOs dejamos el argumento de algunos t\u00edtulos. Disfrutadlos<br \/>\n*La chica del tiempo*: Iris, una chica de trece a\u00f1os, tiene que hacer las predicciones meteorol\u00f3gicas en un telediario escolar. Lo que no se imaginaba es que sus previsiones, incluso las m\u00e1s disparatadas, se hacen realidad. \u00bfPodr\u00e1 aprovechar Iris este poder inesperado? Una historia de humor sobre la amistad y la maduraci\u00f3n personal.<br \/>\n*Los amores lun\u00e1ticos*: A Pablo, un chico del barrio de Carabanchel, que llevaba adelante su adolescencia sin demasiadas contratiempos y pensaba que el romanticismo era s\u00f3lo cosa de ni\u00f1as atontadas, inesperadamente se le cruza en su camino el amor y le dispara a bocajarro y por partida doble.<br \/>\n*El amor es un cuento*: Puede que los pr\u00edncipes no sean azules. Puede que la vida no sea color de rosa. Pero la protagonistas de esta novela se va a dar cuenta de que, aun cuando parece que no hay m\u00e1s colores que el gris, siempre merece la pena cambiar de paleta o seguir adelante. Una novela realista, con ciertas dosis de humor y nostalgia, que narra las andanzas de una chica para encontrar su lugar en el mundo.<br \/>\n*No es un crimen enamorarse*: Estoy enamorado de una chica y no la conozco. \u00bfEs eso tan raro? \u00bfPuede suceder algo parecido a final del siglo XX entre dos seres normales, civilizados y sociables, que se ven todos los d\u00edas lectivos?<br \/>\n*Bajo la misma estrella*: Dos adolescentes pacientes de c\u00e1ncer inician un viaje para reafirmar sus vidas y visitar a un escritor solitario en \u00c1msterdam.<br \/>\n*Rimas y leyendas*: poemas amorosos muy sencillos y que os emocionar\u00e1n<br \/>\n*En septiembre lleg\u00f3 el desastre*: El primer d\u00eda siempre es especial. Comenzaba el curso y me notaba inquieto, aunque contento: es apasionante el reencuentro con los compa\u00f1eros, ver qu\u00e9 pinta tienen y contarles el verano, un verano muy largo&#8230; Sin embargo, aquel septiembre todo empez\u00f3 mal.<br \/>\nNo olvid\u00e9is autores como Federico Moccia o Blue Jeans.<\/p>\n<p><a href=\"https:\/\/blogsaverroes.juntadeandalucia.es\/iesbulyana\/2020\/02\/09\/sin-titulo\/img-20200209-wa0001\/\" rel=\"attachment wp-att-5513\"><img loading=\"lazy\" decoding=\"async\" class=\"alignnone size-full wp-image-5513\" src=\"https:\/\/blogsaverroes.juntadeandalucia.es\/iesbulyana\/files\/2020\/02\/IMG-20200209-WA0001.jpg\" alt=\"\" width=\"317\" height=\"159\" srcset=\"https:\/\/blogsaverroes.juntadeandalucia.es\/iesbulyana\/files\/2020\/02\/IMG-20200209-WA0001.jpg 317w, https:\/\/blogsaverroes.juntadeandalucia.es\/iesbulyana\/files\/2020\/02\/IMG-20200209-WA0001-300x150.jpg 300w, https:\/\/blogsaverroes.juntadeandalucia.es\/iesbulyana\/files\/2020\/02\/IMG-20200209-WA0001-24x12.jpg 24w, https:\/\/blogsaverroes.juntadeandalucia.es\/iesbulyana\/files\/2020\/02\/IMG-20200209-WA0001-36x18.jpg 36w, https:\/\/blogsaverroes.juntadeandalucia.es\/iesbulyana\/files\/2020\/02\/IMG-20200209-WA0001-48x24.jpg 48w\" sizes=\"(max-width: 317px) 100vw, 317px\" \/><\/a><\/p>\n","protected":false},"excerpt":{"rendered":"<p>Para celebrar el d\u00eda de San Valent\u00edn desde la biblioteca de nuestro centro os recomendamos algunos t\u00edtulos que os har\u00e1n vivir historias de amor, desamor, traiciones, celos&#8230; Os dejamos el argumento de algunos t\u00edtulos. Disfrutadlos *La chica del tiempo*: Iris, una chica de trece a\u00f1os, tiene que hacer las predicciones meteorol\u00f3gicas en un telediario escolar. &hellip; <\/p>\n<p><a class=\"more-link btn\" href=\"https:\/\/blogsaverroes.juntadeandalucia.es\/iesbulyana\/?p=5509\">Seguir leyendo<\/a><\/p>\n","protected":false},"author":2220,"featured_media":5513,"comment_status":"open","ping_status":"open","sticky":false,"template":"","format":"standard","meta":{"_exactmetrics_skip_tracking":false,"_exactmetrics_sitenote_active":false,"_exactmetrics_sitenote_note":"","_exactmetrics_sitenote_category":0,"ngg_post_thumbnail":0,"footnotes":""},"categories":[5991,213,526],"tags":[],"aioseo_notices":[],"_links":{"self":[{"href":"https:\/\/blogsaverroes.juntadeandalucia.es\/iesbulyana\/index.php?rest_route=\/wp\/v2\/posts\/5509"}],"collection":[{"href":"https:\/\/blogsaverroes.juntadeandalucia.es\/iesbulyana\/index.php?rest_route=\/wp\/v2\/posts"}],"about":[{"href":"https:\/\/blogsaverroes.juntadeandalucia.es\/iesbulyana\/index.php?rest_route=\/wp\/v2\/types\/post"}],"author":[{"embeddable":true,"href":"https:\/\/blogsaverroes.juntadeandalucia.es\/iesbulyana\/index.php?rest_route=\/wp\/v2\/users\/2220"}],"replies":[{"embeddable":true,"href":"https:\/\/blogsaverroes.juntadeandalucia.es\/iesbulyana\/index.php?rest_route=%2Fwp%2Fv2%2Fcomments&post=5509"}],"version-history":[{"count":5,"href":"https:\/\/blogsaverroes.juntadeandalucia.es\/iesbulyana\/index.php?rest_route=\/wp\/v2\/posts\/5509\/revisions"}],"predecessor-version":[{"id":5515,"href":"https:\/\/blogsaverroes.juntadeandalucia.es\/iesbulyana\/index.php?rest_route=\/wp\/v2\/posts\/5509\/revisions\/5515"}],"wp:featuredmedia":[{"embeddable":true,"href":"https:\/\/blogsaverroes.juntadeandalucia.es\/iesbulyana\/index.php?rest_route=\/wp\/v2\/media\/5513"}],"wp:attachment":[{"href":"https:\/\/blogsaverroes.juntadeandalucia.es\/iesbulyana\/index.php?rest_route=%2Fwp%2Fv2%2Fmedia&parent=5509"}],"wp:term":[{"taxonomy":"category","embeddable":true,"href":"https:\/\/blogsaverroes.juntadeandalucia.es\/iesbulyana\/index.php?rest_route=%2Fwp%2Fv2%2Fcategories&post=5509"},{"taxonomy":"post_tag","embeddable":true,"href":"https:\/\/blogsaverroes.juntadeandalucia.es\/iesbulyana\/index.php?rest_route=%2Fwp%2Fv2%2Ftags&post=5509"}],"curies":[{"name":"wp","href":"https:\/\/api.w.org\/{rel}","templated":true}]}}