{"id":5933,"date":"2020-05-25T10:10:06","date_gmt":"2020-05-25T08:10:06","guid":{"rendered":"https:\/\/blogsaverroes.juntadeandalucia.es\/iesbulyana\/?p=5933"},"modified":"2020-06-15T10:46:08","modified_gmt":"2020-06-15T08:46:08","slug":"decimoseptimo-reto-matematico","status":"publish","type":"post","link":"https:\/\/blogsaverroes.juntadeandalucia.es\/iesbulyana\/?p=5933","title":{"rendered":"Decimos\u00e9ptimo Reto Matem\u00e1tico"},"content":{"rendered":"<p>Aqu\u00ed ten\u00e9is el decimos\u00e9ptimo reto, dadas las circunstancias especiales por el Coronavirus, entregad vuestra respuesta en alguno de los correos siguientes:<\/p>\n<ul>\n<li><a href=\"mailto:crabeloprofe@gmail.com\">crabeloprofe@gmail.com<\/a><\/li>\n<li><a href=\"mailto:m.teresa.valero@gmail.com\">m.teresa.valero@gmail.com<\/a><\/li>\n<\/ul>\n<p><a href=\"https:\/\/blogsaverroes.juntadeandalucia.es\/iesbulyana\/2020\/05\/25\/decimoseptimo-reto-matematico\/decimoseptimo_reto_matematico\/\" rel=\"attachment wp-att-5934\"><img loading=\"lazy\" decoding=\"async\" class=\"alignnone size-full wp-image-5934\" src=\"https:\/\/blogsaverroes.juntadeandalucia.es\/iesbulyana\/files\/2020\/05\/Decimos\u00e9ptimo_Reto_Matematico.jpg\" alt=\"\" width=\"828\" height=\"674\" srcset=\"https:\/\/blogsaverroes.juntadeandalucia.es\/iesbulyana\/files\/2020\/05\/Decimos\u00e9ptimo_Reto_Matematico.jpg 828w, https:\/\/blogsaverroes.juntadeandalucia.es\/iesbulyana\/files\/2020\/05\/Decimos\u00e9ptimo_Reto_Matematico-300x244.jpg 300w, https:\/\/blogsaverroes.juntadeandalucia.es\/iesbulyana\/files\/2020\/05\/Decimos\u00e9ptimo_Reto_Matematico-768x625.jpg 768w, https:\/\/blogsaverroes.juntadeandalucia.es\/iesbulyana\/files\/2020\/05\/Decimos\u00e9ptimo_Reto_Matematico-24x20.jpg 24w, https:\/\/blogsaverroes.juntadeandalucia.es\/iesbulyana\/files\/2020\/05\/Decimos\u00e9ptimo_Reto_Matematico-36x29.jpg 36w, https:\/\/blogsaverroes.juntadeandalucia.es\/iesbulyana\/files\/2020\/05\/Decimos\u00e9ptimo_Reto_Matematico-48x39.jpg 48w\" sizes=\"(max-width: 828px) 100vw, 828px\" \/><\/a><\/p>\n","protected":false},"excerpt":{"rendered":"<p>Aqu\u00ed ten\u00e9is el decimos\u00e9ptimo reto, dadas las circunstancias especiales por el Coronavirus, entregad vuestra respuesta en alguno de los correos siguientes: crabeloprofe@gmail.com m.teresa.valero@gmail.com<\/p>\n","protected":false},"author":2220,"featured_media":5934,"comment_status":"open","ping_status":"open","sticky":false,"template":"","format":"standard","meta":{"_exactmetrics_skip_tracking":false,"_exactmetrics_sitenote_active":false,"_exactmetrics_sitenote_note":"","_exactmetrics_sitenote_category":0,"ngg_post_thumbnail":0,"footnotes":""},"categories":[5991,25506,526],"tags":[],"aioseo_notices":[],"_links":{"self":[{"href":"https:\/\/blogsaverroes.juntadeandalucia.es\/iesbulyana\/index.php?rest_route=\/wp\/v2\/posts\/5933"}],"collection":[{"href":"https:\/\/blogsaverroes.juntadeandalucia.es\/iesbulyana\/index.php?rest_route=\/wp\/v2\/posts"}],"about":[{"href":"https:\/\/blogsaverroes.juntadeandalucia.es\/iesbulyana\/index.php?rest_route=\/wp\/v2\/types\/post"}],"author":[{"embeddable":true,"href":"https:\/\/blogsaverroes.juntadeandalucia.es\/iesbulyana\/index.php?rest_route=\/wp\/v2\/users\/2220"}],"replies":[{"embeddable":true,"href":"https:\/\/blogsaverroes.juntadeandalucia.es\/iesbulyana\/index.php?rest_route=%2Fwp%2Fv2%2Fcomments&post=5933"}],"version-history":[{"count":3,"href":"https:\/\/blogsaverroes.juntadeandalucia.es\/iesbulyana\/index.php?rest_route=\/wp\/v2\/posts\/5933\/revisions"}],"predecessor-version":[{"id":6036,"href":"https:\/\/blogsaverroes.juntadeandalucia.es\/iesbulyana\/index.php?rest_route=\/wp\/v2\/posts\/5933\/revisions\/6036"}],"wp:featuredmedia":[{"embeddable":true,"href":"https:\/\/blogsaverroes.juntadeandalucia.es\/iesbulyana\/index.php?rest_route=\/wp\/v2\/media\/5934"}],"wp:attachment":[{"href":"https:\/\/blogsaverroes.juntadeandalucia.es\/iesbulyana\/index.php?rest_route=%2Fwp%2Fv2%2Fmedia&parent=5933"}],"wp:term":[{"taxonomy":"category","embeddable":true,"href":"https:\/\/blogsaverroes.juntadeandalucia.es\/iesbulyana\/index.php?rest_route=%2Fwp%2Fv2%2Fcategories&post=5933"},{"taxonomy":"post_tag","embeddable":true,"href":"https:\/\/blogsaverroes.juntadeandalucia.es\/iesbulyana\/index.php?rest_route=%2Fwp%2Fv2%2Ftags&post=5933"}],"curies":[{"name":"wp","href":"https:\/\/api.w.org\/{rel}","templated":true}]}}