{"id":6244,"date":"2020-12-18T11:50:46","date_gmt":"2020-12-18T10:50:46","guid":{"rendered":"https:\/\/blogsaverroes.juntadeandalucia.es\/iesbulyana\/?p=6244"},"modified":"2021-04-12T19:54:45","modified_gmt":"2021-04-12T17:54:45","slug":"escaparate-navidad","status":"publish","type":"post","link":"https:\/\/blogsaverroes.juntadeandalucia.es\/iesbulyana\/?p=6244","title":{"rendered":"Escaparate Navidad"},"content":{"rendered":"<p>Ya es Navidad!!!!<\/p>\n<p>Los alumnos y alumnas del primer curso del Ciclo Formativo de Grado Medio de Actividades Comerciales ya esperan la Navidad. Y han preparado este escaparate navide\u00f1o dentro del M\u00f3dulo de Dinamizaci\u00f3n en el Punto de Venta para animar el esp\u00edritu navide\u00f1o del instituto. Ser\u00e1 una Navidad diferente pero esperamos que, aunque nos distancie la realidad, nos podamos mantener unidos en la ilusi\u00f3n y esperanza de un a\u00f1o 2021 lleno de buenas noticias.<\/p>\n<p>Por todo ello, aprovechamos la ocasi\u00f3n para desearos una felices fiestas a todos y todas.<\/p>\nngg_shortcode_0_placeholder\n","protected":false},"excerpt":{"rendered":"<p>Ya es Navidad!!!! Los alumnos y alumnas del primer curso del Ciclo Formativo de Grado Medio de Actividades Comerciales ya esperan la Navidad. Y han preparado este escaparate navide\u00f1o dentro del M\u00f3dulo de Dinamizaci\u00f3n en el Punto de Venta para animar el esp\u00edritu navide\u00f1o del instituto. Ser\u00e1 una Navidad diferente pero esperamos que, aunque nos &hellip; <\/p>\n<p><a class=\"more-link btn\" href=\"https:\/\/blogsaverroes.juntadeandalucia.es\/iesbulyana\/?p=6244\">Seguir leyendo<\/a><\/p>\n","protected":false},"author":10561,"featured_media":6407,"comment_status":"open","ping_status":"open","sticky":false,"template":"","format":"standard","meta":{"_exactmetrics_skip_tracking":false,"_exactmetrics_sitenote_active":false,"_exactmetrics_sitenote_note":"","_exactmetrics_sitenote_category":0,"ngg_post_thumbnail":0,"footnotes":""},"categories":[464127,464129],"tags":[],"aioseo_notices":[],"_links":{"self":[{"href":"https:\/\/blogsaverroes.juntadeandalucia.es\/iesbulyana\/index.php?rest_route=\/wp\/v2\/posts\/6244"}],"collection":[{"href":"https:\/\/blogsaverroes.juntadeandalucia.es\/iesbulyana\/index.php?rest_route=\/wp\/v2\/posts"}],"about":[{"href":"https:\/\/blogsaverroes.juntadeandalucia.es\/iesbulyana\/index.php?rest_route=\/wp\/v2\/types\/post"}],"author":[{"embeddable":true,"href":"https:\/\/blogsaverroes.juntadeandalucia.es\/iesbulyana\/index.php?rest_route=\/wp\/v2\/users\/10561"}],"replies":[{"embeddable":true,"href":"https:\/\/blogsaverroes.juntadeandalucia.es\/iesbulyana\/index.php?rest_route=%2Fwp%2Fv2%2Fcomments&post=6244"}],"version-history":[{"count":1,"href":"https:\/\/blogsaverroes.juntadeandalucia.es\/iesbulyana\/index.php?rest_route=\/wp\/v2\/posts\/6244\/revisions"}],"predecessor-version":[{"id":6246,"href":"https:\/\/blogsaverroes.juntadeandalucia.es\/iesbulyana\/index.php?rest_route=\/wp\/v2\/posts\/6244\/revisions\/6246"}],"wp:featuredmedia":[{"embeddable":true,"href":"https:\/\/blogsaverroes.juntadeandalucia.es\/iesbulyana\/index.php?rest_route=\/wp\/v2\/media\/6407"}],"wp:attachment":[{"href":"https:\/\/blogsaverroes.juntadeandalucia.es\/iesbulyana\/index.php?rest_route=%2Fwp%2Fv2%2Fmedia&parent=6244"}],"wp:term":[{"taxonomy":"category","embeddable":true,"href":"https:\/\/blogsaverroes.juntadeandalucia.es\/iesbulyana\/index.php?rest_route=%2Fwp%2Fv2%2Fcategories&post=6244"},{"taxonomy":"post_tag","embeddable":true,"href":"https:\/\/blogsaverroes.juntadeandalucia.es\/iesbulyana\/index.php?rest_route=%2Fwp%2Fv2%2Ftags&post=6244"}],"curies":[{"name":"wp","href":"https:\/\/api.w.org\/{rel}","templated":true}]}}