{"id":6309,"date":"2021-02-01T17:08:59","date_gmt":"2021-02-01T16:08:59","guid":{"rendered":"https:\/\/blogsaverroes.juntadeandalucia.es\/iesbulyana\/?p=6309"},"modified":"2021-02-01T17:08:59","modified_gmt":"2021-02-01T16:08:59","slug":"dia-de-la-no-violencia-y-la-paz","status":"publish","type":"post","link":"https:\/\/blogsaverroes.juntadeandalucia.es\/iesbulyana\/?p=6309","title":{"rendered":"D\u00eda de la No Violencia y la Paz"},"content":{"rendered":"<p>Hoy en el IES Bulyana hemos celebrado el D\u00eda de la No Violencia y la Paz construyendo nuestro \u00abMuro de la Paz\u00bb. Nuestra intenci\u00f3n es desarrollar el pensamiento cr\u00edtico del alumnado y fomentar y compartir actitudes tolerantes. Tenemos que desechar la violencia, en todas sus formas y manifestaciones, de nuestro d\u00eda a d\u00eda. Os comparto algunas de las fotos de la construcci\u00f3n del muro y ejemplos de los \u00abladrillos\u00bb con los que pretendemos construir nuestra sociedad futura.<\/p>\nngg_shortcode_0_placeholder\n","protected":false},"excerpt":{"rendered":"<p>Hoy en el IES Bulyana hemos celebrado el D\u00eda de la No Violencia y la Paz construyendo nuestro \u00abMuro de la Paz\u00bb. Nuestra intenci\u00f3n es desarrollar el pensamiento cr\u00edtico del alumnado y fomentar y compartir actitudes tolerantes. Tenemos que desechar la violencia, en todas sus formas y manifestaciones, de nuestro d\u00eda a d\u00eda. Os comparto &hellip; <\/p>\n<p><a class=\"more-link btn\" href=\"https:\/\/blogsaverroes.juntadeandalucia.es\/iesbulyana\/?p=6309\">Seguir leyendo<\/a><\/p>\n","protected":false},"author":10561,"featured_media":6310,"comment_status":"open","ping_status":"open","sticky":false,"template":"","format":"standard","meta":{"_exactmetrics_skip_tracking":false,"_exactmetrics_sitenote_active":false,"_exactmetrics_sitenote_note":"","_exactmetrics_sitenote_category":0,"ngg_post_thumbnail":0,"footnotes":""},"categories":[526],"tags":[],"aioseo_notices":[],"_links":{"self":[{"href":"https:\/\/blogsaverroes.juntadeandalucia.es\/iesbulyana\/index.php?rest_route=\/wp\/v2\/posts\/6309"}],"collection":[{"href":"https:\/\/blogsaverroes.juntadeandalucia.es\/iesbulyana\/index.php?rest_route=\/wp\/v2\/posts"}],"about":[{"href":"https:\/\/blogsaverroes.juntadeandalucia.es\/iesbulyana\/index.php?rest_route=\/wp\/v2\/types\/post"}],"author":[{"embeddable":true,"href":"https:\/\/blogsaverroes.juntadeandalucia.es\/iesbulyana\/index.php?rest_route=\/wp\/v2\/users\/10561"}],"replies":[{"embeddable":true,"href":"https:\/\/blogsaverroes.juntadeandalucia.es\/iesbulyana\/index.php?rest_route=%2Fwp%2Fv2%2Fcomments&post=6309"}],"version-history":[{"count":1,"href":"https:\/\/blogsaverroes.juntadeandalucia.es\/iesbulyana\/index.php?rest_route=\/wp\/v2\/posts\/6309\/revisions"}],"predecessor-version":[{"id":6311,"href":"https:\/\/blogsaverroes.juntadeandalucia.es\/iesbulyana\/index.php?rest_route=\/wp\/v2\/posts\/6309\/revisions\/6311"}],"wp:featuredmedia":[{"embeddable":true,"href":"https:\/\/blogsaverroes.juntadeandalucia.es\/iesbulyana\/index.php?rest_route=\/wp\/v2\/media\/6310"}],"wp:attachment":[{"href":"https:\/\/blogsaverroes.juntadeandalucia.es\/iesbulyana\/index.php?rest_route=%2Fwp%2Fv2%2Fmedia&parent=6309"}],"wp:term":[{"taxonomy":"category","embeddable":true,"href":"https:\/\/blogsaverroes.juntadeandalucia.es\/iesbulyana\/index.php?rest_route=%2Fwp%2Fv2%2Fcategories&post=6309"},{"taxonomy":"post_tag","embeddable":true,"href":"https:\/\/blogsaverroes.juntadeandalucia.es\/iesbulyana\/index.php?rest_route=%2Fwp%2Fv2%2Ftags&post=6309"}],"curies":[{"name":"wp","href":"https:\/\/api.w.org\/{rel}","templated":true}]}}