{"id":6536,"date":"2021-05-10T08:38:03","date_gmt":"2021-05-10T06:38:03","guid":{"rendered":"https:\/\/blogsaverroes.juntadeandalucia.es\/iesbulyana\/?p=6536"},"modified":"2021-05-10T08:39:13","modified_gmt":"2021-05-10T06:39:13","slug":"v-semana-del-libro-y-de-la-lectura","status":"publish","type":"post","link":"https:\/\/blogsaverroes.juntadeandalucia.es\/iesbulyana\/?p=6536","title":{"rendered":"V SEMANA DEL LIBRO Y DE LA LECTURA"},"content":{"rendered":"<p lang=\"en-US\" align=\"justify\"><span style=\"font-family: Times New Roman, serif\"><span style=\"font-size: small\">La V Semana del Libro y de la Lectura tendr\u00e1 lugar <b>desde el lunes 26 al viernes 30 de abril de 2021<\/b>.<\/span><\/span><\/p>\n<p lang=\"en-US\" align=\"justify\"><span style=\"font-family: Times New Roman, serif\"><span style=\"font-size: small\"> El tema sobre el que girar\u00e1 este curso es una de las obras teatrales de William Shakespeare: <i><b>ROMEO Y JULIETA<\/b><\/i>. Tanto el Departamento de Lengua castellana y Literatura como el Departamento de Ingl\u00e9s han elaborado un bloque de actividades que desarrollar\u00e1n en sus clases durante dicha semana. Igualmente, se ha invitado al resto de los Departamentos para que participen con las actividades que consideren oportunas. A este respecto, el Ciclo Formativo de Comercio, dirigido por la profesora do\u00f1a Cristina Mesa. est\u00e1 colaborando mediante la <b>decoraci\u00f3n del <\/b><i><b>hall <\/b><\/i><b>del centro con motivos medievales<\/b> para recrear el ambiente de la ciudad italiana en que se desarrolla el argumento de la obra elegida: Verona. <\/span><\/span><\/p>\n<p lang=\"en-US\" align=\"justify\"><span style=\"font-family: Times New Roman, serif\"><span style=\"font-size: small\"> Al igual que en ediciones anteriores, durante los recreos de esta semana se contar\u00e1 con el <b>mercadillo de libros<\/b>, que ser\u00e1 atendido por los diferentes miembros del \u00c1rea Ling\u00fc\u00edstica. Previamente, se ha consultado con el alumnado qu\u00e9 t\u00edtulos de las editoriales colaboradoras (SM y Anaya) resultan de su inter\u00e9s con el objetivo de que dispongamos de dichos t\u00edtulos. De su organizaci\u00f3n se encarga do\u00f1a Sara Pilar Mac\u00edas.<\/span><\/span><\/p>\n<p lang=\"en-US\" align=\"justify\"><span style=\"font-family: Times New Roman, serif\"><span style=\"font-size: small\"> Por otra parte, se organizar\u00e1 un <b>encuentro con el autor granadino Alejandro Pedregosa<\/b>. Con este fin, se propondr\u00e1 al alumnado de 3\u00ba y 4\u00ba de ESO la adquisici\u00f3n voluntaria del libro <i>0<\/i>, obra de este autor y cuya lectura ser\u00e1 la base del mencionado encuentro.<\/span><\/span><!--more--><\/p>\n<p lang=\"en-US\" align=\"justify\"><span style=\"color: #c9211e\"><span style=\"font-family: Times New Roman, serif\"><span style=\"font-size: small\"><b>Actividades previas<\/b><\/span><\/span><\/span><\/p>\n<p lang=\"en-US\" align=\"justify\"><span style=\"font-family: Times New Roman, serif\"><span style=\"font-size: small\"><b>Viernes 19 de marzo de 2021: Taller de Poes\u00eda<\/b>, a trav\u00e9s de videoconferencia y en colaboraci\u00f3n con la UGR, con el alumnado de 1\u00ba de ESO. Tuvo lugar en la hora de LD (10:00 a 11:00). <\/span><\/span><\/p>\n<p lang=\"en-US\" align=\"justify\"><span style=\"font-family: Times New Roman, serif\"><span style=\"font-size: small\"><b>Martes 6 de abril: Encuentro con el autor Juan G\u00f3mez-Jurado <\/b>en colaboraci\u00f3n con la UGR. Tuvo lugar con el horario de 12:30 a 13:30 horas. Previamente se habr\u00e1 llevado a cabo la lectura de su obra <i>Amanda Black<\/i> por parte de un grupo de alumnos, de todos los niveles educativos, que est\u00e1n participando en esta actividad desde inicio de curso.<\/span><\/span><\/p>\n<p lang=\"en-US\" align=\"justify\"><span style=\"font-family: Times New Roman, serif\"><span style=\"font-size: small\"><b>Desde el 5 de al 23 de abril: Concurso de cifras y letras<\/b>. Se elegir\u00e1 a cuatro alumnos\/as para representar a sus respectivos grupos con el objetivo de celebrar una final por niveles educativos durante la semana conmemorativa. Se rogar\u00e1 la colaboraci\u00f3n de todo el profesorado del centro. Don Antonio Moch\u00f3n organiza este certamen.<\/span><\/span><\/p>\n<p lang=\"en-US\" align=\"justify\"><span style=\"font-family: Times New Roman, serif\"><span style=\"font-size: small\"><b>Desde principios de abril hasta mayo: Certamen de relato literario del IES Bulyana<\/b>, organizado por<b> <\/b>don Agust\u00edn Galindo, coordinador de la Biblioteca del centro.<\/span><\/span><\/p>\n<p lang=\"en-US\" align=\"justify\"><span style=\"color: #c9211e\"><span style=\"font-family: Times New Roman, serif\"><span style=\"font-size: small\"><b>Semana del 26 al 30 abril: V Semana del Libro y de la Lectura<\/b><\/span><\/span><\/span><\/p>\n<p lang=\"en-US\" align=\"justify\"><span style=\"font-family: Times New Roman, serif\"><span style=\"font-size: small\"><b> Las actividades propuestas sobre el n\u00facleo tem\u00e1tico ser\u00e1n realizadas durante las horas docentes de los Departamentos que integran el \u00c1rea Ling\u00fc\u00edstica y el horario de recreo.<\/b><\/span><\/span><\/p>\n<p lang=\"en-US\" align=\"justify\"><span style=\"font-family: Times New Roman, serif\"><span style=\"font-size: small\"> Seg\u00fan consideraci\u00f3n del profesorado, se dedicar\u00e1n sesiones con los distintos grupos para conocer la obra <i><b>Romeo y Julieta<\/b><\/i> y la figura de su autor, <b>William Shakespeare.<\/b><\/span><\/span><\/p>\n<p lang=\"en-US\" align=\"justify\"><span style=\"font-family: Times New Roman, serif\"><span style=\"font-size: small\"> Con este fin, el Departamento de Lengua castellana y Literatura analizar\u00e1 la pel\u00edcula <i><b>Romeo + Julieta<\/b><\/i>, dirigida por Baz Luhrman en 1996. Por su parte, el Departamento de Ingl\u00e9s, analizar\u00e1 la pel\u00edcula <i><b>Shakespeare in Love<\/b><\/i>, dirigida por John Madden en 1998.<\/span><\/span><\/p>\n<p lang=\"en-US\" align=\"justify\"><span style=\"font-family: Times New Roman, serif\"><span style=\"font-size: small\"> Don Antonio Valero ha elaborado unas gu\u00edas did\u00e1cticas para el an\u00e1lisis de las pel\u00edculas que sirvan de ayuda al profesorado implicado.<\/span><\/span><\/p>\n<p lang=\"en-US\" align=\"justify\"><span style=\"font-family: Times New Roman, serif\"><span style=\"font-size: small\"> Igualmente, se dedicar\u00e1 en la clase de Lengua castellana y Literatura y de Ingl\u00e9s un tiempo a la lectura dramatizada de algunos fragmentos significativos de la obra <i><b>Romeo y Julieta<\/b><\/i>, siguiendo la consigna de un enfoque lo m\u00e1s l\u00fadico posible.<\/span><\/span><\/p>\n<p lang=\"en-US\" align=\"justify\"><span style=\"font-family: Times New Roman, serif\"><span style=\"font-size: small\"> Tambi\u00e9n, si se considera oportuno, se dedicar\u00e1 un tiempo de las clases de 1\u00ba y 2\u00ba de ESO a la elaboraci\u00f3n de materiales para el <i>Taller de poemas ilustrados. <\/i>Los mejores trabajos ser\u00e1n expuestos en un lugar visible del centro.<\/span><\/span><\/p>\n<p lang=\"en-US\" align=\"justify\"><span style=\"font-family: Times New Roman, serif\"><span style=\"font-size: small\"><b>Viernes 30 de abril: Final del concurso de cifras y letras <\/b>en la Casa de la Cultura de Pulianas. Horario por confirmar.<\/span><\/span><\/p>\n<p lang=\"en-US\" align=\"justify\"><span style=\"font-family: Times New Roman, serif\"><span style=\"font-size: small\"><b>Viernes 30 de abril: Encuentro con el autor Alejandro Pedregosa<\/b>, con el alumnado de 3\u00ba y 4\u00ba de ESO en la Casa de la Cultura de Pulianas y organizado por el profesor don Antonio Jes\u00fas Moch\u00f3n. Horario por confirmar.<\/span><\/span><\/p>\n","protected":false},"excerpt":{"rendered":"<p>La V Semana del Libro y de la Lectura tendr\u00e1 lugar desde el lunes 26 al viernes 30 de abril de 2021. El tema sobre el que girar\u00e1 este curso es una de las obras teatrales de William Shakespeare: ROMEO Y JULIETA. Tanto el Departamento de Lengua castellana y Literatura como el Departamento de Ingl\u00e9s &hellip; <\/p>\n<p><a class=\"more-link btn\" href=\"https:\/\/blogsaverroes.juntadeandalucia.es\/iesbulyana\/?p=6536\">Seguir leyendo<\/a><\/p>\n","protected":false},"author":10561,"featured_media":6435,"comment_status":"closed","ping_status":"closed","sticky":false,"template":"","format":"standard","meta":{"_exactmetrics_skip_tracking":false,"_exactmetrics_sitenote_active":false,"_exactmetrics_sitenote_note":"","_exactmetrics_sitenote_category":0,"ngg_post_thumbnail":0,"footnotes":""},"categories":[464129],"tags":[],"aioseo_notices":[],"_links":{"self":[{"href":"https:\/\/blogsaverroes.juntadeandalucia.es\/iesbulyana\/index.php?rest_route=\/wp\/v2\/posts\/6536"}],"collection":[{"href":"https:\/\/blogsaverroes.juntadeandalucia.es\/iesbulyana\/index.php?rest_route=\/wp\/v2\/posts"}],"about":[{"href":"https:\/\/blogsaverroes.juntadeandalucia.es\/iesbulyana\/index.php?rest_route=\/wp\/v2\/types\/post"}],"author":[{"embeddable":true,"href":"https:\/\/blogsaverroes.juntadeandalucia.es\/iesbulyana\/index.php?rest_route=\/wp\/v2\/users\/10561"}],"replies":[{"embeddable":true,"href":"https:\/\/blogsaverroes.juntadeandalucia.es\/iesbulyana\/index.php?rest_route=%2Fwp%2Fv2%2Fcomments&post=6536"}],"version-history":[{"count":2,"href":"https:\/\/blogsaverroes.juntadeandalucia.es\/iesbulyana\/index.php?rest_route=\/wp\/v2\/posts\/6536\/revisions"}],"predecessor-version":[{"id":6538,"href":"https:\/\/blogsaverroes.juntadeandalucia.es\/iesbulyana\/index.php?rest_route=\/wp\/v2\/posts\/6536\/revisions\/6538"}],"wp:featuredmedia":[{"embeddable":true,"href":"https:\/\/blogsaverroes.juntadeandalucia.es\/iesbulyana\/index.php?rest_route=\/wp\/v2\/media\/6435"}],"wp:attachment":[{"href":"https:\/\/blogsaverroes.juntadeandalucia.es\/iesbulyana\/index.php?rest_route=%2Fwp%2Fv2%2Fmedia&parent=6536"}],"wp:term":[{"taxonomy":"category","embeddable":true,"href":"https:\/\/blogsaverroes.juntadeandalucia.es\/iesbulyana\/index.php?rest_route=%2Fwp%2Fv2%2Fcategories&post=6536"},{"taxonomy":"post_tag","embeddable":true,"href":"https:\/\/blogsaverroes.juntadeandalucia.es\/iesbulyana\/index.php?rest_route=%2Fwp%2Fv2%2Ftags&post=6536"}],"curies":[{"name":"wp","href":"https:\/\/api.w.org\/{rel}","templated":true}]}}