{"id":7124,"date":"2022-06-15T10:02:33","date_gmt":"2022-06-15T08:02:33","guid":{"rendered":"https:\/\/blogsaverroes.juntadeandalucia.es\/iesbulyana\/?p=7124"},"modified":"2022-06-15T10:02:59","modified_gmt":"2022-06-15T08:02:59","slug":"plazo-para-solicitar-plaza-de-fp-para-el-proximo-curso","status":"publish","type":"post","link":"https:\/\/blogsaverroes.juntadeandalucia.es\/iesbulyana\/?p=7124","title":{"rendered":"Plazo para solicitar plaza de FP para el pr\u00f3ximo curso"},"content":{"rendered":"<div dir=\"auto\"><strong>Abierto desde el 15 al 30 de junio<\/strong> el plazo para solicitar plaza de FP para el pr\u00f3ximo curso<\/div>\n<div dir=\"auto\">&nbsp;<\/div>\n<div dir=\"auto\">La Consejer\u00eda de Educaci\u00f3n y Deporte ha ofertado un total de 158.219 plazas de nuevo ingreso de estas ense\u00f1anzas profesionales<\/div>\n<div dir=\"auto\">&nbsp;<\/div>\n<div dir=\"auto\">EDUCACI\u00d3N FP FORMACI\u00d3N PROFESIONAL FP DUAL PLAZAS PLAZO CURSO 2022 23<\/div>\n<div dir=\"auto\">La Consejer\u00eda de Educaci\u00f3n y Deporte abre desde este 15 de junio y hasta el pr\u00f3ximo d\u00eda 30, el plazo para el acceso a la oferta educativa de Formaci\u00f3n Profesional. La gesti\u00f3n de las solicitudes se realiza a trav\u00e9s de un distrito \u00fanico que permite asignar las plazas de forma centralizada atendiendo a las prioridades que los propios solicitantes se\u00f1alan en el impreso. El procedimiento puede realizarse \u00edntegramente a trav\u00e9s de Internet en la Secretar\u00eda virtual de la Consejer\u00eda y, por primera vez, lo podr\u00e1n hacer para los programas espec\u00edficos de FP B\u00e1sica, entre el 23 y el 30 de junio.<\/div>\n<div dir=\"auto\">&nbsp;<\/div>\n<div dir=\"auto\">La Consejer\u00eda ha ofertado para el curso 2022\/23 un total de 158.219 plazas de nuevo ingreso de Formaci\u00f3n Profesional. En el curso 2018\/19 fueron 119.079 puestos. Asimismo, se ha ampliado la oferta con 236 nuevos t\u00edtulos y cursos de especializaci\u00f3n. De este modo, la oferta de ense\u00f1anzas para el pr\u00f3ximo curso es de 3.419 ciclos formativos impartidos en sus distintas modalidades en centros de titularidad de la Junta.<\/div>\n<div dir=\"auto\">&nbsp;<\/div>\n<div dir=\"auto\">Respecto a la FP Dual, en la que el aprendizaje se realiza tanto en los centros docentes como en empresas cuya actividad est\u00e1 relacionada con el perfil profesional, para el pr\u00f3ximo curso se pondr\u00e1n en marcha un total de 772 proyectos, 112 m\u00e1s que en el curso actual y se ofertan un total de 14.359 plazas de esta modalidad, que cuenta con la implicaci\u00f3n de m\u00e1s de 8.500 empresas. En el curso 2018\/19 cursaron esta modalidad 6.475 alumnos.<\/div>\n<div dir=\"auto\">&nbsp;<\/div>\n<div dir=\"auto\">Asimismo, del 10 de junio hasta el 27 de junio permanece abierto el plazo de solicitudes para las personas adultas de la oferta modular de Formaci\u00f3n Profesional: presencial, semipresencial y a distancia. Estas ense\u00f1anzas tienen por finalidad la cualificaci\u00f3n y recualificaci\u00f3n de los mayores de 18 a\u00f1os. Una formaci\u00f3n permanente que facilita la integraci\u00f3n social e inclusi\u00f3n en el mercado de trabajo de personas adultas con especiales dificultades de inserci\u00f3n en \u00e1mbitos profesionales cada vez m\u00e1s complejos.<\/div>\n<div dir=\"auto\">&nbsp;<\/div>\n<div dir=\"auto\">En las solicitudes deben indicar los ciclos y centros a los que optan, ordenados seg\u00fan sus preferencias. Un proceso inform\u00e1tico barema las solicitudes, asignando autom\u00e1ticamente las plazas.<\/div>\n<div dir=\"auto\">&nbsp;<\/div>\n<div dir=\"auto\">A lo largo del mes de julio se realizan las adjudicaciones para cubrir las vacantes, tras las cuales los solicitantes deber\u00e1n formalizar su matr\u00edcula, o reservar plaza en espera a la siguiente adjudicaci\u00f3n por si hay opci\u00f3n de obtener una petici\u00f3n priorizada.<\/div>\n<div dir=\"auto\">&nbsp;<\/div>\n<div dir=\"auto\">El 28 de julio se publicar\u00e1 la oferta extraordinaria con las plazas que han quedado vacantes, y del 1 al 5 de septiembre se abre el plazo extraordinario para las personas que no obtuvieron plaza y no est\u00e1n matriculados, aunque s\u00ed est\u00e9n en alguna lista de espera, para que puedan ampliar sus opciones de conseguir plaza.<\/div>\n<div dir=\"auto\">&nbsp;<\/div>\n<div dir=\"auto\"><a href=\"https:\/\/www.juntadeandalucia.es\/educacion\/secretariavirtual\/\" target=\"_blank\" rel=\"noopener noreferrer\" data-saferedirecturl=\"https:\/\/www.google.com\/url?q=https:\/\/www.juntadeandalucia.es\/educacion\/secretariavirtual\/&amp;source=gmail&amp;ust=1655366353697000&amp;usg=AOvVaw14r_6gT1Kv7Jy6tnDhj0WC\">https:\/\/www.juntadeandalucia.es\/educacion\/secretariavirtual\/<\/a><\/div>\n","protected":false},"excerpt":{"rendered":"<p>Abierto desde el 15 al 30 de junio el plazo para solicitar plaza de FP para el pr\u00f3ximo curso &nbsp; La Consejer\u00eda de Educaci\u00f3n y Deporte ha ofertado un total de 158.219 plazas de nuevo ingreso de estas ense\u00f1anzas profesionales &nbsp; EDUCACI\u00d3N FP FORMACI\u00d3N PROFESIONAL FP DUAL PLAZAS PLAZO CURSO 2022 23 La Consejer\u00eda de &hellip; <\/p>\n<p><a class=\"more-link btn\" href=\"https:\/\/blogsaverroes.juntadeandalucia.es\/iesbulyana\/?p=7124\">Seguir leyendo<\/a><\/p>\n","protected":false},"author":10561,"featured_media":0,"comment_status":"closed","ping_status":"closed","sticky":false,"template":"","format":"standard","meta":{"_exactmetrics_skip_tracking":false,"_exactmetrics_sitenote_active":false,"_exactmetrics_sitenote_note":"","_exactmetrics_sitenote_category":0,"ngg_post_thumbnail":0,"footnotes":""},"categories":[526],"tags":[],"aioseo_notices":[],"_links":{"self":[{"href":"https:\/\/blogsaverroes.juntadeandalucia.es\/iesbulyana\/index.php?rest_route=\/wp\/v2\/posts\/7124"}],"collection":[{"href":"https:\/\/blogsaverroes.juntadeandalucia.es\/iesbulyana\/index.php?rest_route=\/wp\/v2\/posts"}],"about":[{"href":"https:\/\/blogsaverroes.juntadeandalucia.es\/iesbulyana\/index.php?rest_route=\/wp\/v2\/types\/post"}],"author":[{"embeddable":true,"href":"https:\/\/blogsaverroes.juntadeandalucia.es\/iesbulyana\/index.php?rest_route=\/wp\/v2\/users\/10561"}],"replies":[{"embeddable":true,"href":"https:\/\/blogsaverroes.juntadeandalucia.es\/iesbulyana\/index.php?rest_route=%2Fwp%2Fv2%2Fcomments&post=7124"}],"version-history":[{"count":1,"href":"https:\/\/blogsaverroes.juntadeandalucia.es\/iesbulyana\/index.php?rest_route=\/wp\/v2\/posts\/7124\/revisions"}],"predecessor-version":[{"id":7125,"href":"https:\/\/blogsaverroes.juntadeandalucia.es\/iesbulyana\/index.php?rest_route=\/wp\/v2\/posts\/7124\/revisions\/7125"}],"wp:attachment":[{"href":"https:\/\/blogsaverroes.juntadeandalucia.es\/iesbulyana\/index.php?rest_route=%2Fwp%2Fv2%2Fmedia&parent=7124"}],"wp:term":[{"taxonomy":"category","embeddable":true,"href":"https:\/\/blogsaverroes.juntadeandalucia.es\/iesbulyana\/index.php?rest_route=%2Fwp%2Fv2%2Fcategories&post=7124"},{"taxonomy":"post_tag","embeddable":true,"href":"https:\/\/blogsaverroes.juntadeandalucia.es\/iesbulyana\/index.php?rest_route=%2Fwp%2Fv2%2Ftags&post=7124"}],"curies":[{"name":"wp","href":"https:\/\/api.w.org\/{rel}","templated":true}]}}