{"id":7151,"date":"2022-10-27T08:41:38","date_gmt":"2022-10-27T06:41:38","guid":{"rendered":"https:\/\/blogsaverroes.juntadeandalucia.es\/iesbulyana\/?p=7151"},"modified":"2022-10-27T08:41:38","modified_gmt":"2022-10-27T06:41:38","slug":"convocatoria-para-el-curso-2022-2023-del-cheque-escolar-de-andalucia","status":"publish","type":"post","link":"https:\/\/blogsaverroes.juntadeandalucia.es\/iesbulyana\/?p=7151","title":{"rendered":"Convocatoria para el curso 2022\/2023 del cheque escolar de Andaluc\u00eda."},"content":{"rendered":"<p><strong>Convocatoria para el curso 2022\/2023 del cheque escolar de Andaluc\u00eda.<\/strong><\/p>\n<p><strong>Plazo de solicitud hasta 9 de noviembre.<\/strong><\/p>\n<p><strong>Objeto<\/strong>: El Cheque escolar de Andaluc\u00eda tiene como finalidad apoyar a las familias andaluzas a afrontar los gastos derivados del presente curso escolar, incluyendo entre los mismos los derivados de la adquisici\u00f3n del material escolar, uniformes, comedor, aula matinal, actividades extraescolares y otros de naturaleza an\u00e1loga, ante la situaci\u00f3n generada por los altos niveles de inflaci\u00f3n registrados en el presente a\u00f1o 2022.<\/p>\n<p><strong>Beneficiarios.<\/strong> Podr\u00e1 obtener la condici\u00f3n de persona beneficiaria del Cheque escolar de Andaluc\u00eda el alumnado que curse estudios en centros docentes radicados en la Comunidad Aut\u00f3noma de Andaluc\u00eda y que cumplan los siguientes requisitos:<\/p>\n<ol>\n<li>a) Estar matriculado\/a en las siguientes ense\u00f1anzas: Educaci\u00f3n Primaria Educaci\u00f3n Secundaria Obligatoria. Ciclos Formativos de Grado B\u00e1sico. Educaci\u00f3n B\u00e1sica Especial.<\/li>\n<li>b) Tener una renta y patrimonio familiar que no supere los umbrales establecidos en las bases reguladoras del Cheque escolar de Andaluc\u00eda.<\/li>\n<\/ol>\n<p><strong>Bases reguladoras <\/strong>recogidas en <em>Orden de 21 de octubre de 2022, por la que se efect\u00faa la convocatoria para el curso 2022\/2023 del cheque escolar de Andaluc\u00eda y se aprueban las bases reguladoras para su concesi\u00f3n<\/em>.<\/p>\n<p><a href=\"https:\/\/nam12.safelinks.protection.outlook.com\/?url=https%3A%2F%2Fwww.juntadeandalucia.es%2Feducacion%2Fsecretariavirtual%2FaccesoTramite%2F699%2F&amp;amp;data=05%7C01%7C%7Cde5cb402129744d39f1c08dab749443b%7C84df9e7fe9f640afb435aaaaaaaaaaaa%7C1%7C0%7C638023822549367976%7CUnknown%7CTWFpbGZsb3d8eyJWIjoiMC4wLjAwMDAiLCJQIjoiV2luMzIiLCJBTiI6Ik1haWwiLCJXVCI6Mn0%3D%7C3000%7C%7C%7C&amp;amp;sdata=8KUckYapojhOKlhhb%2BxMk23wEaqWEeQc98by2dY4F%2FQ%3D&amp;amp;reserved=0\">Enlace directo al tr\u00e1mite<\/a><\/p>\n","protected":false},"excerpt":{"rendered":"<p>Convocatoria para el curso 2022\/2023 del cheque escolar de Andaluc\u00eda. Plazo de solicitud hasta 9 de noviembre. Objeto: El Cheque escolar de Andaluc\u00eda tiene como finalidad apoyar a las familias andaluzas a afrontar los gastos derivados del presente curso escolar, incluyendo entre los mismos los derivados de la adquisici\u00f3n del material escolar, uniformes, comedor, aula &hellip; <\/p>\n<p><a class=\"more-link btn\" href=\"https:\/\/blogsaverroes.juntadeandalucia.es\/iesbulyana\/?p=7151\">Seguir leyendo<\/a><\/p>\n","protected":false},"author":15719,"featured_media":0,"comment_status":"closed","ping_status":"closed","sticky":false,"template":"","format":"standard","meta":{"_exactmetrics_skip_tracking":false,"_exactmetrics_sitenote_active":false,"_exactmetrics_sitenote_note":"","_exactmetrics_sitenote_category":0,"ngg_post_thumbnail":0,"footnotes":""},"categories":[11909],"tags":[],"aioseo_notices":[],"_links":{"self":[{"href":"https:\/\/blogsaverroes.juntadeandalucia.es\/iesbulyana\/index.php?rest_route=\/wp\/v2\/posts\/7151"}],"collection":[{"href":"https:\/\/blogsaverroes.juntadeandalucia.es\/iesbulyana\/index.php?rest_route=\/wp\/v2\/posts"}],"about":[{"href":"https:\/\/blogsaverroes.juntadeandalucia.es\/iesbulyana\/index.php?rest_route=\/wp\/v2\/types\/post"}],"author":[{"embeddable":true,"href":"https:\/\/blogsaverroes.juntadeandalucia.es\/iesbulyana\/index.php?rest_route=\/wp\/v2\/users\/15719"}],"replies":[{"embeddable":true,"href":"https:\/\/blogsaverroes.juntadeandalucia.es\/iesbulyana\/index.php?rest_route=%2Fwp%2Fv2%2Fcomments&post=7151"}],"version-history":[{"count":1,"href":"https:\/\/blogsaverroes.juntadeandalucia.es\/iesbulyana\/index.php?rest_route=\/wp\/v2\/posts\/7151\/revisions"}],"predecessor-version":[{"id":7152,"href":"https:\/\/blogsaverroes.juntadeandalucia.es\/iesbulyana\/index.php?rest_route=\/wp\/v2\/posts\/7151\/revisions\/7152"}],"wp:attachment":[{"href":"https:\/\/blogsaverroes.juntadeandalucia.es\/iesbulyana\/index.php?rest_route=%2Fwp%2Fv2%2Fmedia&parent=7151"}],"wp:term":[{"taxonomy":"category","embeddable":true,"href":"https:\/\/blogsaverroes.juntadeandalucia.es\/iesbulyana\/index.php?rest_route=%2Fwp%2Fv2%2Fcategories&post=7151"},{"taxonomy":"post_tag","embeddable":true,"href":"https:\/\/blogsaverroes.juntadeandalucia.es\/iesbulyana\/index.php?rest_route=%2Fwp%2Fv2%2Ftags&post=7151"}],"curies":[{"name":"wp","href":"https:\/\/api.w.org\/{rel}","templated":true}]}}